{"id":73605,"date":"2026-09-04T19:43:25","date_gmt":"2026-09-04T17:43:25","guid":{"rendered":"https:\/\/dominicasanunciata.org\/?p=73605"},"modified":"2026-09-04T19:54:35","modified_gmt":"2026-09-04T17:54:35","slug":"25-anos-de-vida-consagrada-celebrados-em-lezignan-corbieres","status":"publish","type":"post","link":"https:\/\/dominicasanunciata.org\/pt-br\/25-anos-de-vida-consagrada-celebrados-em-lezignan-corbieres\/","title":{"rendered":"25 anos de vida consagrada celebrados em L\u00e9zignan-Corbi\u00e8res"},"content":{"rendered":"\n<p class=\"wp-block-paragraph\">A comunidade de <strong>L\u00e9zignan-Corbi\u00e8res, Fran\u00e7a<\/strong>, viveu com alegria e gratid\u00e3o a celebra\u00e7\u00e3o dos <strong>25 anos de profiss\u00e3o religiosa da Irm\u00e3 Veneranda Nyirahatangiman<\/strong>. Foi um dia marcado pela a\u00e7\u00e3o de gra\u00e7as a Deus pelo dom da sua voca\u00e7\u00e3o e por tantos anos de dedica\u00e7\u00e3o ao servi\u00e7o de Deus, da Igreja e da miss\u00e3o da Congrega\u00e7\u00e3o.<\/p>\n\n\n\n<p class=\"wp-block-paragraph\">A celebra\u00e7\u00e3o eucar\u00edstica de a\u00e7\u00e3o de gra\u00e7as foi presidida por <strong>Dom Bruno Valentin, Bispo de Narbonne e Carcassonne<\/strong>, acompanhado por v\u00e1rios sacerdotes, entre eles o p\u00e1roco e o vig\u00e1rio da Par\u00f3quia Saint-R\u00e9gis. A presen\u00e7a do bispo e dos sacerdotes expressou de modo especial a comunh\u00e3o da Igreja e o acompanhamento da vida consagrada.<\/p>\n\n\n\n<p class=\"wp-block-paragraph\">A comunidade de L\u00e9zignan-Corbi\u00e8res \u00e9 uma das casas que dependem diretamente da <strong>Priora Geral<\/strong>. Por este motivo, <strong>Irm\u00e3 Ana Bel\u00e9n Ver\u00edsimo Garc\u00eda, Priora Geral<\/strong>, juntamente com algumas Conselheiras Gerais, quis estar presente nesta celebra\u00e7\u00e3o como express\u00e3o de a\u00e7\u00e3o de gra\u00e7as a Deus pela voca\u00e7\u00e3o da Irm\u00e3 Veneranda e como sinal de comunh\u00e3o e fraternidade.<\/p>\n\n\n\n<p class=\"wp-block-paragraph\">A celebra\u00e7\u00e3o contou tamb\u00e9m com a presen\u00e7a das senhoras idosas da casa, que as irm\u00e3s acompanham e cuidam, bem como dos seus familiares, membros da par\u00f3quia, benfeitores, amigos da Irm\u00e3 Veneranda e da comunidade. Todos quiseram unir-se a este momento t\u00e3o significativo, fazendo da celebra\u00e7\u00e3o uma verdadeira express\u00e3o de fam\u00edlia, proximidade e fraternidade.<\/p>\n\n\n\n<p class=\"wp-block-paragraph\">Durante uma <strong>solene celebra\u00e7\u00e3o eucar\u00edstica<\/strong>, a Irm\u00e3 Veneranda renovou a sua consagra\u00e7\u00e3o a Deus como <strong>Dominicana da Anunciata<\/strong>, reafirmando com alegria e confian\u00e7a o \u201csim\u201d pronunciado h\u00e1 25 anos.<\/p>\n\n\n\n<p class=\"wp-block-paragraph\">Antes de concluir a Eucaristia, a Irm\u00e3 Veneranda dirigiu palavras de agradecimento a todas as pessoas que foram significativas na sua vida e no seu caminho vocacional.<\/p>\n\n\n\n<p class=\"wp-block-paragraph\">A Irm\u00e3 Ana Bel\u00e9n tamb\u00e9m expressou a sua gratid\u00e3o a todas as pessoas que quiseram acompanhar a Irm\u00e3 Veneranda nesta celebra\u00e7\u00e3o. De modo especial, agradeceu ao povo de <strong>L\u00e9zignan-Corbi\u00e8res<\/strong> pelo acolhimento, acompanhamento e apoio que oferece \u00e0 comunidade das irm\u00e3s no desenvolvimento da sua miss\u00e3o.<\/p>\n\n\n\n<p class=\"wp-block-paragraph\">Depois da solene celebra\u00e7\u00e3o eucar\u00edstica, todos se dirigiram \u00e0 sala paroquial, onde partilharam uma refei\u00e7\u00e3o simples preparada com carinho. Num ambiente alegre e fraterno, continuaram a celebrar e a dar gra\u00e7as pela voca\u00e7\u00e3o da Irm\u00e3 Veneranda e pelo caminho partilhado durante estes 25 anos.<\/p>\n\n\n\n<p class=\"wp-block-paragraph\">A celebra\u00e7\u00e3o deste anivers\u00e1rio foi, antes de tudo, uma oportunidade para <strong>dar gra\u00e7as a Deus pelo dom da voca\u00e7\u00e3o consagrada<\/strong>, pela fidelidade que a sustenta cada dia e por todas as pessoas que fazem parte do caminho das irm\u00e3s.<\/p>\n\n\n\n<p class=\"wp-block-paragraph\">Damos gra\u00e7as a Deus pela voca\u00e7\u00e3o da Irm\u00e3 Veneranda e pedimos-Lhe que a <strong>conserve sempre fiel ao seu chamado<\/strong>, renovando cada dia a sua entrega ao Senhor e \u00e0 miss\u00e3o da Anunciata.<\/p>\n\n\n\n<p class=\"wp-block-paragraph\"><strong>Parab\u00e9ns, Irm\u00e3 Veneranda, por estes 25 anos de entrega, fidelidade e servi\u00e7o!<\/strong><\/p>\n\n\n\n<figure class=\"wp-block-image size-large\"><img loading=\"lazy\" decoding=\"async\" width=\"1024\" height=\"472\" src=\"https:\/\/dominicasanunciata.org\/wp-content\/uploads\/2026\/09\/WhatsApp-Image-2026-09-04-at-16.03.58-1024x472.jpeg\" alt=\"\" class=\"wp-image-73596\" srcset=\"https:\/\/dominicasanunciata.org\/wp-content\/uploads\/2026\/09\/WhatsApp-Image-2026-09-04-at-16.03.58-1024x472.jpeg 1024w, https:\/\/dominicasanunciata.org\/wp-content\/uploads\/2026\/09\/WhatsApp-Image-2026-09-04-at-16.03.58-300x138.jpeg 300w, https:\/\/dominicasanunciata.org\/wp-content\/uploads\/2026\/09\/WhatsApp-Image-2026-09-04-at-16.03.58-768x354.jpeg 768w, https:\/\/dominicasanunciata.org\/wp-content\/uploads\/2026\/09\/WhatsApp-Image-2026-09-04-at-16.03.58-1536x708.jpeg 1536w, https:\/\/dominicasanunciata.org\/wp-content\/uploads\/2026\/09\/WhatsApp-Image-2026-09-04-at-16.03.58.jpeg 2000w\" sizes=\"auto, (max-width: 1024px) 100vw, 1024px\" \/><\/figure>\n\n\n\n<figure class=\"wp-block-image size-full\"><img loading=\"lazy\" decoding=\"async\" width=\"2000\" height=\"922\" src=\"https:\/\/dominicasanunciata.org\/wp-content\/uploads\/2026\/09\/WhatsApp-Image-2026-09-04-at-16.03.43-1.jpeg\" alt=\"\" class=\"wp-image-73571\"\/><\/figure>\n\n\n\n<figure class=\"wp-block-image size-full\"><img loading=\"lazy\" decoding=\"async\" width=\"2000\" height=\"922\" src=\"https:\/\/dominicasanunciata.org\/wp-content\/uploads\/2026\/09\/WhatsApp-Image-2026-09-04-at-16.02.55.jpeg\" alt=\"\" class=\"wp-image-73561\"\/><\/figure>\n\n\n\n<figure class=\"wp-block-image size-full\"><img loading=\"lazy\" decoding=\"async\" width=\"2000\" height=\"922\" src=\"https:\/\/dominicasanunciata.org\/wp-content\/uploads\/2026\/09\/WhatsApp-Image-2026-09-04-at-16.02.47.jpeg\" alt=\"\" class=\"wp-image-73556\"\/><\/figure>\n\n\n\n<figure class=\"wp-block-image size-full\"><img loading=\"lazy\" decoding=\"async\" width=\"2000\" height=\"922\" src=\"https:\/\/dominicasanunciata.org\/wp-content\/uploads\/2026\/09\/WhatsApp-Image-2026-09-04-at-16.02.46.jpeg\" alt=\"\" class=\"wp-image-73551\"\/><\/figure>\n\n\n\n<figure class=\"wp-block-image size-full\"><img loading=\"lazy\" decoding=\"async\" width=\"2000\" height=\"922\" src=\"https:\/\/dominicasanunciata.org\/wp-content\/uploads\/2026\/09\/WhatsApp-Image-2026-09-04-at-16.02.56.jpeg\" alt=\"\" class=\"wp-image-73566\"\/><\/figure>\n\n\n\n<figure class=\"wp-block-image size-full\"><img loading=\"lazy\" decoding=\"async\" width=\"2000\" height=\"922\" src=\"https:\/\/dominicasanunciata.org\/wp-content\/uploads\/2026\/09\/WhatsApp-Image-2026-09-04-at-16.03.56.jpeg\" alt=\"\" class=\"wp-image-73576\"\/><\/figure>\n\n\n\n<figure class=\"wp-block-image size-full\"><img loading=\"lazy\" decoding=\"async\" width=\"2000\" height=\"922\" src=\"https:\/\/dominicasanunciata.org\/wp-content\/uploads\/2026\/09\/WhatsApp-Image-2026-09-04-at-16.04.02.jpeg\" alt=\"\" class=\"wp-image-73586\"\/><\/figure>\n\n\n\n<figure class=\"wp-block-image size-full\"><img loading=\"lazy\" decoding=\"async\" width=\"2000\" height=\"922\" src=\"https:\/\/dominicasanunciata.org\/wp-content\/uploads\/2026\/09\/WhatsApp-Image-2026-09-04-at-16.04.00.jpeg\" alt=\"\" class=\"wp-image-73581\"\/><\/figure>\n\n\n\n<figure class=\"wp-block-image size-full\"><img loading=\"lazy\" decoding=\"async\" width=\"2000\" height=\"922\" src=\"https:\/\/dominicasanunciata.org\/wp-content\/uploads\/2026\/09\/WhatsApp-Image-2026-09-04-at-16.04.02-1.jpeg\" alt=\"\" class=\"wp-image-73591\"\/><\/figure>\n","protected":false},"excerpt":{"rendered":"<p>A comunidade de L\u00e9zignan-Corbi\u00e8res, Fran\u00e7a, viveu com alegria e gratid\u00e3o a celebra\u00e7\u00e3o dos 25 anos de profiss\u00e3o religiosa da Irm\u00e3 Veneranda Nyirahatangiman. Foi um dia marcado pela a\u00e7\u00e3o de gra\u00e7as a Deus pelo dom da sua voca\u00e7\u00e3o e por tantos anos de dedica\u00e7\u00e3o ao servi\u00e7o de Deus, da Igreja e da miss\u00e3o da Congrega\u00e7\u00e3o. A &hellip; <a href=\"https:\/\/dominicasanunciata.org\/pt-br\/25-anos-de-vida-consagrada-celebrados-em-lezignan-corbieres\/\" class=\"more-link\">Continue reading <span class=\"screen-reader-text\">25 anos de vida consagrada celebrados em L\u00e9zignan-Corbi\u00e8res<\/span> <span class=\"meta-nav\">&rarr;<\/span><\/a><\/p>\n","protected":false},"author":7,"featured_media":73596,"comment_status":"open","ping_status":"closed","sticky":false,"template":"","format":"standard","meta":{"footnotes":""},"categories":[33],"tags":[],"class_list":["post-73605","post","type-post","status-publish","format-standard","has-post-thumbnail","hentry","category-news-pt-br"],"yoast_head":"<!-- This site is optimized with the Yoast SEO plugin v28.3 - https:\/\/yoast.com\/product\/yoast-seo-wordpress\/ -->\n<title>25 anos de vida consagrada celebrados em L\u00e9zignan-Corbi\u00e8res - Dominicas de la Anunciata<\/title>\n<meta name=\"robots\" content=\"index, follow, max-snippet:-1, max-image-preview:large, max-video-preview:-1\" \/>\n<link rel=\"canonical\" href=\"https:\/\/dominicasanunciata.org\/pt-br\/25-anos-de-vida-consagrada-celebrados-em-lezignan-corbieres\/\" \/>\n<meta property=\"og:locale\" content=\"pt_BR\" \/>\n<meta property=\"og:type\" content=\"article\" \/>\n<meta property=\"og:title\" content=\"25 anos de vida consagrada celebrados em L\u00e9zignan-Corbi\u00e8res - Dominicas de la Anunciata\" \/>\n<meta property=\"og:description\" content=\"A comunidade de L\u00e9zignan-Corbi\u00e8res, Fran\u00e7a, viveu com alegria e gratid\u00e3o a celebra\u00e7\u00e3o dos 25 anos de profiss\u00e3o religiosa da Irm\u00e3 Veneranda Nyirahatangiman. Foi um dia marcado pela a\u00e7\u00e3o de gra\u00e7as a Deus pelo dom da sua voca\u00e7\u00e3o e por tantos anos de dedica\u00e7\u00e3o ao servi\u00e7o de Deus, da Igreja e da miss\u00e3o da Congrega\u00e7\u00e3o. A &hellip; Continue reading 25 anos de vida consagrada celebrados em L\u00e9zignan-Corbi\u00e8res &rarr;\" \/>\n<meta property=\"og:url\" content=\"https:\/\/dominicasanunciata.org\/pt-br\/25-anos-de-vida-consagrada-celebrados-em-lezignan-corbieres\/\" \/>\n<meta property=\"og:site_name\" content=\"Dominicas de la Anunciata\" \/>\n<meta property=\"article:published_time\" content=\"2026-09-04T17:43:25+00:00\" \/>\n<meta property=\"article:modified_time\" content=\"2026-09-04T17:54:35+00:00\" \/>\n<meta property=\"og:image\" content=\"https:\/\/dominicasanunciata.org\/wp-content\/uploads\/2026\/09\/WhatsApp-Image-2026-09-04-at-16.03.58.jpeg\" \/>\n\t<meta property=\"og:image:width\" content=\"2000\" \/>\n\t<meta property=\"og:image:height\" content=\"922\" \/>\n\t<meta property=\"og:image:type\" content=\"image\/jpeg\" \/>\n<meta name=\"author\" content=\"glecy\" \/>\n<meta name=\"twitter:card\" content=\"summary_large_image\" \/>\n<meta name=\"twitter:label1\" content=\"Escrito por\" \/>\n\t<meta name=\"twitter:data1\" content=\"glecy\" \/>\n\t<meta name=\"twitter:label2\" content=\"Est. tempo de leitura\" \/>\n\t<meta name=\"twitter:data2\" content=\"5 minutos\" \/>\n<script type=\"application\/ld+json\" class=\"yoast-schema-graph\">{\"@context\":\"https:\\\/\\\/schema.org\",\"@graph\":[{\"@type\":\"Article\",\"@id\":\"https:\\\/\\\/dominicasanunciata.org\\\/pt-br\\\/25-anos-de-vida-consagrada-celebrados-em-lezignan-corbieres\\\/#article\",\"isPartOf\":{\"@id\":\"https:\\\/\\\/dominicasanunciata.org\\\/pt-br\\\/25-anos-de-vida-consagrada-celebrados-em-lezignan-corbieres\\\/\"},\"author\":{\"name\":\"glecy\",\"@id\":\"https:\\\/\\\/dominicasanunciata.org\\\/#\\\/schema\\\/person\\\/06415c634679ba29db3c825f669e7596\"},\"headline\":\"25 anos de vida consagrada celebrados em L\u00e9zignan-Corbi\u00e8res\",\"datePublished\":\"2026-09-04T17:43:25+00:00\",\"dateModified\":\"2026-09-04T17:54:35+00:00\",\"mainEntityOfPage\":{\"@id\":\"https:\\\/\\\/dominicasanunciata.org\\\/pt-br\\\/25-anos-de-vida-consagrada-celebrados-em-lezignan-corbieres\\\/\"},\"wordCount\":514,\"commentCount\":0,\"image\":{\"@id\":\"https:\\\/\\\/dominicasanunciata.org\\\/pt-br\\\/25-anos-de-vida-consagrada-celebrados-em-lezignan-corbieres\\\/#primaryimage\"},\"thumbnailUrl\":\"https:\\\/\\\/dominicasanunciata.org\\\/wp-content\\\/uploads\\\/2026\\\/09\\\/WhatsApp-Image-2026-09-04-at-16.03.58.jpeg\",\"articleSection\":[\"News\"],\"inLanguage\":\"pt-BR\",\"potentialAction\":[{\"@type\":\"CommentAction\",\"name\":\"Comment\",\"target\":[\"https:\\\/\\\/dominicasanunciata.org\\\/pt-br\\\/25-anos-de-vida-consagrada-celebrados-em-lezignan-corbieres\\\/#respond\"]}]},{\"@type\":\"WebPage\",\"@id\":\"https:\\\/\\\/dominicasanunciata.org\\\/pt-br\\\/25-anos-de-vida-consagrada-celebrados-em-lezignan-corbieres\\\/\",\"url\":\"https:\\\/\\\/dominicasanunciata.org\\\/pt-br\\\/25-anos-de-vida-consagrada-celebrados-em-lezignan-corbieres\\\/\",\"name\":\"25 anos de vida consagrada celebrados em L\u00e9zignan-Corbi\u00e8res - Dominicas de la Anunciata\",\"isPartOf\":{\"@id\":\"https:\\\/\\\/dominicasanunciata.org\\\/#website\"},\"primaryImageOfPage\":{\"@id\":\"https:\\\/\\\/dominicasanunciata.org\\\/pt-br\\\/25-anos-de-vida-consagrada-celebrados-em-lezignan-corbieres\\\/#primaryimage\"},\"image\":{\"@id\":\"https:\\\/\\\/dominicasanunciata.org\\\/pt-br\\\/25-anos-de-vida-consagrada-celebrados-em-lezignan-corbieres\\\/#primaryimage\"},\"thumbnailUrl\":\"https:\\\/\\\/dominicasanunciata.org\\\/wp-content\\\/uploads\\\/2026\\\/09\\\/WhatsApp-Image-2026-09-04-at-16.03.58.jpeg\",\"datePublished\":\"2026-09-04T17:43:25+00:00\",\"dateModified\":\"2026-09-04T17:54:35+00:00\",\"author\":{\"@id\":\"https:\\\/\\\/dominicasanunciata.org\\\/#\\\/schema\\\/person\\\/06415c634679ba29db3c825f669e7596\"},\"breadcrumb\":{\"@id\":\"https:\\\/\\\/dominicasanunciata.org\\\/pt-br\\\/25-anos-de-vida-consagrada-celebrados-em-lezignan-corbieres\\\/#breadcrumb\"},\"inLanguage\":\"pt-BR\",\"potentialAction\":[{\"@type\":\"ReadAction\",\"target\":[\"https:\\\/\\\/dominicasanunciata.org\\\/pt-br\\\/25-anos-de-vida-consagrada-celebrados-em-lezignan-corbieres\\\/\"]}]},{\"@type\":\"ImageObject\",\"inLanguage\":\"pt-BR\",\"@id\":\"https:\\\/\\\/dominicasanunciata.org\\\/pt-br\\\/25-anos-de-vida-consagrada-celebrados-em-lezignan-corbieres\\\/#primaryimage\",\"url\":\"https:\\\/\\\/dominicasanunciata.org\\\/wp-content\\\/uploads\\\/2026\\\/09\\\/WhatsApp-Image-2026-09-04-at-16.03.58.jpeg\",\"contentUrl\":\"https:\\\/\\\/dominicasanunciata.org\\\/wp-content\\\/uploads\\\/2026\\\/09\\\/WhatsApp-Image-2026-09-04-at-16.03.58.jpeg\",\"width\":2000,\"height\":922},{\"@type\":\"BreadcrumbList\",\"@id\":\"https:\\\/\\\/dominicasanunciata.org\\\/pt-br\\\/25-anos-de-vida-consagrada-celebrados-em-lezignan-corbieres\\\/#breadcrumb\",\"itemListElement\":[{\"@type\":\"ListItem\",\"position\":1,\"name\":\"Portada\",\"item\":\"https:\\\/\\\/dominicasanunciata.org\\\/\"},{\"@type\":\"ListItem\",\"position\":2,\"name\":\"25 anos de vida consagrada celebrados em L\u00e9zignan-Corbi\u00e8res\"}]},{\"@type\":\"WebSite\",\"@id\":\"https:\\\/\\\/dominicasanunciata.org\\\/#website\",\"url\":\"https:\\\/\\\/dominicasanunciata.org\\\/\",\"name\":\"Dominicas de la Anunciata\",\"description\":\"Dominicas de la Anunciata\",\"potentialAction\":[{\"@type\":\"SearchAction\",\"target\":{\"@type\":\"EntryPoint\",\"urlTemplate\":\"https:\\\/\\\/dominicasanunciata.org\\\/?s={search_term_string}\"},\"query-input\":{\"@type\":\"PropertyValueSpecification\",\"valueRequired\":true,\"valueName\":\"search_term_string\"}}],\"inLanguage\":\"pt-BR\"},{\"@type\":\"Person\",\"@id\":\"https:\\\/\\\/dominicasanunciata.org\\\/#\\\/schema\\\/person\\\/06415c634679ba29db3c825f669e7596\",\"name\":\"glecy\",\"image\":{\"@type\":\"ImageObject\",\"inLanguage\":\"pt-BR\",\"@id\":\"https:\\\/\\\/secure.gravatar.com\\\/avatar\\\/e488e7ceada4edbd029a1f8c9b1a3018a6d9519486d1af49ad228f33f9ec5d69?s=96&d=mm&r=g\",\"url\":\"https:\\\/\\\/secure.gravatar.com\\\/avatar\\\/e488e7ceada4edbd029a1f8c9b1a3018a6d9519486d1af49ad228f33f9ec5d69?s=96&d=mm&r=g\",\"contentUrl\":\"https:\\\/\\\/secure.gravatar.com\\\/avatar\\\/e488e7ceada4edbd029a1f8c9b1a3018a6d9519486d1af49ad228f33f9ec5d69?s=96&d=mm&r=g\",\"caption\":\"glecy\"},\"url\":\"https:\\\/\\\/dominicasanunciata.org\\\/pt-br\\\/author\\\/glecy\\\/\"}]}<\/script>\n<!-- \/ Yoast SEO plugin. -->","yoast_head_json":{"title":"25 anos de vida consagrada celebrados em L\u00e9zignan-Corbi\u00e8res - Dominicas de la Anunciata","robots":{"index":"index","follow":"follow","max-snippet":"max-snippet:-1","max-image-preview":"max-image-preview:large","max-video-preview":"max-video-preview:-1"},"canonical":"https:\/\/dominicasanunciata.org\/pt-br\/25-anos-de-vida-consagrada-celebrados-em-lezignan-corbieres\/","og_locale":"pt_BR","og_type":"article","og_title":"25 anos de vida consagrada celebrados em L\u00e9zignan-Corbi\u00e8res - Dominicas de la Anunciata","og_description":"A comunidade de L\u00e9zignan-Corbi\u00e8res, Fran\u00e7a, viveu com alegria e gratid\u00e3o a celebra\u00e7\u00e3o dos 25 anos de profiss\u00e3o religiosa da Irm\u00e3 Veneranda Nyirahatangiman. Foi um dia marcado pela a\u00e7\u00e3o de gra\u00e7as a Deus pelo dom da sua voca\u00e7\u00e3o e por tantos anos de dedica\u00e7\u00e3o ao servi\u00e7o de Deus, da Igreja e da miss\u00e3o da Congrega\u00e7\u00e3o. A &hellip; Continue reading 25 anos de vida consagrada celebrados em L\u00e9zignan-Corbi\u00e8res &rarr;","og_url":"https:\/\/dominicasanunciata.org\/pt-br\/25-anos-de-vida-consagrada-celebrados-em-lezignan-corbieres\/","og_site_name":"Dominicas de la Anunciata","article_published_time":"2026-09-04T17:43:25+00:00","article_modified_time":"2026-09-04T17:54:35+00:00","og_image":[{"width":2000,"height":922,"url":"https:\/\/dominicasanunciata.org\/wp-content\/uploads\/2026\/09\/WhatsApp-Image-2026-09-04-at-16.03.58.jpeg","type":"image\/jpeg"}],"author":"glecy","twitter_card":"summary_large_image","twitter_misc":{"Escrito por":"glecy","Est. tempo de leitura":"5 minutos"},"schema":{"@context":"https:\/\/schema.org","@graph":[{"@type":"Article","@id":"https:\/\/dominicasanunciata.org\/pt-br\/25-anos-de-vida-consagrada-celebrados-em-lezignan-corbieres\/#article","isPartOf":{"@id":"https:\/\/dominicasanunciata.org\/pt-br\/25-anos-de-vida-consagrada-celebrados-em-lezignan-corbieres\/"},"author":{"name":"glecy","@id":"https:\/\/dominicasanunciata.org\/#\/schema\/person\/06415c634679ba29db3c825f669e7596"},"headline":"25 anos de vida consagrada celebrados em L\u00e9zignan-Corbi\u00e8res","datePublished":"2026-09-04T17:43:25+00:00","dateModified":"2026-09-04T17:54:35+00:00","mainEntityOfPage":{"@id":"https:\/\/dominicasanunciata.org\/pt-br\/25-anos-de-vida-consagrada-celebrados-em-lezignan-corbieres\/"},"wordCount":514,"commentCount":0,"image":{"@id":"https:\/\/dominicasanunciata.org\/pt-br\/25-anos-de-vida-consagrada-celebrados-em-lezignan-corbieres\/#primaryimage"},"thumbnailUrl":"https:\/\/dominicasanunciata.org\/wp-content\/uploads\/2026\/09\/WhatsApp-Image-2026-09-04-at-16.03.58.jpeg","articleSection":["News"],"inLanguage":"pt-BR","potentialAction":[{"@type":"CommentAction","name":"Comment","target":["https:\/\/dominicasanunciata.org\/pt-br\/25-anos-de-vida-consagrada-celebrados-em-lezignan-corbieres\/#respond"]}]},{"@type":"WebPage","@id":"https:\/\/dominicasanunciata.org\/pt-br\/25-anos-de-vida-consagrada-celebrados-em-lezignan-corbieres\/","url":"https:\/\/dominicasanunciata.org\/pt-br\/25-anos-de-vida-consagrada-celebrados-em-lezignan-corbieres\/","name":"25 anos de vida consagrada celebrados em L\u00e9zignan-Corbi\u00e8res - Dominicas de la Anunciata","isPartOf":{"@id":"https:\/\/dominicasanunciata.org\/#website"},"primaryImageOfPage":{"@id":"https:\/\/dominicasanunciata.org\/pt-br\/25-anos-de-vida-consagrada-celebrados-em-lezignan-corbieres\/#primaryimage"},"image":{"@id":"https:\/\/dominicasanunciata.org\/pt-br\/25-anos-de-vida-consagrada-celebrados-em-lezignan-corbieres\/#primaryimage"},"thumbnailUrl":"https:\/\/dominicasanunciata.org\/wp-content\/uploads\/2026\/09\/WhatsApp-Image-2026-09-04-at-16.03.58.jpeg","datePublished":"2026-09-04T17:43:25+00:00","dateModified":"2026-09-04T17:54:35+00:00","author":{"@id":"https:\/\/dominicasanunciata.org\/#\/schema\/person\/06415c634679ba29db3c825f669e7596"},"breadcrumb":{"@id":"https:\/\/dominicasanunciata.org\/pt-br\/25-anos-de-vida-consagrada-celebrados-em-lezignan-corbieres\/#breadcrumb"},"inLanguage":"pt-BR","potentialAction":[{"@type":"ReadAction","target":["https:\/\/dominicasanunciata.org\/pt-br\/25-anos-de-vida-consagrada-celebrados-em-lezignan-corbieres\/"]}]},{"@type":"ImageObject","inLanguage":"pt-BR","@id":"https:\/\/dominicasanunciata.org\/pt-br\/25-anos-de-vida-consagrada-celebrados-em-lezignan-corbieres\/#primaryimage","url":"https:\/\/dominicasanunciata.org\/wp-content\/uploads\/2026\/09\/WhatsApp-Image-2026-09-04-at-16.03.58.jpeg","contentUrl":"https:\/\/dominicasanunciata.org\/wp-content\/uploads\/2026\/09\/WhatsApp-Image-2026-09-04-at-16.03.58.jpeg","width":2000,"height":922},{"@type":"BreadcrumbList","@id":"https:\/\/dominicasanunciata.org\/pt-br\/25-anos-de-vida-consagrada-celebrados-em-lezignan-corbieres\/#breadcrumb","itemListElement":[{"@type":"ListItem","position":1,"name":"Portada","item":"https:\/\/dominicasanunciata.org\/"},{"@type":"ListItem","position":2,"name":"25 anos de vida consagrada celebrados em L\u00e9zignan-Corbi\u00e8res"}]},{"@type":"WebSite","@id":"https:\/\/dominicasanunciata.org\/#website","url":"https:\/\/dominicasanunciata.org\/","name":"Dominicas de la Anunciata","description":"Dominicas de la Anunciata","potentialAction":[{"@type":"SearchAction","target":{"@type":"EntryPoint","urlTemplate":"https:\/\/dominicasanunciata.org\/?s={search_term_string}"},"query-input":{"@type":"PropertyValueSpecification","valueRequired":true,"valueName":"search_term_string"}}],"inLanguage":"pt-BR"},{"@type":"Person","@id":"https:\/\/dominicasanunciata.org\/#\/schema\/person\/06415c634679ba29db3c825f669e7596","name":"glecy","image":{"@type":"ImageObject","inLanguage":"pt-BR","@id":"https:\/\/secure.gravatar.com\/avatar\/e488e7ceada4edbd029a1f8c9b1a3018a6d9519486d1af49ad228f33f9ec5d69?s=96&d=mm&r=g","url":"https:\/\/secure.gravatar.com\/avatar\/e488e7ceada4edbd029a1f8c9b1a3018a6d9519486d1af49ad228f33f9ec5d69?s=96&d=mm&r=g","contentUrl":"https:\/\/secure.gravatar.com\/avatar\/e488e7ceada4edbd029a1f8c9b1a3018a6d9519486d1af49ad228f33f9ec5d69?s=96&d=mm&r=g","caption":"glecy"},"url":"https:\/\/dominicasanunciata.org\/pt-br\/author\/glecy\/"}]}},"_links":{"self":[{"href":"https:\/\/dominicasanunciata.org\/pt-br\/wp-json\/wp\/v2\/posts\/73605","targetHints":{"allow":["GET"]}}],"collection":[{"href":"https:\/\/dominicasanunciata.org\/pt-br\/wp-json\/wp\/v2\/posts"}],"about":[{"href":"https:\/\/dominicasanunciata.org\/pt-br\/wp-json\/wp\/v2\/types\/post"}],"author":[{"embeddable":true,"href":"https:\/\/dominicasanunciata.org\/pt-br\/wp-json\/wp\/v2\/users\/7"}],"replies":[{"embeddable":true,"href":"https:\/\/dominicasanunciata.org\/pt-br\/wp-json\/wp\/v2\/comments?post=73605"}],"version-history":[{"count":1,"href":"https:\/\/dominicasanunciata.org\/pt-br\/wp-json\/wp\/v2\/posts\/73605\/revisions"}],"predecessor-version":[{"id":73606,"href":"https:\/\/dominicasanunciata.org\/pt-br\/wp-json\/wp\/v2\/posts\/73605\/revisions\/73606"}],"wp:featuredmedia":[{"embeddable":true,"href":"https:\/\/dominicasanunciata.org\/pt-br\/wp-json\/wp\/v2\/media\/73596"}],"wp:attachment":[{"href":"https:\/\/dominicasanunciata.org\/pt-br\/wp-json\/wp\/v2\/media?parent=73605"}],"wp:term":[{"taxonomy":"category","embeddable":true,"href":"https:\/\/dominicasanunciata.org\/pt-br\/wp-json\/wp\/v2\/categories?post=73605"},{"taxonomy":"post_tag","embeddable":true,"href":"https:\/\/dominicasanunciata.org\/pt-br\/wp-json\/wp\/v2\/tags?post=73605"}],"curies":[{"name":"wp","href":"https:\/\/api.w.org\/{rel}","templated":true}]}}