{"id":73494,"date":"2026-08-29T09:00:00","date_gmt":"2026-08-29T07:00:00","guid":{"rendered":"https:\/\/dominicasanunciata.org\/?p=73494"},"modified":"2026-08-26T23:29:11","modified_gmt":"2026-08-26T21:29:11","slug":"22o-domingo-do-tempo-comum-30-de-agosto-de-2026","status":"publish","type":"post","link":"https:\/\/dominicasanunciata.org\/pt-br\/22o-domingo-do-tempo-comum-30-de-agosto-de-2026\/","title":{"rendered":"22\u00ba Domingo do Tempo Comum \u2014 30 de agosto de 2026"},"content":{"rendered":"\n<p class=\"wp-block-paragraph\"><strong>\u00abToma a tua cruz e segue-me\u00bb (Mt 16, 21-27)<\/strong><\/p>\n\n\n\n<p class=\"wp-block-paragraph\">A liturgia deste vig\u00e9simo segundo domingo do Tempo Comum nos convida a refletir sobre o que significa verdadeiramente ser disc\u00edpulo de Jesus. Seguir Cristo n\u00e3o significa simplesmente acreditar Nele ou caminhar com Ele quando a vida \u00e9 f\u00e1cil. Significa confiar Nele mesmo quando n\u00e3o compreendemos o seu plano, entregar-nos \u00e0 sua vontade e permanecer fi\u00e9is quando o caminho passa pela cruz.<\/p>\n\n\n\n<p class=\"wp-block-paragraph\">Na primeira leitura, Jeremias experimenta a dor de ser fiel a Deus. Ele se sente rejeitado e ridicularizado e at\u00e9 pensa em abandonar sua miss\u00e3o prof\u00e9tica. No entanto, n\u00e3o pode permanecer em sil\u00eancio, porque a palavra de Deus se tornou nele \u00abcomo um fogo ardente no meu cora\u00e7\u00e3o\u00bb. Sua experi\u00eancia nos recorda que a fidelidade n\u00e3o significa que nunca ficaremos cansados ou desanimados. Pode haver momentos em que queremos parar, mas o chamado de Deus continua ardendo dentro de n\u00f3s e nos d\u00e1 for\u00e7a para perseverar.<\/p>\n\n\n\n<p class=\"wp-block-paragraph\">Na segunda leitura, S\u00e3o Paulo nos convida a \u00aboferecer os nossos corpos como sacrif\u00edcio vivo, santo e agrad\u00e1vel a Deus\u00bb. Seguir Jesus significa oferecer-Lhe toda a nossa vida: nossas alegrias, dificuldades, trabalho, relacionamentos e sacrif\u00edcios. Significa tamb\u00e9m permitir que Deus renove nossa mente, para que aprendamos a buscar n\u00e3o apenas aquilo que desejamos, mas aquilo que Ele deseja para n\u00f3s.<\/p>\n\n\n\n<p class=\"wp-block-paragraph\">No Evangelho de hoje, Jesus revela aos seus disc\u00edpulos que deve ir a Jerusal\u00e9m, sofrer, morrer e ressuscitar. Pedro tem dificuldade para aceitar isso. Ele ama Jesus, mas n\u00e3o consegue compreender que o plano de Deus seja diferente das expectativas humanas. Por isso, Jesus lhe recorda: \u00abVoc\u00ea n\u00e3o pensa como Deus, mas como os homens\u00bb.<\/p>\n\n\n\n<p class=\"wp-block-paragraph\">A rea\u00e7\u00e3o de Pedro tamb\u00e9m pode ser a nossa. Como ele, podemos querer seguir Jesus de acordo com nossos pr\u00f3prios planos: uma vida sem muitas dificuldades, uma voca\u00e7\u00e3o sem lutas, uma comunidade sem incompreens\u00f5es ou uma miss\u00e3o sem sacrif\u00edcios. Mas Jesus nos recorda que ser disc\u00edpulo implica entrega: \u00abSe algu\u00e9m quer vir ap\u00f3s mim, renuncie a si mesmo, tome a sua cruz e siga-me\u00bb.<\/p>\n\n\n\n<p class=\"wp-block-paragraph\">O caminho da cruz n\u00e3o \u00e9 um obst\u00e1culo para a miss\u00e3o de Jesus; \u00e9 o caminho pelo qual Ele cumpre fielmente a vontade do Pai. Pedro, movido pelo seu amor por Jesus, mas ainda pensando segundo as expectativas humanas, torna-se involuntariamente um obst\u00e1culo para essa miss\u00e3o. As palavras firmes de Jesus nos recordam que segui-Lo exige deixar de lado nossa pr\u00f3pria maneira de pensar e aprender a confiar na sabedoria de Deus.<\/p>\n\n\n\n<p class=\"wp-block-paragraph\">Por isso, este Evangelho nos convida a perguntar: Permitimos que o plano de Deus guie nossa vida, ou \u00e0s vezes queremos que Ele siga os nossos pr\u00f3prios planos? Estamos dispostos a entregar a Ele nossos desejos, expectativas e projetos pessoais?<\/p>\n\n\n\n<p class=\"wp-block-paragraph\">Para n\u00f3s, como pessoas consagradas, essas perguntas se tornam muito concretas. Como seguimos Jesus em nossa ora\u00e7\u00e3o cotidiana, na vida comunit\u00e1ria, em nossa consagra\u00e7\u00e3o e na miss\u00e3o apost\u00f3lica? Estamos dispostos a aceitar as pequenas cruzes de cada dia, com paci\u00eancia, perd\u00e3o, humildade e amor? Nossa voca\u00e7\u00e3o n\u00e3o \u00e9 vivida apenas por meio de grandes sacrif\u00edcios, mas tamb\u00e9m atrav\u00e9s dos pequenos atos de fidelidade cotidiana.<\/p>\n\n\n\n<p class=\"wp-block-paragraph\">Que tenhamos a coragem de dizer \u00absim\u00bb \u00e0 vontade de Deus cada dia, confiando a Ele nossos planos, medos, dificuldades e expectativas. Que saibamos tomar fielmente nossa cruz, seguir Jesus e confiar que o seu caminho, mesmo quando \u00e9 dif\u00edcil, nos conduz \u00e0 verdadeira vida.<\/p>\n\n\n\n<p class=\"wp-block-paragraph\"><strong>Ir. Maria Tran Thi Hong Thach OP<\/strong><br><em>Prov\u00edncia de S\u00e3o Raimundo de Penafort<\/em><\/p>\n\n\n\n<p class=\"wp-block-paragraph\"><\/p>\n","protected":false},"excerpt":{"rendered":"<p>\u00abToma a tua cruz e segue-me\u00bb (Mt 16, 21-27) A liturgia deste vig\u00e9simo segundo domingo do Tempo Comum nos convida a refletir sobre o que significa verdadeiramente ser disc\u00edpulo de Jesus. Seguir Cristo n\u00e3o significa simplesmente acreditar Nele ou caminhar com Ele quando a vida \u00e9 f\u00e1cil. Significa confiar Nele mesmo quando n\u00e3o compreendemos o &hellip; <a href=\"https:\/\/dominicasanunciata.org\/pt-br\/22o-domingo-do-tempo-comum-30-de-agosto-de-2026\/\" class=\"more-link\">Continue reading <span class=\"screen-reader-text\">22\u00ba Domingo do Tempo Comum \u2014 30 de agosto de 2026<\/span> <span class=\"meta-nav\">&rarr;<\/span><\/a><\/p>\n","protected":false},"author":7,"featured_media":73495,"comment_status":"open","ping_status":"closed","sticky":false,"template":"","format":"standard","meta":{"footnotes":""},"categories":[39],"tags":[],"class_list":["post-73494","post","type-post","status-publish","format-standard","has-post-thumbnail","hentry","category-palabra-de-dios-pt-br"],"yoast_head":"<!-- This site is optimized with the Yoast SEO plugin v28.3 - https:\/\/yoast.com\/product\/yoast-seo-wordpress\/ -->\n<title>22\u00ba Domingo do Tempo Comum \u2014 30 de agosto de 2026 - Dominicas de la Anunciata<\/title>\n<meta name=\"robots\" content=\"index, follow, max-snippet:-1, max-image-preview:large, max-video-preview:-1\" \/>\n<link rel=\"canonical\" href=\"https:\/\/dominicasanunciata.org\/domingo-xxii-del-tiempo-ordinario-30-de-agosto-de-2026\/\" \/>\n<meta property=\"og:locale\" content=\"pt_BR\" \/>\n<meta property=\"og:type\" content=\"article\" \/>\n<meta property=\"og:title\" content=\"22\u00ba Domingo do Tempo Comum \u2014 30 de agosto de 2026 - Dominicas de la Anunciata\" \/>\n<meta property=\"og:description\" content=\"\u00abToma a tua cruz e segue-me\u00bb (Mt 16, 21-27) A liturgia deste vig\u00e9simo segundo domingo do Tempo Comum nos convida a refletir sobre o que significa verdadeiramente ser disc\u00edpulo de Jesus. Seguir Cristo n\u00e3o significa simplesmente acreditar Nele ou caminhar com Ele quando a vida \u00e9 f\u00e1cil. Significa confiar Nele mesmo quando n\u00e3o compreendemos o &hellip; Continue reading 22\u00ba Domingo do Tempo Comum \u2014 30 de agosto de 2026 &rarr;\" \/>\n<meta property=\"og:url\" content=\"https:\/\/dominicasanunciata.org\/domingo-xxii-del-tiempo-ordinario-30-de-agosto-de-2026\/\" \/>\n<meta property=\"og:site_name\" content=\"Dominicas de la Anunciata\" \/>\n<meta property=\"article:published_time\" content=\"2026-08-29T07:00:00+00:00\" \/>\n<meta property=\"og:image\" content=\"https:\/\/dominicasanunciata.org\/wp-content\/uploads\/2026\/08\/4-PT-1024x576.png\" \/>\n\t<meta property=\"og:image:width\" content=\"1024\" \/>\n\t<meta property=\"og:image:height\" content=\"576\" \/>\n\t<meta property=\"og:image:type\" content=\"image\/png\" \/>\n<meta name=\"author\" content=\"glecy\" \/>\n<meta name=\"twitter:card\" content=\"summary_large_image\" \/>\n<meta name=\"twitter:label1\" content=\"Escrito por\" \/>\n\t<meta name=\"twitter:data1\" content=\"glecy\" \/>\n\t<meta name=\"twitter:label2\" content=\"Est. tempo de leitura\" \/>\n\t<meta name=\"twitter:data2\" content=\"3 minutos\" \/>\n<script type=\"application\/ld+json\" class=\"yoast-schema-graph\">{\"@context\":\"https:\\\/\\\/schema.org\",\"@graph\":[{\"@type\":\"Article\",\"@id\":\"https:\\\/\\\/dominicasanunciata.org\\\/domingo-xxii-del-tiempo-ordinario-30-de-agosto-de-2026\\\/#article\",\"isPartOf\":{\"@id\":\"https:\\\/\\\/dominicasanunciata.org\\\/domingo-xxii-del-tiempo-ordinario-30-de-agosto-de-2026\\\/\"},\"author\":{\"name\":\"glecy\",\"@id\":\"https:\\\/\\\/dominicasanunciata.org\\\/#\\\/schema\\\/person\\\/06415c634679ba29db3c825f669e7596\"},\"headline\":\"22\u00ba Domingo do Tempo Comum \u2014 30 de agosto de 2026\",\"datePublished\":\"2026-08-29T07:00:00+00:00\",\"mainEntityOfPage\":{\"@id\":\"https:\\\/\\\/dominicasanunciata.org\\\/domingo-xxii-del-tiempo-ordinario-30-de-agosto-de-2026\\\/\"},\"wordCount\":626,\"commentCount\":0,\"image\":{\"@id\":\"https:\\\/\\\/dominicasanunciata.org\\\/domingo-xxii-del-tiempo-ordinario-30-de-agosto-de-2026\\\/#primaryimage\"},\"thumbnailUrl\":\"https:\\\/\\\/dominicasanunciata.org\\\/wp-content\\\/uploads\\\/2026\\\/08\\\/4-PT.png\",\"articleSection\":[\"Palabra de Dios\"],\"inLanguage\":\"pt-BR\",\"potentialAction\":[{\"@type\":\"CommentAction\",\"name\":\"Comment\",\"target\":[\"https:\\\/\\\/dominicasanunciata.org\\\/domingo-xxii-del-tiempo-ordinario-30-de-agosto-de-2026\\\/#respond\"]}]},{\"@type\":\"WebPage\",\"@id\":\"https:\\\/\\\/dominicasanunciata.org\\\/domingo-xxii-del-tiempo-ordinario-30-de-agosto-de-2026\\\/\",\"url\":\"https:\\\/\\\/dominicasanunciata.org\\\/domingo-xxii-del-tiempo-ordinario-30-de-agosto-de-2026\\\/\",\"name\":\"22\u00ba Domingo do Tempo Comum \u2014 30 de agosto de 2026 - Dominicas de la Anunciata\",\"isPartOf\":{\"@id\":\"https:\\\/\\\/dominicasanunciata.org\\\/#website\"},\"primaryImageOfPage\":{\"@id\":\"https:\\\/\\\/dominicasanunciata.org\\\/domingo-xxii-del-tiempo-ordinario-30-de-agosto-de-2026\\\/#primaryimage\"},\"image\":{\"@id\":\"https:\\\/\\\/dominicasanunciata.org\\\/domingo-xxii-del-tiempo-ordinario-30-de-agosto-de-2026\\\/#primaryimage\"},\"thumbnailUrl\":\"https:\\\/\\\/dominicasanunciata.org\\\/wp-content\\\/uploads\\\/2026\\\/08\\\/4-PT.png\",\"datePublished\":\"2026-08-29T07:00:00+00:00\",\"author\":{\"@id\":\"https:\\\/\\\/dominicasanunciata.org\\\/#\\\/schema\\\/person\\\/06415c634679ba29db3c825f669e7596\"},\"breadcrumb\":{\"@id\":\"https:\\\/\\\/dominicasanunciata.org\\\/domingo-xxii-del-tiempo-ordinario-30-de-agosto-de-2026\\\/#breadcrumb\"},\"inLanguage\":\"pt-BR\",\"potentialAction\":[{\"@type\":\"ReadAction\",\"target\":[\"https:\\\/\\\/dominicasanunciata.org\\\/domingo-xxii-del-tiempo-ordinario-30-de-agosto-de-2026\\\/\"]}]},{\"@type\":\"ImageObject\",\"inLanguage\":\"pt-BR\",\"@id\":\"https:\\\/\\\/dominicasanunciata.org\\\/domingo-xxii-del-tiempo-ordinario-30-de-agosto-de-2026\\\/#primaryimage\",\"url\":\"https:\\\/\\\/dominicasanunciata.org\\\/wp-content\\\/uploads\\\/2026\\\/08\\\/4-PT.png\",\"contentUrl\":\"https:\\\/\\\/dominicasanunciata.org\\\/wp-content\\\/uploads\\\/2026\\\/08\\\/4-PT.png\",\"width\":2048,\"height\":1152},{\"@type\":\"BreadcrumbList\",\"@id\":\"https:\\\/\\\/dominicasanunciata.org\\\/domingo-xxii-del-tiempo-ordinario-30-de-agosto-de-2026\\\/#breadcrumb\",\"itemListElement\":[{\"@type\":\"ListItem\",\"position\":1,\"name\":\"Portada\",\"item\":\"https:\\\/\\\/dominicasanunciata.org\\\/\"},{\"@type\":\"ListItem\",\"position\":2,\"name\":\"22\u00ba Domingo do Tempo Comum \u2014 30 de agosto de 2026\"}]},{\"@type\":\"WebSite\",\"@id\":\"https:\\\/\\\/dominicasanunciata.org\\\/#website\",\"url\":\"https:\\\/\\\/dominicasanunciata.org\\\/\",\"name\":\"Dominicas de la Anunciata\",\"description\":\"Dominicas de la Anunciata\",\"potentialAction\":[{\"@type\":\"SearchAction\",\"target\":{\"@type\":\"EntryPoint\",\"urlTemplate\":\"https:\\\/\\\/dominicasanunciata.org\\\/?s={search_term_string}\"},\"query-input\":{\"@type\":\"PropertyValueSpecification\",\"valueRequired\":true,\"valueName\":\"search_term_string\"}}],\"inLanguage\":\"pt-BR\"},{\"@type\":\"Person\",\"@id\":\"https:\\\/\\\/dominicasanunciata.org\\\/#\\\/schema\\\/person\\\/06415c634679ba29db3c825f669e7596\",\"name\":\"glecy\",\"image\":{\"@type\":\"ImageObject\",\"inLanguage\":\"pt-BR\",\"@id\":\"https:\\\/\\\/secure.gravatar.com\\\/avatar\\\/e488e7ceada4edbd029a1f8c9b1a3018a6d9519486d1af49ad228f33f9ec5d69?s=96&d=mm&r=g\",\"url\":\"https:\\\/\\\/secure.gravatar.com\\\/avatar\\\/e488e7ceada4edbd029a1f8c9b1a3018a6d9519486d1af49ad228f33f9ec5d69?s=96&d=mm&r=g\",\"contentUrl\":\"https:\\\/\\\/secure.gravatar.com\\\/avatar\\\/e488e7ceada4edbd029a1f8c9b1a3018a6d9519486d1af49ad228f33f9ec5d69?s=96&d=mm&r=g\",\"caption\":\"glecy\"},\"url\":\"https:\\\/\\\/dominicasanunciata.org\\\/pt-br\\\/author\\\/glecy\\\/\"}]}<\/script>\n<!-- \/ Yoast SEO plugin. -->","yoast_head_json":{"title":"22\u00ba Domingo do Tempo Comum \u2014 30 de agosto de 2026 - Dominicas de la Anunciata","robots":{"index":"index","follow":"follow","max-snippet":"max-snippet:-1","max-image-preview":"max-image-preview:large","max-video-preview":"max-video-preview:-1"},"canonical":"https:\/\/dominicasanunciata.org\/domingo-xxii-del-tiempo-ordinario-30-de-agosto-de-2026\/","og_locale":"pt_BR","og_type":"article","og_title":"22\u00ba Domingo do Tempo Comum \u2014 30 de agosto de 2026 - Dominicas de la Anunciata","og_description":"\u00abToma a tua cruz e segue-me\u00bb (Mt 16, 21-27) A liturgia deste vig\u00e9simo segundo domingo do Tempo Comum nos convida a refletir sobre o que significa verdadeiramente ser disc\u00edpulo de Jesus. Seguir Cristo n\u00e3o significa simplesmente acreditar Nele ou caminhar com Ele quando a vida \u00e9 f\u00e1cil. Significa confiar Nele mesmo quando n\u00e3o compreendemos o &hellip; Continue reading 22\u00ba Domingo do Tempo Comum \u2014 30 de agosto de 2026 &rarr;","og_url":"https:\/\/dominicasanunciata.org\/domingo-xxii-del-tiempo-ordinario-30-de-agosto-de-2026\/","og_site_name":"Dominicas de la Anunciata","article_published_time":"2026-08-29T07:00:00+00:00","og_image":[{"width":1024,"height":576,"url":"https:\/\/dominicasanunciata.org\/wp-content\/uploads\/2026\/08\/4-PT-1024x576.png","type":"image\/png"}],"author":"glecy","twitter_card":"summary_large_image","twitter_misc":{"Escrito por":"glecy","Est. tempo de leitura":"3 minutos"},"schema":{"@context":"https:\/\/schema.org","@graph":[{"@type":"Article","@id":"https:\/\/dominicasanunciata.org\/domingo-xxii-del-tiempo-ordinario-30-de-agosto-de-2026\/#article","isPartOf":{"@id":"https:\/\/dominicasanunciata.org\/domingo-xxii-del-tiempo-ordinario-30-de-agosto-de-2026\/"},"author":{"name":"glecy","@id":"https:\/\/dominicasanunciata.org\/#\/schema\/person\/06415c634679ba29db3c825f669e7596"},"headline":"22\u00ba Domingo do Tempo Comum \u2014 30 de agosto de 2026","datePublished":"2026-08-29T07:00:00+00:00","mainEntityOfPage":{"@id":"https:\/\/dominicasanunciata.org\/domingo-xxii-del-tiempo-ordinario-30-de-agosto-de-2026\/"},"wordCount":626,"commentCount":0,"image":{"@id":"https:\/\/dominicasanunciata.org\/domingo-xxii-del-tiempo-ordinario-30-de-agosto-de-2026\/#primaryimage"},"thumbnailUrl":"https:\/\/dominicasanunciata.org\/wp-content\/uploads\/2026\/08\/4-PT.png","articleSection":["Palabra de Dios"],"inLanguage":"pt-BR","potentialAction":[{"@type":"CommentAction","name":"Comment","target":["https:\/\/dominicasanunciata.org\/domingo-xxii-del-tiempo-ordinario-30-de-agosto-de-2026\/#respond"]}]},{"@type":"WebPage","@id":"https:\/\/dominicasanunciata.org\/domingo-xxii-del-tiempo-ordinario-30-de-agosto-de-2026\/","url":"https:\/\/dominicasanunciata.org\/domingo-xxii-del-tiempo-ordinario-30-de-agosto-de-2026\/","name":"22\u00ba Domingo do Tempo Comum \u2014 30 de agosto de 2026 - Dominicas de la Anunciata","isPartOf":{"@id":"https:\/\/dominicasanunciata.org\/#website"},"primaryImageOfPage":{"@id":"https:\/\/dominicasanunciata.org\/domingo-xxii-del-tiempo-ordinario-30-de-agosto-de-2026\/#primaryimage"},"image":{"@id":"https:\/\/dominicasanunciata.org\/domingo-xxii-del-tiempo-ordinario-30-de-agosto-de-2026\/#primaryimage"},"thumbnailUrl":"https:\/\/dominicasanunciata.org\/wp-content\/uploads\/2026\/08\/4-PT.png","datePublished":"2026-08-29T07:00:00+00:00","author":{"@id":"https:\/\/dominicasanunciata.org\/#\/schema\/person\/06415c634679ba29db3c825f669e7596"},"breadcrumb":{"@id":"https:\/\/dominicasanunciata.org\/domingo-xxii-del-tiempo-ordinario-30-de-agosto-de-2026\/#breadcrumb"},"inLanguage":"pt-BR","potentialAction":[{"@type":"ReadAction","target":["https:\/\/dominicasanunciata.org\/domingo-xxii-del-tiempo-ordinario-30-de-agosto-de-2026\/"]}]},{"@type":"ImageObject","inLanguage":"pt-BR","@id":"https:\/\/dominicasanunciata.org\/domingo-xxii-del-tiempo-ordinario-30-de-agosto-de-2026\/#primaryimage","url":"https:\/\/dominicasanunciata.org\/wp-content\/uploads\/2026\/08\/4-PT.png","contentUrl":"https:\/\/dominicasanunciata.org\/wp-content\/uploads\/2026\/08\/4-PT.png","width":2048,"height":1152},{"@type":"BreadcrumbList","@id":"https:\/\/dominicasanunciata.org\/domingo-xxii-del-tiempo-ordinario-30-de-agosto-de-2026\/#breadcrumb","itemListElement":[{"@type":"ListItem","position":1,"name":"Portada","item":"https:\/\/dominicasanunciata.org\/"},{"@type":"ListItem","position":2,"name":"22\u00ba Domingo do Tempo Comum \u2014 30 de agosto de 2026"}]},{"@type":"WebSite","@id":"https:\/\/dominicasanunciata.org\/#website","url":"https:\/\/dominicasanunciata.org\/","name":"Dominicas de la Anunciata","description":"Dominicas de la Anunciata","potentialAction":[{"@type":"SearchAction","target":{"@type":"EntryPoint","urlTemplate":"https:\/\/dominicasanunciata.org\/?s={search_term_string}"},"query-input":{"@type":"PropertyValueSpecification","valueRequired":true,"valueName":"search_term_string"}}],"inLanguage":"pt-BR"},{"@type":"Person","@id":"https:\/\/dominicasanunciata.org\/#\/schema\/person\/06415c634679ba29db3c825f669e7596","name":"glecy","image":{"@type":"ImageObject","inLanguage":"pt-BR","@id":"https:\/\/secure.gravatar.com\/avatar\/e488e7ceada4edbd029a1f8c9b1a3018a6d9519486d1af49ad228f33f9ec5d69?s=96&d=mm&r=g","url":"https:\/\/secure.gravatar.com\/avatar\/e488e7ceada4edbd029a1f8c9b1a3018a6d9519486d1af49ad228f33f9ec5d69?s=96&d=mm&r=g","contentUrl":"https:\/\/secure.gravatar.com\/avatar\/e488e7ceada4edbd029a1f8c9b1a3018a6d9519486d1af49ad228f33f9ec5d69?s=96&d=mm&r=g","caption":"glecy"},"url":"https:\/\/dominicasanunciata.org\/pt-br\/author\/glecy\/"}]}},"_links":{"self":[{"href":"https:\/\/dominicasanunciata.org\/pt-br\/wp-json\/wp\/v2\/posts\/73494","targetHints":{"allow":["GET"]}}],"collection":[{"href":"https:\/\/dominicasanunciata.org\/pt-br\/wp-json\/wp\/v2\/posts"}],"about":[{"href":"https:\/\/dominicasanunciata.org\/pt-br\/wp-json\/wp\/v2\/types\/post"}],"author":[{"embeddable":true,"href":"https:\/\/dominicasanunciata.org\/pt-br\/wp-json\/wp\/v2\/users\/7"}],"replies":[{"embeddable":true,"href":"https:\/\/dominicasanunciata.org\/pt-br\/wp-json\/wp\/v2\/comments?post=73494"}],"version-history":[{"count":1,"href":"https:\/\/dominicasanunciata.org\/pt-br\/wp-json\/wp\/v2\/posts\/73494\/revisions"}],"predecessor-version":[{"id":73500,"href":"https:\/\/dominicasanunciata.org\/pt-br\/wp-json\/wp\/v2\/posts\/73494\/revisions\/73500"}],"wp:featuredmedia":[{"embeddable":true,"href":"https:\/\/dominicasanunciata.org\/pt-br\/wp-json\/wp\/v2\/media\/73495"}],"wp:attachment":[{"href":"https:\/\/dominicasanunciata.org\/pt-br\/wp-json\/wp\/v2\/media?parent=73494"}],"wp:term":[{"taxonomy":"category","embeddable":true,"href":"https:\/\/dominicasanunciata.org\/pt-br\/wp-json\/wp\/v2\/categories?post=73494"},{"taxonomy":"post_tag","embeddable":true,"href":"https:\/\/dominicasanunciata.org\/pt-br\/wp-json\/wp\/v2\/tags?post=73494"}],"curies":[{"name":"wp","href":"https:\/\/api.w.org\/{rel}","templated":true}]}}