{"id":73462,"date":"2026-08-26T22:04:37","date_gmt":"2026-08-26T20:04:37","guid":{"rendered":"https:\/\/dominicasanunciata.org\/?p=73462"},"modified":"2026-08-26T22:36:28","modified_gmt":"2026-08-26T20:36:28","slug":"a-reliquia-peregrina-do-padre-coll-chega-a-madrid","status":"publish","type":"post","link":"https:\/\/dominicasanunciata.org\/pt-br\/a-reliquia-peregrina-do-padre-coll-chega-a-madrid\/","title":{"rendered":"A rel\u00edquia peregrina do Padre Coll chega a Madrid"},"content":{"rendered":"\n<p class=\"wp-block-paragraph\"><strong>Madrid, 26 de agosto de 2026.<\/strong> Com profunda emo\u00e7\u00e3o, alegria e entusiasmo, Madrid acolheu ao meio-dia a <strong>rel\u00edquia peregrina de S\u00e3o Francisco Coll<\/strong>, que continua o seu caminho como sinal de comunh\u00e3o, mem\u00f3ria viva do carisma e renova\u00e7\u00e3o da miss\u00e3o evangelizadora da Congrega\u00e7\u00e3o.<\/p>\n\n\n\n<p class=\"wp-block-paragraph\">A rel\u00edquia chegou ao Aeroporto Adolfo Su\u00e1rez Madrid-Barajas acompanhada pela <strong>Delegada do Brasil, Irm\u00e3 Marina Est\u00eavam de Jes\u00fas<\/strong>, que a trouxe at\u00e9 Madrid. \u00c0 sua chegada, foi recebida pela <strong>Priora Provincial, Irm\u00e3 Mar\u00eda Isabel Andr\u00e9s<\/strong>, juntamente com algumas irm\u00e3s da Casa Provincial. Estiveram tamb\u00e9m presentes a <strong>Priora Geral, Irm\u00e3 Ana Bel\u00e9n Ver\u00edsimo Garc\u00eda<\/strong>, e todas as irm\u00e3s do Conselho Geral.<\/p>\n\n\n\n<p class=\"wp-block-paragraph\">O momento do encontro foi marcado por uma profunda emo\u00e7\u00e3o. Quando a Irm\u00e3 Marina apareceu \u00e0 sa\u00edda trazendo consigo a rel\u00edquia do Padre Coll, as irm\u00e3s presentes viveram um momento de especial alegria e gratid\u00e3o. Espontaneamente, brotou dos seus cora\u00e7\u00f5es o canto <strong>\u00abSanto Fundador\u00bb<\/strong>, express\u00e3o de carinho, venera\u00e7\u00e3o e a\u00e7\u00e3o de gra\u00e7as pela vida e pelo legado de S\u00e3o Francisco Coll.<\/p>\n\n\n\n<p class=\"wp-block-paragraph\">Do aeroporto, as irm\u00e3s dirigiram-se \u00e0 <strong>Casa Provincial<\/strong>, onde aguardavam com entusiasmo as irm\u00e3s da comunidade e alguns representantes do <strong>Col\u00e9gio Santa Catalina de Sena \u2013 FEFC<\/strong>. A chegada foi acolhida com bandeiras, alegria e c\u00e2nticos dedicados ao Padre Coll, criando um ambiente festivo e profundamente significativo.<\/p>\n\n\n\n<p class=\"wp-block-paragraph\">A rel\u00edquia foi colocada num <strong>altar preparado especialmente para esta ocasi\u00e3o<\/strong>, cuidadosamente preparado e cheio de simbolismo. As cores, as flores e cada um dos elementos expressavam a riqueza do carisma recebido de S\u00e3o Francisco Coll e o desejo de manter viva a sua paix\u00e3o por anunciar o Evangelho.<\/p>\n\n\n\n<p class=\"wp-block-paragraph\"><strong>Uma mesa partilhada e uma celebra\u00e7\u00e3o de comunh\u00e3o<\/strong><\/p>\n\n\n\n<p class=\"wp-block-paragraph\">Depois do acolhimento, realizou-se uma <strong>refei\u00e7\u00e3o fraterna<\/strong>. Este simples gesto de partilhar a mesa tornou-se tamb\u00e9m uma express\u00e3o de fraternidade, encontro e comunh\u00e3o.<\/p>\n\n\n\n<p class=\"wp-block-paragraph\">Posteriormente, chegaram as irm\u00e3s das comunidades de <strong>General Ora\u00e1, Aluche e Casa Geral<\/strong>, que se uniram a este momento especial da peregrina\u00e7\u00e3o da rel\u00edquia.<\/p>\n\n\n\n<p class=\"wp-block-paragraph\"><strong>Ora\u00e7\u00e3o oficial de acolhimento na Prov\u00edncia Rosa Santaeugenia<\/strong><\/p>\n\n\n\n<p class=\"wp-block-paragraph\">A jornada continuou com a <strong>ora\u00e7\u00e3o oficial de acolhimento da Rel\u00edquia de S\u00e3o Francisco Coll na Prov\u00edncia Rosa Santaeugenia \u2013 Comunidades de Espanha<\/strong>. A celebra\u00e7\u00e3o come\u00e7ou com uma <strong>solene prociss\u00e3o com velas at\u00e9 \u00e0 capela<\/strong>, num clima de ora\u00e7\u00e3o, sil\u00eancio e recolhimento.<\/p>\n\n\n\n<p class=\"wp-block-paragraph\">Uma moni\u00e7\u00e3o inicial ajudou a preparar os cora\u00e7\u00f5es para este momento de gra\u00e7a. Em seguida, entoou-se o canto <strong>\u00abUn Profeta\u00bb<\/strong>, evocando S\u00e3o Francisco Coll como homem de Deus, evangelizador e profeta de esperan\u00e7a.<\/p>\n\n\n\n<p class=\"wp-block-paragraph\">Num momento especialmente significativo, foram apresentados diversos <strong>s\u00edmbolos<\/strong> que evocam aspetos essenciais da vida, espiritualidade e miss\u00e3o do Padre Coll:<\/p>\n\n\n\n<ul class=\"wp-block-list\">\n<li><strong>A l\u00e2mpada acesa:<\/strong> Cristo \u00e9 a verdadeira Luz que iluminou a vida do Padre Coll e sempre orientou o seu caminho.<\/li>\n\n\n\n<li><strong>A B\u00edblia:<\/strong> fonte da prega\u00e7\u00e3o dominicana e alimento da miss\u00e3o evangelizadora.<\/li>\n\n\n\n<li><strong>O quadro da Anuncia\u00e7\u00e3o:<\/strong> mist\u00e9rio que deu o nome, a alma e o estilo \u00e0 Congrega\u00e7\u00e3o.<\/li>\n\n\n\n<li><strong>O ros\u00e1rio:<\/strong> sinal da presen\u00e7a de Maria na vida do Padre Coll, que o acompanhou em todos os seus caminhos e percursos.<\/li>\n\n\n\n<li><strong>As flores brancas:<\/strong> sinal da clareza interior, da pureza de inten\u00e7\u00e3o e da alegria que caracterizaram S\u00e3o Francisco Coll.<\/li>\n<\/ul>\n\n\n\n<p class=\"wp-block-paragraph\">A celebra\u00e7\u00e3o continuou com o <strong>Salmo 26<\/strong>, seguido da proclama\u00e7\u00e3o da <strong>Palavra de Deus<\/strong>. Depois, guardou-se um profundo <strong>sil\u00eancio meditativo<\/strong>, dando espa\u00e7o para acolher interiormente a Palavra.<\/p>\n\n\n\n<p class=\"wp-block-paragraph\">A ora\u00e7\u00e3o prosseguiu com as <strong>preces<\/strong>, nas quais foram apresentadas ao Senhor as necessidades da Congrega\u00e7\u00e3o, das comunidades, da Igreja e de tantas pessoas a quem as irm\u00e3s s\u00e3o chamadas a servir. Juntos rezaram o <strong>Pai-Nosso<\/strong> e, finalmente, a ora\u00e7\u00e3o de a\u00e7\u00e3o de gra\u00e7as e pedido de intercess\u00e3o por meio de S\u00e3o Francisco Coll.<\/p>\n\n\n\n<p class=\"wp-block-paragraph\">A celebra\u00e7\u00e3o terminou com o canto <strong>\u00abSanto Fundador\u00bb<\/strong>, que voltou a unir as vozes dos presentes num mesmo sentimento de gratid\u00e3o, alegria e compromisso.<\/p>\n\n\n\n<p class=\"wp-block-paragraph\">A chegada da rel\u00edquia a Madrid torna-se, assim, um convite a <strong>voltar \u00e0 fonte do carisma, renovar o nosso sim e caminhar em comunh\u00e3o<\/strong>, permitindo que a vida e o esp\u00edrito de S\u00e3o Francisco Coll continuem hoje a iluminar a miss\u00e3o das Irm\u00e3s Dominicanas da Anunciata.<\/p>\n\n\n\n<p class=\"wp-block-paragraph\">A rel\u00edquia peregrina continuar\u00e1 a acompanhar as comunidades como sinal vis\u00edvel de comunh\u00e3o e miss\u00e3o partilhada, convidando cada irm\u00e3 e todos aqueles que participam do carisma da Anunciata a <strong>manter acesa a chama recebida e continuar a anunciar o Evangelho com a paix\u00e3o, a confian\u00e7a e a alegria que caracterizaram o Santo Fundador<\/strong>.<\/p>\n\n\n\n<figure class=\"wp-block-image size-full\"><img loading=\"lazy\" decoding=\"async\" width=\"586\" height=\"454\" src=\"https:\/\/dominicasanunciata.org\/wp-content\/uploads\/2026\/08\/Marina-llega.png\" alt=\"\" class=\"wp-image-73442\" srcset=\"https:\/\/dominicasanunciata.org\/wp-content\/uploads\/2026\/08\/Marina-llega.png 586w, https:\/\/dominicasanunciata.org\/wp-content\/uploads\/2026\/08\/Marina-llega-300x232.png 300w\" sizes=\"auto, (max-width: 586px) 100vw, 586px\" \/><\/figure>\n\n\n\n<figure class=\"wp-block-image size-large\"><img loading=\"lazy\" decoding=\"async\" width=\"768\" height=\"1024\" src=\"https:\/\/dominicasanunciata.org\/wp-content\/uploads\/2026\/08\/hermanas-768x1024.jpg\" alt=\"\" class=\"wp-image-73432\" srcset=\"https:\/\/dominicasanunciata.org\/wp-content\/uploads\/2026\/08\/hermanas-768x1024.jpg 768w, https:\/\/dominicasanunciata.org\/wp-content\/uploads\/2026\/08\/hermanas-225x300.jpg 225w, https:\/\/dominicasanunciata.org\/wp-content\/uploads\/2026\/08\/hermanas-1152x1536.jpg 1152w, https:\/\/dominicasanunciata.org\/wp-content\/uploads\/2026\/08\/hermanas-1536x2048.jpg 1536w, https:\/\/dominicasanunciata.org\/wp-content\/uploads\/2026\/08\/hermanas-scaled.jpg 1920w\" sizes=\"auto, (max-width: 768px) 100vw, 768px\" \/><\/figure>\n\n\n\n<figure class=\"wp-block-image size-full\"><img loading=\"lazy\" decoding=\"async\" width=\"587\" height=\"835\" src=\"https:\/\/dominicasanunciata.org\/wp-content\/uploads\/2026\/08\/Priora-provincial.png\" alt=\"\" class=\"wp-image-73437\" srcset=\"https:\/\/dominicasanunciata.org\/wp-content\/uploads\/2026\/08\/Priora-provincial.png 587w, https:\/\/dominicasanunciata.org\/wp-content\/uploads\/2026\/08\/Priora-provincial-211x300.png 211w\" sizes=\"auto, (max-width: 587px) 100vw, 587px\" \/><\/figure>\n\n\n\n<figure class=\"wp-block-image size-large\"><img loading=\"lazy\" decoding=\"async\" width=\"1024\" height=\"768\" src=\"https:\/\/dominicasanunciata.org\/wp-content\/uploads\/2026\/08\/aeroperto--1024x768.jpg\" alt=\"\" class=\"wp-image-73387\" srcset=\"https:\/\/dominicasanunciata.org\/wp-content\/uploads\/2026\/08\/aeroperto--1024x768.jpg 1024w, https:\/\/dominicasanunciata.org\/wp-content\/uploads\/2026\/08\/aeroperto--300x225.jpg 300w, https:\/\/dominicasanunciata.org\/wp-content\/uploads\/2026\/08\/aeroperto--768x576.jpg 768w, https:\/\/dominicasanunciata.org\/wp-content\/uploads\/2026\/08\/aeroperto--1536x1152.jpg 1536w, https:\/\/dominicasanunciata.org\/wp-content\/uploads\/2026\/08\/aeroperto--2048x1536.jpg 2048w\" sizes=\"auto, (max-width: 1024px) 100vw, 1024px\" \/><\/figure>\n\n\n\n<figure class=\"wp-block-image size-full\"><img loading=\"lazy\" decoding=\"async\" width=\"579\" height=\"604\" src=\"https:\/\/dominicasanunciata.org\/wp-content\/uploads\/2026\/08\/Captura-de-pantalla-2026-08-26-201546.png\" alt=\"\" class=\"wp-image-73452\" srcset=\"https:\/\/dominicasanunciata.org\/wp-content\/uploads\/2026\/08\/Captura-de-pantalla-2026-08-26-201546.png 579w, https:\/\/dominicasanunciata.org\/wp-content\/uploads\/2026\/08\/Captura-de-pantalla-2026-08-26-201546-288x300.png 288w\" sizes=\"auto, (max-width: 579px) 100vw, 579px\" \/><\/figure>\n\n\n\n<figure class=\"wp-block-image size-full\"><img loading=\"lazy\" decoding=\"async\" width=\"582\" height=\"780\" src=\"https:\/\/dominicasanunciata.org\/wp-content\/uploads\/2026\/08\/Captura-de-pantalla-2026-08-26-201631.png\" alt=\"\" class=\"wp-image-73447\" srcset=\"https:\/\/dominicasanunciata.org\/wp-content\/uploads\/2026\/08\/Captura-de-pantalla-2026-08-26-201631.png 582w, https:\/\/dominicasanunciata.org\/wp-content\/uploads\/2026\/08\/Captura-de-pantalla-2026-08-26-201631-224x300.png 224w\" sizes=\"auto, (max-width: 582px) 100vw, 582px\" \/><\/figure>\n\n\n\n<figure class=\"wp-block-image size-large\"><img loading=\"lazy\" decoding=\"async\" width=\"1024\" height=\"768\" src=\"https:\/\/dominicasanunciata.org\/wp-content\/uploads\/2026\/08\/IMG_3967-1024x768.jpg\" alt=\"\" class=\"wp-image-73422\" srcset=\"https:\/\/dominicasanunciata.org\/wp-content\/uploads\/2026\/08\/IMG_3967-1024x768.jpg 1024w, https:\/\/dominicasanunciata.org\/wp-content\/uploads\/2026\/08\/IMG_3967-300x225.jpg 300w, https:\/\/dominicasanunciata.org\/wp-content\/uploads\/2026\/08\/IMG_3967-768x576.jpg 768w, https:\/\/dominicasanunciata.org\/wp-content\/uploads\/2026\/08\/IMG_3967-1536x1152.jpg 1536w, https:\/\/dominicasanunciata.org\/wp-content\/uploads\/2026\/08\/IMG_3967-2048x1536.jpg 2048w\" sizes=\"auto, (max-width: 1024px) 100vw, 1024px\" \/><\/figure>\n\n\n\n<figure class=\"wp-block-image size-large\"><img loading=\"lazy\" decoding=\"async\" width=\"768\" height=\"1024\" src=\"https:\/\/dominicasanunciata.org\/wp-content\/uploads\/2026\/08\/IMG_3953-768x1024.jpg\" alt=\"\" class=\"wp-image-73402\" srcset=\"https:\/\/dominicasanunciata.org\/wp-content\/uploads\/2026\/08\/IMG_3953-768x1024.jpg 768w, https:\/\/dominicasanunciata.org\/wp-content\/uploads\/2026\/08\/IMG_3953-225x300.jpg 225w, https:\/\/dominicasanunciata.org\/wp-content\/uploads\/2026\/08\/IMG_3953-1152x1536.jpg 1152w, https:\/\/dominicasanunciata.org\/wp-content\/uploads\/2026\/08\/IMG_3953-1536x2048.jpg 1536w, https:\/\/dominicasanunciata.org\/wp-content\/uploads\/2026\/08\/IMG_3953-scaled.jpg 1920w\" sizes=\"auto, (max-width: 768px) 100vw, 768px\" \/><\/figure>\n\n\n\n<figure class=\"wp-block-image size-large\"><img loading=\"lazy\" decoding=\"async\" width=\"768\" height=\"1024\" src=\"https:\/\/dominicasanunciata.org\/wp-content\/uploads\/2026\/08\/IMG_3952-768x1024.jpg\" alt=\"\" class=\"wp-image-73412\" srcset=\"https:\/\/dominicasanunciata.org\/wp-content\/uploads\/2026\/08\/IMG_3952-768x1024.jpg 768w, https:\/\/dominicasanunciata.org\/wp-content\/uploads\/2026\/08\/IMG_3952-225x300.jpg 225w, https:\/\/dominicasanunciata.org\/wp-content\/uploads\/2026\/08\/IMG_3952-1152x1536.jpg 1152w, https:\/\/dominicasanunciata.org\/wp-content\/uploads\/2026\/08\/IMG_3952-1536x2048.jpg 1536w, https:\/\/dominicasanunciata.org\/wp-content\/uploads\/2026\/08\/IMG_3952-scaled.jpg 1920w\" sizes=\"auto, (max-width: 768px) 100vw, 768px\" \/><\/figure>\n\n\n\n<figure class=\"wp-block-image size-large\"><img loading=\"lazy\" decoding=\"async\" width=\"1024\" height=\"768\" src=\"https:\/\/dominicasanunciata.org\/wp-content\/uploads\/2026\/08\/IMG_3980-1024x768.jpg\" alt=\"\" class=\"wp-image-73427\" srcset=\"https:\/\/dominicasanunciata.org\/wp-content\/uploads\/2026\/08\/IMG_3980-1024x768.jpg 1024w, https:\/\/dominicasanunciata.org\/wp-content\/uploads\/2026\/08\/IMG_3980-300x225.jpg 300w, https:\/\/dominicasanunciata.org\/wp-content\/uploads\/2026\/08\/IMG_3980-768x576.jpg 768w, https:\/\/dominicasanunciata.org\/wp-content\/uploads\/2026\/08\/IMG_3980-1536x1152.jpg 1536w, https:\/\/dominicasanunciata.org\/wp-content\/uploads\/2026\/08\/IMG_3980-2048x1536.jpg 2048w\" sizes=\"auto, (max-width: 1024px) 100vw, 1024px\" \/><\/figure>\n\n\n\n<figure class=\"wp-block-image size-large\"><img loading=\"lazy\" decoding=\"async\" width=\"1024\" height=\"768\" src=\"https:\/\/dominicasanunciata.org\/wp-content\/uploads\/2026\/08\/foto-final-1024x768.jpg\" alt=\"\" class=\"wp-image-73397\" srcset=\"https:\/\/dominicasanunciata.org\/wp-content\/uploads\/2026\/08\/foto-final-1024x768.jpg 1024w, https:\/\/dominicasanunciata.org\/wp-content\/uploads\/2026\/08\/foto-final-300x225.jpg 300w, https:\/\/dominicasanunciata.org\/wp-content\/uploads\/2026\/08\/foto-final-768x576.jpg 768w, https:\/\/dominicasanunciata.org\/wp-content\/uploads\/2026\/08\/foto-final-1536x1152.jpg 1536w, https:\/\/dominicasanunciata.org\/wp-content\/uploads\/2026\/08\/foto-final-2048x1536.jpg 2048w\" sizes=\"auto, (max-width: 1024px) 100vw, 1024px\" \/><\/figure>\n\n\n\n<figure class=\"wp-block-image size-large\"><img loading=\"lazy\" decoding=\"async\" width=\"1024\" height=\"768\" src=\"https:\/\/dominicasanunciata.org\/wp-content\/uploads\/2026\/08\/foto-final-2-1024x768.jpg\" alt=\"\" class=\"wp-image-73392\" srcset=\"https:\/\/dominicasanunciata.org\/wp-content\/uploads\/2026\/08\/foto-final-2-1024x768.jpg 1024w, https:\/\/dominicasanunciata.org\/wp-content\/uploads\/2026\/08\/foto-final-2-300x225.jpg 300w, https:\/\/dominicasanunciata.org\/wp-content\/uploads\/2026\/08\/foto-final-2-768x576.jpg 768w, https:\/\/dominicasanunciata.org\/wp-content\/uploads\/2026\/08\/foto-final-2-1536x1152.jpg 1536w, https:\/\/dominicasanunciata.org\/wp-content\/uploads\/2026\/08\/foto-final-2-2048x1536.jpg 2048w\" sizes=\"auto, (max-width: 1024px) 100vw, 1024px\" \/><\/figure>\n\n\n\n<p class=\"wp-block-paragraph\"><\/p>\n","protected":false},"excerpt":{"rendered":"<p>Madrid, 26 de agosto de 2026. Com profunda emo\u00e7\u00e3o, alegria e entusiasmo, Madrid acolheu ao meio-dia a rel\u00edquia peregrina de S\u00e3o Francisco Coll, que continua o seu caminho como sinal de comunh\u00e3o, mem\u00f3ria viva do carisma e renova\u00e7\u00e3o da miss\u00e3o evangelizadora da Congrega\u00e7\u00e3o. A rel\u00edquia chegou ao Aeroporto Adolfo Su\u00e1rez Madrid-Barajas acompanhada pela Delegada do &hellip; <a href=\"https:\/\/dominicasanunciata.org\/pt-br\/a-reliquia-peregrina-do-padre-coll-chega-a-madrid\/\" class=\"more-link\">Continue reading <span class=\"screen-reader-text\">A rel\u00edquia peregrina do Padre Coll chega a Madrid<\/span> <span class=\"meta-nav\">&rarr;<\/span><\/a><\/p>\n","protected":false},"author":7,"featured_media":73392,"comment_status":"open","ping_status":"closed","sticky":false,"template":"","format":"standard","meta":{"footnotes":""},"categories":[53],"tags":[],"class_list":["post-73462","post","type-post","status-publish","format-standard","has-post-thumbnail","hentry","category-peregrinacao-blog"],"yoast_head":"<!-- This site is optimized with the Yoast SEO plugin v28.3 - https:\/\/yoast.com\/product\/yoast-seo-wordpress\/ -->\n<title>A rel\u00edquia peregrina do Padre Coll chega a Madrid - Dominicas de la Anunciata<\/title>\n<meta name=\"robots\" content=\"index, follow, max-snippet:-1, max-image-preview:large, max-video-preview:-1\" \/>\n<link rel=\"canonical\" href=\"https:\/\/dominicasanunciata.org\/pt-br\/a-reliquia-peregrina-do-padre-coll-chega-a-madrid\/\" \/>\n<meta property=\"og:locale\" content=\"pt_BR\" \/>\n<meta property=\"og:type\" content=\"article\" \/>\n<meta property=\"og:title\" content=\"A rel\u00edquia peregrina do Padre Coll chega a Madrid - Dominicas de la Anunciata\" \/>\n<meta property=\"og:description\" content=\"Madrid, 26 de agosto de 2026. Com profunda emo\u00e7\u00e3o, alegria e entusiasmo, Madrid acolheu ao meio-dia a rel\u00edquia peregrina de S\u00e3o Francisco Coll, que continua o seu caminho como sinal de comunh\u00e3o, mem\u00f3ria viva do carisma e renova\u00e7\u00e3o da miss\u00e3o evangelizadora da Congrega\u00e7\u00e3o. A rel\u00edquia chegou ao Aeroporto Adolfo Su\u00e1rez Madrid-Barajas acompanhada pela Delegada do &hellip; Continue reading A rel\u00edquia peregrina do Padre Coll chega a Madrid &rarr;\" \/>\n<meta property=\"og:url\" content=\"https:\/\/dominicasanunciata.org\/pt-br\/a-reliquia-peregrina-do-padre-coll-chega-a-madrid\/\" \/>\n<meta property=\"og:site_name\" content=\"Dominicas de la Anunciata\" \/>\n<meta property=\"article:published_time\" content=\"2026-08-26T20:04:37+00:00\" \/>\n<meta property=\"article:modified_time\" content=\"2026-08-26T20:36:28+00:00\" \/>\n<meta property=\"og:image\" content=\"https:\/\/dominicasanunciata.org\/wp-content\/uploads\/2026\/08\/foto-final-2-scaled.jpg\" \/>\n\t<meta property=\"og:image:width\" content=\"2560\" \/>\n\t<meta property=\"og:image:height\" content=\"1920\" \/>\n\t<meta property=\"og:image:type\" content=\"image\/jpeg\" \/>\n<meta name=\"author\" content=\"glecy\" \/>\n<meta name=\"twitter:card\" content=\"summary_large_image\" \/>\n<meta name=\"twitter:label1\" content=\"Escrito por\" \/>\n\t<meta name=\"twitter:data1\" content=\"glecy\" \/>\n\t<meta name=\"twitter:label2\" content=\"Est. tempo de leitura\" \/>\n\t<meta name=\"twitter:data2\" content=\"6 minutos\" \/>\n<script type=\"application\/ld+json\" class=\"yoast-schema-graph\">{\"@context\":\"https:\\\/\\\/schema.org\",\"@graph\":[{\"@type\":\"Article\",\"@id\":\"https:\\\/\\\/dominicasanunciata.org\\\/pt-br\\\/a-reliquia-peregrina-do-padre-coll-chega-a-madrid\\\/#article\",\"isPartOf\":{\"@id\":\"https:\\\/\\\/dominicasanunciata.org\\\/pt-br\\\/a-reliquia-peregrina-do-padre-coll-chega-a-madrid\\\/\"},\"author\":{\"name\":\"glecy\",\"@id\":\"https:\\\/\\\/dominicasanunciata.org\\\/#\\\/schema\\\/person\\\/06415c634679ba29db3c825f669e7596\"},\"headline\":\"A rel\u00edquia peregrina do Padre Coll chega a Madrid\",\"datePublished\":\"2026-08-26T20:04:37+00:00\",\"dateModified\":\"2026-08-26T20:36:28+00:00\",\"mainEntityOfPage\":{\"@id\":\"https:\\\/\\\/dominicasanunciata.org\\\/pt-br\\\/a-reliquia-peregrina-do-padre-coll-chega-a-madrid\\\/\"},\"wordCount\":813,\"commentCount\":0,\"image\":{\"@id\":\"https:\\\/\\\/dominicasanunciata.org\\\/pt-br\\\/a-reliquia-peregrina-do-padre-coll-chega-a-madrid\\\/#primaryimage\"},\"thumbnailUrl\":\"https:\\\/\\\/dominicasanunciata.org\\\/wp-content\\\/uploads\\\/2026\\\/08\\\/foto-final-2-scaled.jpg\",\"articleSection\":[\"Peregrina\u00e7\u00e3o\"],\"inLanguage\":\"pt-BR\",\"potentialAction\":[{\"@type\":\"CommentAction\",\"name\":\"Comment\",\"target\":[\"https:\\\/\\\/dominicasanunciata.org\\\/pt-br\\\/a-reliquia-peregrina-do-padre-coll-chega-a-madrid\\\/#respond\"]}]},{\"@type\":\"WebPage\",\"@id\":\"https:\\\/\\\/dominicasanunciata.org\\\/pt-br\\\/a-reliquia-peregrina-do-padre-coll-chega-a-madrid\\\/\",\"url\":\"https:\\\/\\\/dominicasanunciata.org\\\/pt-br\\\/a-reliquia-peregrina-do-padre-coll-chega-a-madrid\\\/\",\"name\":\"A rel\u00edquia peregrina do Padre Coll chega a Madrid - Dominicas de la Anunciata\",\"isPartOf\":{\"@id\":\"https:\\\/\\\/dominicasanunciata.org\\\/#website\"},\"primaryImageOfPage\":{\"@id\":\"https:\\\/\\\/dominicasanunciata.org\\\/pt-br\\\/a-reliquia-peregrina-do-padre-coll-chega-a-madrid\\\/#primaryimage\"},\"image\":{\"@id\":\"https:\\\/\\\/dominicasanunciata.org\\\/pt-br\\\/a-reliquia-peregrina-do-padre-coll-chega-a-madrid\\\/#primaryimage\"},\"thumbnailUrl\":\"https:\\\/\\\/dominicasanunciata.org\\\/wp-content\\\/uploads\\\/2026\\\/08\\\/foto-final-2-scaled.jpg\",\"datePublished\":\"2026-08-26T20:04:37+00:00\",\"dateModified\":\"2026-08-26T20:36:28+00:00\",\"author\":{\"@id\":\"https:\\\/\\\/dominicasanunciata.org\\\/#\\\/schema\\\/person\\\/06415c634679ba29db3c825f669e7596\"},\"breadcrumb\":{\"@id\":\"https:\\\/\\\/dominicasanunciata.org\\\/pt-br\\\/a-reliquia-peregrina-do-padre-coll-chega-a-madrid\\\/#breadcrumb\"},\"inLanguage\":\"pt-BR\",\"potentialAction\":[{\"@type\":\"ReadAction\",\"target\":[\"https:\\\/\\\/dominicasanunciata.org\\\/pt-br\\\/a-reliquia-peregrina-do-padre-coll-chega-a-madrid\\\/\"]}]},{\"@type\":\"ImageObject\",\"inLanguage\":\"pt-BR\",\"@id\":\"https:\\\/\\\/dominicasanunciata.org\\\/pt-br\\\/a-reliquia-peregrina-do-padre-coll-chega-a-madrid\\\/#primaryimage\",\"url\":\"https:\\\/\\\/dominicasanunciata.org\\\/wp-content\\\/uploads\\\/2026\\\/08\\\/foto-final-2-scaled.jpg\",\"contentUrl\":\"https:\\\/\\\/dominicasanunciata.org\\\/wp-content\\\/uploads\\\/2026\\\/08\\\/foto-final-2-scaled.jpg\",\"width\":2560,\"height\":1920},{\"@type\":\"BreadcrumbList\",\"@id\":\"https:\\\/\\\/dominicasanunciata.org\\\/pt-br\\\/a-reliquia-peregrina-do-padre-coll-chega-a-madrid\\\/#breadcrumb\",\"itemListElement\":[{\"@type\":\"ListItem\",\"position\":1,\"name\":\"Portada\",\"item\":\"https:\\\/\\\/dominicasanunciata.org\\\/\"},{\"@type\":\"ListItem\",\"position\":2,\"name\":\"A rel\u00edquia peregrina do Padre Coll chega a Madrid\"}]},{\"@type\":\"WebSite\",\"@id\":\"https:\\\/\\\/dominicasanunciata.org\\\/#website\",\"url\":\"https:\\\/\\\/dominicasanunciata.org\\\/\",\"name\":\"Dominicas de la Anunciata\",\"description\":\"Dominicas de la Anunciata\",\"potentialAction\":[{\"@type\":\"SearchAction\",\"target\":{\"@type\":\"EntryPoint\",\"urlTemplate\":\"https:\\\/\\\/dominicasanunciata.org\\\/?s={search_term_string}\"},\"query-input\":{\"@type\":\"PropertyValueSpecification\",\"valueRequired\":true,\"valueName\":\"search_term_string\"}}],\"inLanguage\":\"pt-BR\"},{\"@type\":\"Person\",\"@id\":\"https:\\\/\\\/dominicasanunciata.org\\\/#\\\/schema\\\/person\\\/06415c634679ba29db3c825f669e7596\",\"name\":\"glecy\",\"image\":{\"@type\":\"ImageObject\",\"inLanguage\":\"pt-BR\",\"@id\":\"https:\\\/\\\/secure.gravatar.com\\\/avatar\\\/e488e7ceada4edbd029a1f8c9b1a3018a6d9519486d1af49ad228f33f9ec5d69?s=96&d=mm&r=g\",\"url\":\"https:\\\/\\\/secure.gravatar.com\\\/avatar\\\/e488e7ceada4edbd029a1f8c9b1a3018a6d9519486d1af49ad228f33f9ec5d69?s=96&d=mm&r=g\",\"contentUrl\":\"https:\\\/\\\/secure.gravatar.com\\\/avatar\\\/e488e7ceada4edbd029a1f8c9b1a3018a6d9519486d1af49ad228f33f9ec5d69?s=96&d=mm&r=g\",\"caption\":\"glecy\"},\"url\":\"https:\\\/\\\/dominicasanunciata.org\\\/pt-br\\\/author\\\/glecy\\\/\"}]}<\/script>\n<!-- \/ Yoast SEO plugin. -->","yoast_head_json":{"title":"A rel\u00edquia peregrina do Padre Coll chega a Madrid - Dominicas de la Anunciata","robots":{"index":"index","follow":"follow","max-snippet":"max-snippet:-1","max-image-preview":"max-image-preview:large","max-video-preview":"max-video-preview:-1"},"canonical":"https:\/\/dominicasanunciata.org\/pt-br\/a-reliquia-peregrina-do-padre-coll-chega-a-madrid\/","og_locale":"pt_BR","og_type":"article","og_title":"A rel\u00edquia peregrina do Padre Coll chega a Madrid - Dominicas de la Anunciata","og_description":"Madrid, 26 de agosto de 2026. Com profunda emo\u00e7\u00e3o, alegria e entusiasmo, Madrid acolheu ao meio-dia a rel\u00edquia peregrina de S\u00e3o Francisco Coll, que continua o seu caminho como sinal de comunh\u00e3o, mem\u00f3ria viva do carisma e renova\u00e7\u00e3o da miss\u00e3o evangelizadora da Congrega\u00e7\u00e3o. A rel\u00edquia chegou ao Aeroporto Adolfo Su\u00e1rez Madrid-Barajas acompanhada pela Delegada do &hellip; Continue reading A rel\u00edquia peregrina do Padre Coll chega a Madrid &rarr;","og_url":"https:\/\/dominicasanunciata.org\/pt-br\/a-reliquia-peregrina-do-padre-coll-chega-a-madrid\/","og_site_name":"Dominicas de la Anunciata","article_published_time":"2026-08-26T20:04:37+00:00","article_modified_time":"2026-08-26T20:36:28+00:00","og_image":[{"width":2560,"height":1920,"url":"https:\/\/dominicasanunciata.org\/wp-content\/uploads\/2026\/08\/foto-final-2-scaled.jpg","type":"image\/jpeg"}],"author":"glecy","twitter_card":"summary_large_image","twitter_misc":{"Escrito por":"glecy","Est. tempo de leitura":"6 minutos"},"schema":{"@context":"https:\/\/schema.org","@graph":[{"@type":"Article","@id":"https:\/\/dominicasanunciata.org\/pt-br\/a-reliquia-peregrina-do-padre-coll-chega-a-madrid\/#article","isPartOf":{"@id":"https:\/\/dominicasanunciata.org\/pt-br\/a-reliquia-peregrina-do-padre-coll-chega-a-madrid\/"},"author":{"name":"glecy","@id":"https:\/\/dominicasanunciata.org\/#\/schema\/person\/06415c634679ba29db3c825f669e7596"},"headline":"A rel\u00edquia peregrina do Padre Coll chega a Madrid","datePublished":"2026-08-26T20:04:37+00:00","dateModified":"2026-08-26T20:36:28+00:00","mainEntityOfPage":{"@id":"https:\/\/dominicasanunciata.org\/pt-br\/a-reliquia-peregrina-do-padre-coll-chega-a-madrid\/"},"wordCount":813,"commentCount":0,"image":{"@id":"https:\/\/dominicasanunciata.org\/pt-br\/a-reliquia-peregrina-do-padre-coll-chega-a-madrid\/#primaryimage"},"thumbnailUrl":"https:\/\/dominicasanunciata.org\/wp-content\/uploads\/2026\/08\/foto-final-2-scaled.jpg","articleSection":["Peregrina\u00e7\u00e3o"],"inLanguage":"pt-BR","potentialAction":[{"@type":"CommentAction","name":"Comment","target":["https:\/\/dominicasanunciata.org\/pt-br\/a-reliquia-peregrina-do-padre-coll-chega-a-madrid\/#respond"]}]},{"@type":"WebPage","@id":"https:\/\/dominicasanunciata.org\/pt-br\/a-reliquia-peregrina-do-padre-coll-chega-a-madrid\/","url":"https:\/\/dominicasanunciata.org\/pt-br\/a-reliquia-peregrina-do-padre-coll-chega-a-madrid\/","name":"A rel\u00edquia peregrina do Padre Coll chega a Madrid - Dominicas de la Anunciata","isPartOf":{"@id":"https:\/\/dominicasanunciata.org\/#website"},"primaryImageOfPage":{"@id":"https:\/\/dominicasanunciata.org\/pt-br\/a-reliquia-peregrina-do-padre-coll-chega-a-madrid\/#primaryimage"},"image":{"@id":"https:\/\/dominicasanunciata.org\/pt-br\/a-reliquia-peregrina-do-padre-coll-chega-a-madrid\/#primaryimage"},"thumbnailUrl":"https:\/\/dominicasanunciata.org\/wp-content\/uploads\/2026\/08\/foto-final-2-scaled.jpg","datePublished":"2026-08-26T20:04:37+00:00","dateModified":"2026-08-26T20:36:28+00:00","author":{"@id":"https:\/\/dominicasanunciata.org\/#\/schema\/person\/06415c634679ba29db3c825f669e7596"},"breadcrumb":{"@id":"https:\/\/dominicasanunciata.org\/pt-br\/a-reliquia-peregrina-do-padre-coll-chega-a-madrid\/#breadcrumb"},"inLanguage":"pt-BR","potentialAction":[{"@type":"ReadAction","target":["https:\/\/dominicasanunciata.org\/pt-br\/a-reliquia-peregrina-do-padre-coll-chega-a-madrid\/"]}]},{"@type":"ImageObject","inLanguage":"pt-BR","@id":"https:\/\/dominicasanunciata.org\/pt-br\/a-reliquia-peregrina-do-padre-coll-chega-a-madrid\/#primaryimage","url":"https:\/\/dominicasanunciata.org\/wp-content\/uploads\/2026\/08\/foto-final-2-scaled.jpg","contentUrl":"https:\/\/dominicasanunciata.org\/wp-content\/uploads\/2026\/08\/foto-final-2-scaled.jpg","width":2560,"height":1920},{"@type":"BreadcrumbList","@id":"https:\/\/dominicasanunciata.org\/pt-br\/a-reliquia-peregrina-do-padre-coll-chega-a-madrid\/#breadcrumb","itemListElement":[{"@type":"ListItem","position":1,"name":"Portada","item":"https:\/\/dominicasanunciata.org\/"},{"@type":"ListItem","position":2,"name":"A rel\u00edquia peregrina do Padre Coll chega a Madrid"}]},{"@type":"WebSite","@id":"https:\/\/dominicasanunciata.org\/#website","url":"https:\/\/dominicasanunciata.org\/","name":"Dominicas de la Anunciata","description":"Dominicas de la Anunciata","potentialAction":[{"@type":"SearchAction","target":{"@type":"EntryPoint","urlTemplate":"https:\/\/dominicasanunciata.org\/?s={search_term_string}"},"query-input":{"@type":"PropertyValueSpecification","valueRequired":true,"valueName":"search_term_string"}}],"inLanguage":"pt-BR"},{"@type":"Person","@id":"https:\/\/dominicasanunciata.org\/#\/schema\/person\/06415c634679ba29db3c825f669e7596","name":"glecy","image":{"@type":"ImageObject","inLanguage":"pt-BR","@id":"https:\/\/secure.gravatar.com\/avatar\/e488e7ceada4edbd029a1f8c9b1a3018a6d9519486d1af49ad228f33f9ec5d69?s=96&d=mm&r=g","url":"https:\/\/secure.gravatar.com\/avatar\/e488e7ceada4edbd029a1f8c9b1a3018a6d9519486d1af49ad228f33f9ec5d69?s=96&d=mm&r=g","contentUrl":"https:\/\/secure.gravatar.com\/avatar\/e488e7ceada4edbd029a1f8c9b1a3018a6d9519486d1af49ad228f33f9ec5d69?s=96&d=mm&r=g","caption":"glecy"},"url":"https:\/\/dominicasanunciata.org\/pt-br\/author\/glecy\/"}]}},"_links":{"self":[{"href":"https:\/\/dominicasanunciata.org\/pt-br\/wp-json\/wp\/v2\/posts\/73462","targetHints":{"allow":["GET"]}}],"collection":[{"href":"https:\/\/dominicasanunciata.org\/pt-br\/wp-json\/wp\/v2\/posts"}],"about":[{"href":"https:\/\/dominicasanunciata.org\/pt-br\/wp-json\/wp\/v2\/types\/post"}],"author":[{"embeddable":true,"href":"https:\/\/dominicasanunciata.org\/pt-br\/wp-json\/wp\/v2\/users\/7"}],"replies":[{"embeddable":true,"href":"https:\/\/dominicasanunciata.org\/pt-br\/wp-json\/wp\/v2\/comments?post=73462"}],"version-history":[{"count":1,"href":"https:\/\/dominicasanunciata.org\/pt-br\/wp-json\/wp\/v2\/posts\/73462\/revisions"}],"predecessor-version":[{"id":73463,"href":"https:\/\/dominicasanunciata.org\/pt-br\/wp-json\/wp\/v2\/posts\/73462\/revisions\/73463"}],"wp:featuredmedia":[{"embeddable":true,"href":"https:\/\/dominicasanunciata.org\/pt-br\/wp-json\/wp\/v2\/media\/73392"}],"wp:attachment":[{"href":"https:\/\/dominicasanunciata.org\/pt-br\/wp-json\/wp\/v2\/media?parent=73462"}],"wp:term":[{"taxonomy":"category","embeddable":true,"href":"https:\/\/dominicasanunciata.org\/pt-br\/wp-json\/wp\/v2\/categories?post=73462"},{"taxonomy":"post_tag","embeddable":true,"href":"https:\/\/dominicasanunciata.org\/pt-br\/wp-json\/wp\/v2\/tags?post=73462"}],"curies":[{"name":"wp","href":"https:\/\/api.w.org\/{rel}","templated":true}]}}