{"id":73603,"date":"2026-09-04T19:43:25","date_gmt":"2026-09-04T17:43:25","guid":{"rendered":"https:\/\/dominicasanunciata.org\/?p=73603"},"modified":"2026-09-04T19:50:41","modified_gmt":"2026-09-04T17:50:41","slug":"25-ans-de-vie-consacree-celebres-a-lezignan-corbieres","status":"publish","type":"post","link":"https:\/\/dominicasanunciata.org\/fr\/25-ans-de-vie-consacree-celebres-a-lezignan-corbieres\/","title":{"rendered":"25 ans de vie consacr\u00e9e c\u00e9l\u00e9br\u00e9s \u00e0 L\u00e9zignan-Corbi\u00e8res"},"content":{"rendered":"\n<p class=\"wp-block-paragraph\">La communaut\u00e9 de <strong>L\u00e9zignan-Corbi\u00e8res, en France<\/strong>, a v\u00e9cu avec joie et gratitude la c\u00e9l\u00e9bration des <strong>25 ans de profession religieuse de S\u0153ur Veneranda Nyirahatangiman<\/strong>. Ce fut une journ\u00e9e marqu\u00e9e par l\u2019action de gr\u00e2ce \u00e0 Dieu pour le don de sa vocation et pour tant d\u2019ann\u00e9es de d\u00e9vouement au service de Dieu, de l\u2019\u00c9glise et de la mission de la Congr\u00e9gation.<\/p>\n\n\n\n<p class=\"wp-block-paragraph\">La c\u00e9l\u00e9bration eucharistique d\u2019action de gr\u00e2ce \u00e9tait pr\u00e9sid\u00e9e par <strong>Monseigneur Bruno Valentin, \u00e9v\u00eaque de Narbonne et Carcassonne<\/strong>, accompagn\u00e9 de plusieurs pr\u00eatres, parmi lesquels le cur\u00e9 et le vicaire de la paroisse Saint-R\u00e9gis. La pr\u00e9sence de l\u2019\u00e9v\u00eaque et des pr\u00eatres a exprim\u00e9 d\u2019une mani\u00e8re particuli\u00e8re la communion de l\u2019\u00c9glise et son accompagnement de la vie consacr\u00e9e.<\/p>\n\n\n\n<p class=\"wp-block-paragraph\">La communaut\u00e9 de L\u00e9zignan-Corbi\u00e8res est l\u2019une des maisons d\u00e9pendant directement de la <strong>Prieure G\u00e9n\u00e9rale<\/strong>. Pour cette raison, <strong>S\u0153ur Ana Bel\u00e9n Ver\u00edsimo Garc\u00eda, Prieure G\u00e9n\u00e9rale<\/strong>, accompagn\u00e9e de quelques Conseill\u00e8res G\u00e9n\u00e9rales, a souhait\u00e9 \u00eatre pr\u00e9sente \u00e0 cette c\u00e9l\u00e9bration comme expression d\u2019action de gr\u00e2ce \u00e0 Dieu pour la vocation de S\u0153ur Veneranda et comme signe de communion et de fraternit\u00e9.<\/p>\n\n\n\n<p class=\"wp-block-paragraph\">La c\u00e9l\u00e9bration a \u00e9galement compt\u00e9 sur la pr\u00e9sence des dames \u00e2g\u00e9es de la maison, que les s\u0153urs accompagnent et prennent soin, ainsi que de leurs familles, des membres de la paroisse, des bienfaiteurs, des amis de S\u0153ur Veneranda et de la communaut\u00e9. Tous ont voulu s\u2019unir \u00e0 ce moment si significatif, faisant de cette c\u00e9l\u00e9bration une v\u00e9ritable expression de famille, de proximit\u00e9 et de fraternit\u00e9.<\/p>\n\n\n\n<p class=\"wp-block-paragraph\">Au cours d\u2019une <strong>solennelle c\u00e9l\u00e9bration eucharistique<\/strong>, S\u0153ur Veneranda a renouvel\u00e9 sa cons\u00e9cration \u00e0 Dieu comme <strong>Dominicaine de l\u2019Anunciata<\/strong>, r\u00e9affirmant avec joie et confiance le \u00ab oui \u00bb prononc\u00e9 il y a 25 ans.<\/p>\n\n\n\n<p class=\"wp-block-paragraph\">Avant la conclusion de l\u2019Eucharistie, S\u0153ur Veneranda a adress\u00e9 des paroles de gratitude \u00e0 toutes les personnes qui ont \u00e9t\u00e9 importantes dans sa vie et dans son cheminement vocationnel.<\/p>\n\n\n\n<p class=\"wp-block-paragraph\">S\u0153ur Ana Bel\u00e9n a \u00e9galement exprim\u00e9 sa gratitude \u00e0 toutes les personnes qui ont souhait\u00e9 accompagner S\u0153ur Veneranda \u00e0 l\u2019occasion de cette c\u00e9l\u00e9bration. D\u2019une mani\u00e8re particuli\u00e8re, elle a remerci\u00e9 le peuple de <strong>L\u00e9zignan-Corbi\u00e8res<\/strong> pour l\u2019accueil, l\u2019accompagnement et le soutien qu\u2019il apporte \u00e0 la communaut\u00e9 des s\u0153urs dans l\u2019accomplissement de sa mission.<\/p>\n\n\n\n<p class=\"wp-block-paragraph\">Apr\u00e8s la c\u00e9l\u00e9bration eucharistique solennelle, tous se sont retrouv\u00e9s dans la salle paroissiale, o\u00f9 ils ont partag\u00e9 un repas simple pr\u00e9par\u00e9 avec soin. Dans une ambiance joyeuse et fraternelle, ils ont continu\u00e9 \u00e0 c\u00e9l\u00e9brer et \u00e0 rendre gr\u00e2ce pour la vocation de S\u0153ur Veneranda et pour le chemin partag\u00e9 durant ces 25 ann\u00e9es.<\/p>\n\n\n\n<p class=\"wp-block-paragraph\">La c\u00e9l\u00e9bration de cet anniversaire fut avant tout une occasion de <strong>rendre gr\u00e2ce \u00e0 Dieu pour le don de la vocation consacr\u00e9e<\/strong>, pour la fid\u00e9lit\u00e9 qui la soutient chaque jour et pour toutes les personnes qui font partie du chemin des s\u0153urs.<\/p>\n\n\n\n<p class=\"wp-block-paragraph\">Nous rendons gr\u00e2ce \u00e0 Dieu pour la vocation de S\u0153ur Veneranda et nous lui demandons de la <strong>conserver toujours fid\u00e8le \u00e0 son appel<\/strong>, renouvelant chaque jour son engagement envers le Seigneur et envers la mission de l\u2019Anunciata.<\/p>\n\n\n\n<p class=\"wp-block-paragraph\"><strong>F\u00e9licitations, S\u0153ur Veneranda, pour ces 25 ann\u00e9es de d\u00e9vouement, de fid\u00e9lit\u00e9 et de service !<\/strong><\/p>\n\n\n\n<figure class=\"wp-block-image size-large\"><img loading=\"lazy\" decoding=\"async\" width=\"1024\" height=\"472\" src=\"https:\/\/dominicasanunciata.org\/wp-content\/uploads\/2026\/09\/WhatsApp-Image-2026-09-04-at-16.03.58-1024x472.jpeg\" alt=\"\" class=\"wp-image-73595\" srcset=\"https:\/\/dominicasanunciata.org\/wp-content\/uploads\/2026\/09\/WhatsApp-Image-2026-09-04-at-16.03.58-1024x472.jpeg 1024w, https:\/\/dominicasanunciata.org\/wp-content\/uploads\/2026\/09\/WhatsApp-Image-2026-09-04-at-16.03.58-300x138.jpeg 300w, https:\/\/dominicasanunciata.org\/wp-content\/uploads\/2026\/09\/WhatsApp-Image-2026-09-04-at-16.03.58-768x354.jpeg 768w, https:\/\/dominicasanunciata.org\/wp-content\/uploads\/2026\/09\/WhatsApp-Image-2026-09-04-at-16.03.58-1536x708.jpeg 1536w, https:\/\/dominicasanunciata.org\/wp-content\/uploads\/2026\/09\/WhatsApp-Image-2026-09-04-at-16.03.58.jpeg 2000w\" sizes=\"auto, (max-width: 1024px) 100vw, 1024px\" \/><\/figure>\n\n\n\n<figure class=\"wp-block-image size-full\"><img loading=\"lazy\" decoding=\"async\" width=\"2000\" height=\"922\" src=\"https:\/\/dominicasanunciata.org\/wp-content\/uploads\/2026\/09\/WhatsApp-Image-2026-09-04-at-16.03.43-1.jpeg\" alt=\"\" class=\"wp-image-73570\"\/><\/figure>\n\n\n\n<figure class=\"wp-block-image size-full\"><img loading=\"lazy\" decoding=\"async\" width=\"2000\" height=\"922\" src=\"https:\/\/dominicasanunciata.org\/wp-content\/uploads\/2026\/09\/WhatsApp-Image-2026-09-04-at-16.02.55.jpeg\" alt=\"\" class=\"wp-image-73560\"\/><\/figure>\n\n\n\n<figure class=\"wp-block-image size-full\"><img loading=\"lazy\" decoding=\"async\" width=\"2000\" height=\"922\" src=\"https:\/\/dominicasanunciata.org\/wp-content\/uploads\/2026\/09\/WhatsApp-Image-2026-09-04-at-16.02.47.jpeg\" alt=\"\" class=\"wp-image-73555\"\/><\/figure>\n\n\n\n<figure class=\"wp-block-image size-full\"><img loading=\"lazy\" decoding=\"async\" width=\"2000\" height=\"922\" src=\"https:\/\/dominicasanunciata.org\/wp-content\/uploads\/2026\/09\/WhatsApp-Image-2026-09-04-at-16.02.46.jpeg\" alt=\"\" class=\"wp-image-73550\"\/><\/figure>\n\n\n\n<figure class=\"wp-block-image size-full\"><img loading=\"lazy\" decoding=\"async\" width=\"2000\" height=\"922\" src=\"https:\/\/dominicasanunciata.org\/wp-content\/uploads\/2026\/09\/WhatsApp-Image-2026-09-04-at-16.02.56.jpeg\" alt=\"\" class=\"wp-image-73565\"\/><\/figure>\n\n\n\n<figure class=\"wp-block-image size-full\"><img loading=\"lazy\" decoding=\"async\" width=\"2000\" height=\"922\" src=\"https:\/\/dominicasanunciata.org\/wp-content\/uploads\/2026\/09\/WhatsApp-Image-2026-09-04-at-16.03.56.jpeg\" alt=\"\" class=\"wp-image-73575\"\/><\/figure>\n\n\n\n<figure class=\"wp-block-image size-full\"><img loading=\"lazy\" decoding=\"async\" width=\"2000\" height=\"922\" src=\"https:\/\/dominicasanunciata.org\/wp-content\/uploads\/2026\/09\/WhatsApp-Image-2026-09-04-at-16.04.02.jpeg\" alt=\"\" class=\"wp-image-73585\"\/><\/figure>\n\n\n\n<figure class=\"wp-block-image size-full\"><img loading=\"lazy\" decoding=\"async\" width=\"2000\" height=\"922\" src=\"https:\/\/dominicasanunciata.org\/wp-content\/uploads\/2026\/09\/WhatsApp-Image-2026-09-04-at-16.04.00.jpeg\" alt=\"\" class=\"wp-image-73580\"\/><\/figure>\n\n\n\n<figure class=\"wp-block-image size-full\"><img loading=\"lazy\" decoding=\"async\" width=\"2000\" height=\"922\" src=\"https:\/\/dominicasanunciata.org\/wp-content\/uploads\/2026\/09\/WhatsApp-Image-2026-09-04-at-16.04.02-1.jpeg\" alt=\"\" class=\"wp-image-73590\"\/><\/figure>\n","protected":false},"excerpt":{"rendered":"<p>La communaut\u00e9 de L\u00e9zignan-Corbi\u00e8res, en France, a v\u00e9cu avec joie et gratitude la c\u00e9l\u00e9bration des 25 ans de profession religieuse de S\u0153ur Veneranda Nyirahatangiman. Ce fut une journ\u00e9e marqu\u00e9e par l\u2019action de gr\u00e2ce \u00e0 Dieu pour le don de sa vocation et pour tant d\u2019ann\u00e9es de d\u00e9vouement au service de Dieu, de l\u2019\u00c9glise et de &hellip; <a href=\"https:\/\/dominicasanunciata.org\/fr\/25-ans-de-vie-consacree-celebres-a-lezignan-corbieres\/\" class=\"more-link\">Continue reading <span class=\"screen-reader-text\">25 ans de vie consacr\u00e9e c\u00e9l\u00e9br\u00e9s \u00e0 L\u00e9zignan-Corbi\u00e8res<\/span> <span class=\"meta-nav\">&rarr;<\/span><\/a><\/p>\n","protected":false},"author":7,"featured_media":73595,"comment_status":"open","ping_status":"closed","sticky":false,"template":"","format":"standard","meta":{"footnotes":""},"categories":[34],"tags":[],"class_list":["post-73603","post","type-post","status-publish","format-standard","has-post-thumbnail","hentry","category-new"],"yoast_head":"<!-- This site is optimized with the Yoast SEO plugin v28.3 - https:\/\/yoast.com\/product\/yoast-seo-wordpress\/ -->\n<title>25 ans de vie consacr\u00e9e c\u00e9l\u00e9br\u00e9s \u00e0 L\u00e9zignan-Corbi\u00e8res - Dominicas de la Anunciata<\/title>\n<meta name=\"robots\" content=\"index, follow, max-snippet:-1, max-image-preview:large, max-video-preview:-1\" \/>\n<link rel=\"canonical\" href=\"https:\/\/dominicasanunciata.org\/fr\/25-ans-de-vie-consacree-celebres-a-lezignan-corbieres\/\" \/>\n<meta property=\"og:locale\" content=\"fr_FR\" \/>\n<meta property=\"og:type\" content=\"article\" \/>\n<meta property=\"og:title\" content=\"25 ans de vie consacr\u00e9e c\u00e9l\u00e9br\u00e9s \u00e0 L\u00e9zignan-Corbi\u00e8res - Dominicas de la Anunciata\" \/>\n<meta property=\"og:description\" content=\"La communaut\u00e9 de L\u00e9zignan-Corbi\u00e8res, en France, a v\u00e9cu avec joie et gratitude la c\u00e9l\u00e9bration des 25 ans de profession religieuse de S\u0153ur Veneranda Nyirahatangiman. Ce fut une journ\u00e9e marqu\u00e9e par l\u2019action de gr\u00e2ce \u00e0 Dieu pour le don de sa vocation et pour tant d\u2019ann\u00e9es de d\u00e9vouement au service de Dieu, de l\u2019\u00c9glise et de &hellip; Continue reading 25 ans de vie consacr\u00e9e c\u00e9l\u00e9br\u00e9s \u00e0 L\u00e9zignan-Corbi\u00e8res &rarr;\" \/>\n<meta property=\"og:url\" content=\"https:\/\/dominicasanunciata.org\/fr\/25-ans-de-vie-consacree-celebres-a-lezignan-corbieres\/\" \/>\n<meta property=\"og:site_name\" content=\"Dominicas de la Anunciata\" \/>\n<meta property=\"article:published_time\" content=\"2026-09-04T17:43:25+00:00\" \/>\n<meta property=\"article:modified_time\" content=\"2026-09-04T17:50:41+00:00\" \/>\n<meta property=\"og:image\" content=\"https:\/\/dominicasanunciata.org\/wp-content\/uploads\/2026\/09\/WhatsApp-Image-2026-09-04-at-16.03.58.jpeg\" \/>\n\t<meta property=\"og:image:width\" content=\"2000\" \/>\n\t<meta property=\"og:image:height\" content=\"922\" \/>\n\t<meta property=\"og:image:type\" content=\"image\/jpeg\" \/>\n<meta name=\"author\" content=\"glecy\" \/>\n<meta name=\"twitter:card\" content=\"summary_large_image\" \/>\n<meta name=\"twitter:label1\" content=\"\u00c9crit par\" \/>\n\t<meta name=\"twitter:data1\" content=\"glecy\" \/>\n\t<meta name=\"twitter:label2\" content=\"Dur\u00e9e de lecture estim\u00e9e\" \/>\n\t<meta name=\"twitter:data2\" content=\"5 minutes\" \/>\n<script type=\"application\/ld+json\" class=\"yoast-schema-graph\">{\"@context\":\"https:\\\/\\\/schema.org\",\"@graph\":[{\"@type\":\"Article\",\"@id\":\"https:\\\/\\\/dominicasanunciata.org\\\/fr\\\/25-ans-de-vie-consacree-celebres-a-lezignan-corbieres\\\/#article\",\"isPartOf\":{\"@id\":\"https:\\\/\\\/dominicasanunciata.org\\\/fr\\\/25-ans-de-vie-consacree-celebres-a-lezignan-corbieres\\\/\"},\"author\":{\"name\":\"glecy\",\"@id\":\"https:\\\/\\\/dominicasanunciata.org\\\/#\\\/schema\\\/person\\\/06415c634679ba29db3c825f669e7596\"},\"headline\":\"25 ans de vie consacr\u00e9e c\u00e9l\u00e9br\u00e9s \u00e0 L\u00e9zignan-Corbi\u00e8res\",\"datePublished\":\"2026-09-04T17:43:25+00:00\",\"dateModified\":\"2026-09-04T17:50:41+00:00\",\"mainEntityOfPage\":{\"@id\":\"https:\\\/\\\/dominicasanunciata.org\\\/fr\\\/25-ans-de-vie-consacree-celebres-a-lezignan-corbieres\\\/\"},\"wordCount\":603,\"commentCount\":0,\"image\":{\"@id\":\"https:\\\/\\\/dominicasanunciata.org\\\/fr\\\/25-ans-de-vie-consacree-celebres-a-lezignan-corbieres\\\/#primaryimage\"},\"thumbnailUrl\":\"https:\\\/\\\/dominicasanunciata.org\\\/wp-content\\\/uploads\\\/2026\\\/09\\\/WhatsApp-Image-2026-09-04-at-16.03.58.jpeg\",\"articleSection\":[\"New\"],\"inLanguage\":\"fr-FR\",\"potentialAction\":[{\"@type\":\"CommentAction\",\"name\":\"Comment\",\"target\":[\"https:\\\/\\\/dominicasanunciata.org\\\/fr\\\/25-ans-de-vie-consacree-celebres-a-lezignan-corbieres\\\/#respond\"]}]},{\"@type\":\"WebPage\",\"@id\":\"https:\\\/\\\/dominicasanunciata.org\\\/fr\\\/25-ans-de-vie-consacree-celebres-a-lezignan-corbieres\\\/\",\"url\":\"https:\\\/\\\/dominicasanunciata.org\\\/fr\\\/25-ans-de-vie-consacree-celebres-a-lezignan-corbieres\\\/\",\"name\":\"25 ans de vie consacr\u00e9e c\u00e9l\u00e9br\u00e9s \u00e0 L\u00e9zignan-Corbi\u00e8res - Dominicas de la Anunciata\",\"isPartOf\":{\"@id\":\"https:\\\/\\\/dominicasanunciata.org\\\/#website\"},\"primaryImageOfPage\":{\"@id\":\"https:\\\/\\\/dominicasanunciata.org\\\/fr\\\/25-ans-de-vie-consacree-celebres-a-lezignan-corbieres\\\/#primaryimage\"},\"image\":{\"@id\":\"https:\\\/\\\/dominicasanunciata.org\\\/fr\\\/25-ans-de-vie-consacree-celebres-a-lezignan-corbieres\\\/#primaryimage\"},\"thumbnailUrl\":\"https:\\\/\\\/dominicasanunciata.org\\\/wp-content\\\/uploads\\\/2026\\\/09\\\/WhatsApp-Image-2026-09-04-at-16.03.58.jpeg\",\"datePublished\":\"2026-09-04T17:43:25+00:00\",\"dateModified\":\"2026-09-04T17:50:41+00:00\",\"author\":{\"@id\":\"https:\\\/\\\/dominicasanunciata.org\\\/#\\\/schema\\\/person\\\/06415c634679ba29db3c825f669e7596\"},\"breadcrumb\":{\"@id\":\"https:\\\/\\\/dominicasanunciata.org\\\/fr\\\/25-ans-de-vie-consacree-celebres-a-lezignan-corbieres\\\/#breadcrumb\"},\"inLanguage\":\"fr-FR\",\"potentialAction\":[{\"@type\":\"ReadAction\",\"target\":[\"https:\\\/\\\/dominicasanunciata.org\\\/fr\\\/25-ans-de-vie-consacree-celebres-a-lezignan-corbieres\\\/\"]}]},{\"@type\":\"ImageObject\",\"inLanguage\":\"fr-FR\",\"@id\":\"https:\\\/\\\/dominicasanunciata.org\\\/fr\\\/25-ans-de-vie-consacree-celebres-a-lezignan-corbieres\\\/#primaryimage\",\"url\":\"https:\\\/\\\/dominicasanunciata.org\\\/wp-content\\\/uploads\\\/2026\\\/09\\\/WhatsApp-Image-2026-09-04-at-16.03.58.jpeg\",\"contentUrl\":\"https:\\\/\\\/dominicasanunciata.org\\\/wp-content\\\/uploads\\\/2026\\\/09\\\/WhatsApp-Image-2026-09-04-at-16.03.58.jpeg\",\"width\":2000,\"height\":922},{\"@type\":\"BreadcrumbList\",\"@id\":\"https:\\\/\\\/dominicasanunciata.org\\\/fr\\\/25-ans-de-vie-consacree-celebres-a-lezignan-corbieres\\\/#breadcrumb\",\"itemListElement\":[{\"@type\":\"ListItem\",\"position\":1,\"name\":\"Portada\",\"item\":\"https:\\\/\\\/dominicasanunciata.org\\\/\"},{\"@type\":\"ListItem\",\"position\":2,\"name\":\"25 ans de vie consacr\u00e9e c\u00e9l\u00e9br\u00e9s \u00e0 L\u00e9zignan-Corbi\u00e8res\"}]},{\"@type\":\"WebSite\",\"@id\":\"https:\\\/\\\/dominicasanunciata.org\\\/#website\",\"url\":\"https:\\\/\\\/dominicasanunciata.org\\\/\",\"name\":\"Dominicas de la Anunciata\",\"description\":\"Dominicas de la Anunciata\",\"potentialAction\":[{\"@type\":\"SearchAction\",\"target\":{\"@type\":\"EntryPoint\",\"urlTemplate\":\"https:\\\/\\\/dominicasanunciata.org\\\/?s={search_term_string}\"},\"query-input\":{\"@type\":\"PropertyValueSpecification\",\"valueRequired\":true,\"valueName\":\"search_term_string\"}}],\"inLanguage\":\"fr-FR\"},{\"@type\":\"Person\",\"@id\":\"https:\\\/\\\/dominicasanunciata.org\\\/#\\\/schema\\\/person\\\/06415c634679ba29db3c825f669e7596\",\"name\":\"glecy\",\"image\":{\"@type\":\"ImageObject\",\"inLanguage\":\"fr-FR\",\"@id\":\"https:\\\/\\\/secure.gravatar.com\\\/avatar\\\/e488e7ceada4edbd029a1f8c9b1a3018a6d9519486d1af49ad228f33f9ec5d69?s=96&d=mm&r=g\",\"url\":\"https:\\\/\\\/secure.gravatar.com\\\/avatar\\\/e488e7ceada4edbd029a1f8c9b1a3018a6d9519486d1af49ad228f33f9ec5d69?s=96&d=mm&r=g\",\"contentUrl\":\"https:\\\/\\\/secure.gravatar.com\\\/avatar\\\/e488e7ceada4edbd029a1f8c9b1a3018a6d9519486d1af49ad228f33f9ec5d69?s=96&d=mm&r=g\",\"caption\":\"glecy\"},\"url\":\"https:\\\/\\\/dominicasanunciata.org\\\/fr\\\/author\\\/glecy\\\/\"}]}<\/script>\n<!-- \/ Yoast SEO plugin. -->","yoast_head_json":{"title":"25 ans de vie consacr\u00e9e c\u00e9l\u00e9br\u00e9s \u00e0 L\u00e9zignan-Corbi\u00e8res - Dominicas de la Anunciata","robots":{"index":"index","follow":"follow","max-snippet":"max-snippet:-1","max-image-preview":"max-image-preview:large","max-video-preview":"max-video-preview:-1"},"canonical":"https:\/\/dominicasanunciata.org\/fr\/25-ans-de-vie-consacree-celebres-a-lezignan-corbieres\/","og_locale":"fr_FR","og_type":"article","og_title":"25 ans de vie consacr\u00e9e c\u00e9l\u00e9br\u00e9s \u00e0 L\u00e9zignan-Corbi\u00e8res - Dominicas de la Anunciata","og_description":"La communaut\u00e9 de L\u00e9zignan-Corbi\u00e8res, en France, a v\u00e9cu avec joie et gratitude la c\u00e9l\u00e9bration des 25 ans de profession religieuse de S\u0153ur Veneranda Nyirahatangiman. Ce fut une journ\u00e9e marqu\u00e9e par l\u2019action de gr\u00e2ce \u00e0 Dieu pour le don de sa vocation et pour tant d\u2019ann\u00e9es de d\u00e9vouement au service de Dieu, de l\u2019\u00c9glise et de &hellip; Continue reading 25 ans de vie consacr\u00e9e c\u00e9l\u00e9br\u00e9s \u00e0 L\u00e9zignan-Corbi\u00e8res &rarr;","og_url":"https:\/\/dominicasanunciata.org\/fr\/25-ans-de-vie-consacree-celebres-a-lezignan-corbieres\/","og_site_name":"Dominicas de la Anunciata","article_published_time":"2026-09-04T17:43:25+00:00","article_modified_time":"2026-09-04T17:50:41+00:00","og_image":[{"width":2000,"height":922,"url":"https:\/\/dominicasanunciata.org\/wp-content\/uploads\/2026\/09\/WhatsApp-Image-2026-09-04-at-16.03.58.jpeg","type":"image\/jpeg"}],"author":"glecy","twitter_card":"summary_large_image","twitter_misc":{"\u00c9crit par":"glecy","Dur\u00e9e de lecture estim\u00e9e":"5 minutes"},"schema":{"@context":"https:\/\/schema.org","@graph":[{"@type":"Article","@id":"https:\/\/dominicasanunciata.org\/fr\/25-ans-de-vie-consacree-celebres-a-lezignan-corbieres\/#article","isPartOf":{"@id":"https:\/\/dominicasanunciata.org\/fr\/25-ans-de-vie-consacree-celebres-a-lezignan-corbieres\/"},"author":{"name":"glecy","@id":"https:\/\/dominicasanunciata.org\/#\/schema\/person\/06415c634679ba29db3c825f669e7596"},"headline":"25 ans de vie consacr\u00e9e c\u00e9l\u00e9br\u00e9s \u00e0 L\u00e9zignan-Corbi\u00e8res","datePublished":"2026-09-04T17:43:25+00:00","dateModified":"2026-09-04T17:50:41+00:00","mainEntityOfPage":{"@id":"https:\/\/dominicasanunciata.org\/fr\/25-ans-de-vie-consacree-celebres-a-lezignan-corbieres\/"},"wordCount":603,"commentCount":0,"image":{"@id":"https:\/\/dominicasanunciata.org\/fr\/25-ans-de-vie-consacree-celebres-a-lezignan-corbieres\/#primaryimage"},"thumbnailUrl":"https:\/\/dominicasanunciata.org\/wp-content\/uploads\/2026\/09\/WhatsApp-Image-2026-09-04-at-16.03.58.jpeg","articleSection":["New"],"inLanguage":"fr-FR","potentialAction":[{"@type":"CommentAction","name":"Comment","target":["https:\/\/dominicasanunciata.org\/fr\/25-ans-de-vie-consacree-celebres-a-lezignan-corbieres\/#respond"]}]},{"@type":"WebPage","@id":"https:\/\/dominicasanunciata.org\/fr\/25-ans-de-vie-consacree-celebres-a-lezignan-corbieres\/","url":"https:\/\/dominicasanunciata.org\/fr\/25-ans-de-vie-consacree-celebres-a-lezignan-corbieres\/","name":"25 ans de vie consacr\u00e9e c\u00e9l\u00e9br\u00e9s \u00e0 L\u00e9zignan-Corbi\u00e8res - Dominicas de la Anunciata","isPartOf":{"@id":"https:\/\/dominicasanunciata.org\/#website"},"primaryImageOfPage":{"@id":"https:\/\/dominicasanunciata.org\/fr\/25-ans-de-vie-consacree-celebres-a-lezignan-corbieres\/#primaryimage"},"image":{"@id":"https:\/\/dominicasanunciata.org\/fr\/25-ans-de-vie-consacree-celebres-a-lezignan-corbieres\/#primaryimage"},"thumbnailUrl":"https:\/\/dominicasanunciata.org\/wp-content\/uploads\/2026\/09\/WhatsApp-Image-2026-09-04-at-16.03.58.jpeg","datePublished":"2026-09-04T17:43:25+00:00","dateModified":"2026-09-04T17:50:41+00:00","author":{"@id":"https:\/\/dominicasanunciata.org\/#\/schema\/person\/06415c634679ba29db3c825f669e7596"},"breadcrumb":{"@id":"https:\/\/dominicasanunciata.org\/fr\/25-ans-de-vie-consacree-celebres-a-lezignan-corbieres\/#breadcrumb"},"inLanguage":"fr-FR","potentialAction":[{"@type":"ReadAction","target":["https:\/\/dominicasanunciata.org\/fr\/25-ans-de-vie-consacree-celebres-a-lezignan-corbieres\/"]}]},{"@type":"ImageObject","inLanguage":"fr-FR","@id":"https:\/\/dominicasanunciata.org\/fr\/25-ans-de-vie-consacree-celebres-a-lezignan-corbieres\/#primaryimage","url":"https:\/\/dominicasanunciata.org\/wp-content\/uploads\/2026\/09\/WhatsApp-Image-2026-09-04-at-16.03.58.jpeg","contentUrl":"https:\/\/dominicasanunciata.org\/wp-content\/uploads\/2026\/09\/WhatsApp-Image-2026-09-04-at-16.03.58.jpeg","width":2000,"height":922},{"@type":"BreadcrumbList","@id":"https:\/\/dominicasanunciata.org\/fr\/25-ans-de-vie-consacree-celebres-a-lezignan-corbieres\/#breadcrumb","itemListElement":[{"@type":"ListItem","position":1,"name":"Portada","item":"https:\/\/dominicasanunciata.org\/"},{"@type":"ListItem","position":2,"name":"25 ans de vie consacr\u00e9e c\u00e9l\u00e9br\u00e9s \u00e0 L\u00e9zignan-Corbi\u00e8res"}]},{"@type":"WebSite","@id":"https:\/\/dominicasanunciata.org\/#website","url":"https:\/\/dominicasanunciata.org\/","name":"Dominicas de la Anunciata","description":"Dominicas de la Anunciata","potentialAction":[{"@type":"SearchAction","target":{"@type":"EntryPoint","urlTemplate":"https:\/\/dominicasanunciata.org\/?s={search_term_string}"},"query-input":{"@type":"PropertyValueSpecification","valueRequired":true,"valueName":"search_term_string"}}],"inLanguage":"fr-FR"},{"@type":"Person","@id":"https:\/\/dominicasanunciata.org\/#\/schema\/person\/06415c634679ba29db3c825f669e7596","name":"glecy","image":{"@type":"ImageObject","inLanguage":"fr-FR","@id":"https:\/\/secure.gravatar.com\/avatar\/e488e7ceada4edbd029a1f8c9b1a3018a6d9519486d1af49ad228f33f9ec5d69?s=96&d=mm&r=g","url":"https:\/\/secure.gravatar.com\/avatar\/e488e7ceada4edbd029a1f8c9b1a3018a6d9519486d1af49ad228f33f9ec5d69?s=96&d=mm&r=g","contentUrl":"https:\/\/secure.gravatar.com\/avatar\/e488e7ceada4edbd029a1f8c9b1a3018a6d9519486d1af49ad228f33f9ec5d69?s=96&d=mm&r=g","caption":"glecy"},"url":"https:\/\/dominicasanunciata.org\/fr\/author\/glecy\/"}]}},"_links":{"self":[{"href":"https:\/\/dominicasanunciata.org\/fr\/wp-json\/wp\/v2\/posts\/73603","targetHints":{"allow":["GET"]}}],"collection":[{"href":"https:\/\/dominicasanunciata.org\/fr\/wp-json\/wp\/v2\/posts"}],"about":[{"href":"https:\/\/dominicasanunciata.org\/fr\/wp-json\/wp\/v2\/types\/post"}],"author":[{"embeddable":true,"href":"https:\/\/dominicasanunciata.org\/fr\/wp-json\/wp\/v2\/users\/7"}],"replies":[{"embeddable":true,"href":"https:\/\/dominicasanunciata.org\/fr\/wp-json\/wp\/v2\/comments?post=73603"}],"version-history":[{"count":1,"href":"https:\/\/dominicasanunciata.org\/fr\/wp-json\/wp\/v2\/posts\/73603\/revisions"}],"predecessor-version":[{"id":73604,"href":"https:\/\/dominicasanunciata.org\/fr\/wp-json\/wp\/v2\/posts\/73603\/revisions\/73604"}],"wp:featuredmedia":[{"embeddable":true,"href":"https:\/\/dominicasanunciata.org\/fr\/wp-json\/wp\/v2\/media\/73595"}],"wp:attachment":[{"href":"https:\/\/dominicasanunciata.org\/fr\/wp-json\/wp\/v2\/media?parent=73603"}],"wp:term":[{"taxonomy":"category","embeddable":true,"href":"https:\/\/dominicasanunciata.org\/fr\/wp-json\/wp\/v2\/categories?post=73603"},{"taxonomy":"post_tag","embeddable":true,"href":"https:\/\/dominicasanunciata.org\/fr\/wp-json\/wp\/v2\/tags?post=73603"}],"curies":[{"name":"wp","href":"https:\/\/api.w.org\/{rel}","templated":true}]}}