{"id":73487,"date":"2026-08-29T09:00:00","date_gmt":"2026-08-29T07:00:00","guid":{"rendered":"https:\/\/dominicasanunciata.org\/?p=73487"},"modified":"2026-08-26T23:27:27","modified_gmt":"2026-08-26T21:27:27","slug":"22e-dimanche-du-temps-ordinaire-30-aout-2026","status":"publish","type":"post","link":"https:\/\/dominicasanunciata.org\/fr\/22e-dimanche-du-temps-ordinaire-30-aout-2026\/","title":{"rendered":"22e dimanche du temps ordinaire \u2014 30 ao\u00fbt 2026"},"content":{"rendered":"\n<p class=\"wp-block-paragraph\"><strong>\u00ab Prends ta croix et suis-moi \u00bb (Mt 16, 21-27)<\/strong><\/p>\n\n\n\n<p class=\"wp-block-paragraph\">La liturgie de ce vingt-deuxi\u00e8me dimanche du temps ordinaire nous invite \u00e0 r\u00e9fl\u00e9chir sur ce que signifie vraiment \u00eatre disciple de J\u00e9sus. Suivre le Christ ne consiste pas simplement \u00e0 croire en Lui ou \u00e0 marcher avec Lui lorsque la vie est facile. Cela signifie Lui faire confiance m\u00eame lorsque nous ne comprenons pas son projet, nous abandonner \u00e0 sa volont\u00e9 et rester fid\u00e8les lorsque le chemin passe par la croix.<\/p>\n\n\n\n<p class=\"wp-block-paragraph\">Dans la premi\u00e8re lecture, J\u00e9r\u00e9mie fait l\u2019exp\u00e9rience de la souffrance li\u00e9e \u00e0 sa fid\u00e9lit\u00e9 \u00e0 Dieu.&nbsp;Il se sent rejet\u00e9 et ridiculis\u00e9 et pense m\u00eame \u00e0 abandonner sa mission proph\u00e9tique. Pourtant, il ne peut pas rester silencieux, car la parole de Dieu est devenue en lui \u00ab comme un feu br\u00fblant dans mon c\u0153ur \u00bb.&nbsp;Son exp\u00e9rience nous rappelle que la fid\u00e9lit\u00e9 ne signifie pas que nous ne serons jamais fatigu\u00e9s ou d\u00e9courag\u00e9s. Il peut y avoir des moments o\u00f9 nous voulons nous arr\u00eater, mais l\u2019appel de Dieu continue de br\u00fbler en nous et nous donne la force de pers\u00e9v\u00e9rer.<\/p>\n\n\n\n<p class=\"wp-block-paragraph\">Dans la deuxi\u00e8me lecture, saint Paul nous invite \u00e0 \u00ab offrir vos corps comme un sacrifice vivant, saint et agr\u00e9able \u00e0 Dieu \u00bb.&nbsp;Suivre J\u00e9sus signifie Lui offrir toute notre vie : nos joies, nos difficult\u00e9s, notre travail, nos relations et nos sacrifices. Cela signifie aussi permettre \u00e0 Dieu de renouveler notre intelligence, afin que nous apprenions \u00e0 rechercher non seulement ce que nous d\u00e9sirons, mais ce qu\u2019Il d\u00e9sire pour nous.<\/p>\n\n\n\n<p class=\"wp-block-paragraph\">Dans l\u2019\u00c9vangile d\u2019aujourd\u2019hui, J\u00e9sus r\u00e9v\u00e8le \u00e0 ses disciples qu\u2019Il doit aller \u00e0 J\u00e9rusalem, souffrir, mourir et ressusciter. Pierre a du mal \u00e0 l\u2019accepter. Il aime J\u00e9sus, mais il ne peut pas comprendre que le projet de Dieu soit diff\u00e9rent des attentes humaines. J\u00e9sus lui rappelle donc : \u00ab Tes pens\u00e9es ne sont pas celles de Dieu, mais celles des hommes \u00bb.<\/p>\n\n\n\n<p class=\"wp-block-paragraph\">La r\u00e9action de Pierre peut aussi \u00eatre la n\u00f4tre.&nbsp;Comme lui, nous pouvons vouloir suivre J\u00e9sus selon nos propres projets : une vie sans trop de difficult\u00e9s, une vocation sans luttes, une communaut\u00e9 sans incompr\u00e9hensions ou une mission sans sacrifices.&nbsp;Mais J\u00e9sus nous rappelle qu\u2019\u00eatre disciple implique le don de soi : \u00ab Si quelqu\u2019un veut marcher \u00e0 ma suite, qu\u2019il renonce \u00e0 lui-m\u00eame, qu\u2019il prenne sa croix et qu\u2019il me suive \u00bb.<\/p>\n\n\n\n<p class=\"wp-block-paragraph\">Le chemin de la croix n\u2019est pas un obstacle \u00e0 la mission de J\u00e9sus ; c\u2019est le chemin par lequel Il accomplit fid\u00e8lement la volont\u00e9 du P\u00e8re. Pierre, anim\u00e9 par son amour pour J\u00e9sus, mais pensant encore selon les attentes humaines, devient involontairement un obstacle \u00e0 cette mission. Les paroles fermes de J\u00e9sus nous rappellent que Le suivre exige de renoncer \u00e0 notre propre mani\u00e8re de penser et d\u2019apprendre \u00e0 faire confiance \u00e0 la sagesse de Dieu.<\/p>\n\n\n\n<p class=\"wp-block-paragraph\">Cet \u00c9vangile nous invite donc \u00e0 nous demander : Est-ce que nous permettons au projet de Dieu de guider notre vie, ou voulons-nous parfois que Dieu suive nos propres projets ? Sommes-nous pr\u00eats \u00e0 Lui abandonner nos d\u00e9sirs, nos attentes et nos projets personnels ?<\/p>\n\n\n\n<p class=\"wp-block-paragraph\">Pour nous, personnes consacr\u00e9es, ces questions deviennent tr\u00e8s concr\u00e8tes.&nbsp;Comment suivons-nous J\u00e9sus dans notre pri\u00e8re quotidienne, dans la vie communautaire, dans notre cons\u00e9cration et dans notre mission apostolique ? Sommes-nous pr\u00eats \u00e0 accueillir les petites croix de chaque jour, avec patience, pardon, humilit\u00e9 et amour ? Notre vocation ne se vit pas seulement \u00e0 travers de grands sacrifices, mais aussi \u00e0 travers les petits actes de fid\u00e9lit\u00e9 quotidienne.<\/p>\n\n\n\n<p class=\"wp-block-paragraph\">Puissions-nous avoir le courage de dire chaque jour \u00ab oui \u00bb \u00e0 la volont\u00e9 de Dieu, en Lui confiant nos projets, nos peurs, nos difficult\u00e9s et nos attentes. Puissions-nous prendre fid\u00e8lement notre croix, suivre J\u00e9sus et croire que son chemin, m\u00eame lorsqu\u2019il est difficile, nous conduit \u00e0 la vraie vie.<\/p>\n\n\n\n<p class=\"wp-block-paragraph\"><strong>Sr. Maria Tran Thi Hong Thach OP<\/strong><br><em>Province de Saint Raymond de Pe\u00f1afort<\/em><\/p>\n\n\n\n<p class=\"wp-block-paragraph\"><\/p>\n","protected":false},"excerpt":{"rendered":"<p>\u00ab Prends ta croix et suis-moi \u00bb (Mt 16, 21-27) La liturgie de ce vingt-deuxi\u00e8me dimanche du temps ordinaire nous invite \u00e0 r\u00e9fl\u00e9chir sur ce que signifie vraiment \u00eatre disciple de J\u00e9sus. Suivre le Christ ne consiste pas simplement \u00e0 croire en Lui ou \u00e0 marcher avec Lui lorsque la vie est facile. Cela signifie &hellip; <a href=\"https:\/\/dominicasanunciata.org\/fr\/22e-dimanche-du-temps-ordinaire-30-aout-2026\/\" class=\"more-link\">Continue reading <span class=\"screen-reader-text\">22e dimanche du temps ordinaire \u2014 30 ao\u00fbt 2026<\/span> <span class=\"meta-nav\">&rarr;<\/span><\/a><\/p>\n","protected":false},"author":7,"featured_media":73488,"comment_status":"open","ping_status":"closed","sticky":false,"template":"","format":"standard","meta":{"footnotes":""},"categories":[38],"tags":[],"class_list":["post-73487","post","type-post","status-publish","format-standard","has-post-thumbnail","hentry","category-palabra-de-dios-fr"],"yoast_head":"<!-- This site is optimized with the Yoast SEO plugin v28.3 - https:\/\/yoast.com\/product\/yoast-seo-wordpress\/ -->\n<title>22e dimanche du temps ordinaire \u2014 30 ao\u00fbt 2026 - Dominicas de la Anunciata<\/title>\n<meta name=\"robots\" content=\"index, follow, max-snippet:-1, max-image-preview:large, max-video-preview:-1\" \/>\n<link rel=\"canonical\" href=\"https:\/\/dominicasanunciata.org\/domingo-xxii-del-tiempo-ordinario-30-de-agosto-de-2026\/\" \/>\n<meta property=\"og:locale\" content=\"fr_FR\" \/>\n<meta property=\"og:type\" content=\"article\" \/>\n<meta property=\"og:title\" content=\"22e dimanche du temps ordinaire \u2014 30 ao\u00fbt 2026 - Dominicas de la Anunciata\" \/>\n<meta property=\"og:description\" content=\"\u00ab Prends ta croix et suis-moi \u00bb (Mt 16, 21-27) La liturgie de ce vingt-deuxi\u00e8me dimanche du temps ordinaire nous invite \u00e0 r\u00e9fl\u00e9chir sur ce que signifie vraiment \u00eatre disciple de J\u00e9sus. Suivre le Christ ne consiste pas simplement \u00e0 croire en Lui ou \u00e0 marcher avec Lui lorsque la vie est facile. Cela signifie &hellip; Continue reading 22e dimanche du temps ordinaire \u2014 30 ao\u00fbt 2026 &rarr;\" \/>\n<meta property=\"og:url\" content=\"https:\/\/dominicasanunciata.org\/domingo-xxii-del-tiempo-ordinario-30-de-agosto-de-2026\/\" \/>\n<meta property=\"og:site_name\" content=\"Dominicas de la Anunciata\" \/>\n<meta property=\"article:published_time\" content=\"2026-08-29T07:00:00+00:00\" \/>\n<meta property=\"og:image\" content=\"https:\/\/dominicasanunciata.org\/wp-content\/uploads\/2026\/08\/2-FR-1024x576.png\" \/>\n\t<meta property=\"og:image:width\" content=\"1024\" \/>\n\t<meta property=\"og:image:height\" content=\"576\" \/>\n\t<meta property=\"og:image:type\" content=\"image\/png\" \/>\n<meta name=\"author\" content=\"glecy\" \/>\n<meta name=\"twitter:card\" content=\"summary_large_image\" \/>\n<meta name=\"twitter:label1\" content=\"\u00c9crit par\" \/>\n\t<meta name=\"twitter:data1\" content=\"glecy\" \/>\n\t<meta name=\"twitter:label2\" content=\"Dur\u00e9e de lecture estim\u00e9e\" \/>\n\t<meta name=\"twitter:data2\" content=\"4 minutes\" \/>\n<script type=\"application\/ld+json\" class=\"yoast-schema-graph\">{\"@context\":\"https:\\\/\\\/schema.org\",\"@graph\":[{\"@type\":\"Article\",\"@id\":\"https:\\\/\\\/dominicasanunciata.org\\\/domingo-xxii-del-tiempo-ordinario-30-de-agosto-de-2026\\\/#article\",\"isPartOf\":{\"@id\":\"https:\\\/\\\/dominicasanunciata.org\\\/domingo-xxii-del-tiempo-ordinario-30-de-agosto-de-2026\\\/\"},\"author\":{\"name\":\"glecy\",\"@id\":\"https:\\\/\\\/dominicasanunciata.org\\\/#\\\/schema\\\/person\\\/06415c634679ba29db3c825f669e7596\"},\"headline\":\"22e dimanche du temps ordinaire \u2014 30 ao\u00fbt 2026\",\"datePublished\":\"2026-08-29T07:00:00+00:00\",\"mainEntityOfPage\":{\"@id\":\"https:\\\/\\\/dominicasanunciata.org\\\/domingo-xxii-del-tiempo-ordinario-30-de-agosto-de-2026\\\/\"},\"wordCount\":685,\"commentCount\":0,\"image\":{\"@id\":\"https:\\\/\\\/dominicasanunciata.org\\\/domingo-xxii-del-tiempo-ordinario-30-de-agosto-de-2026\\\/#primaryimage\"},\"thumbnailUrl\":\"https:\\\/\\\/dominicasanunciata.org\\\/wp-content\\\/uploads\\\/2026\\\/08\\\/2-FR.png\",\"articleSection\":[\"Palabra de Dios\"],\"inLanguage\":\"fr-FR\",\"potentialAction\":[{\"@type\":\"CommentAction\",\"name\":\"Comment\",\"target\":[\"https:\\\/\\\/dominicasanunciata.org\\\/domingo-xxii-del-tiempo-ordinario-30-de-agosto-de-2026\\\/#respond\"]}]},{\"@type\":\"WebPage\",\"@id\":\"https:\\\/\\\/dominicasanunciata.org\\\/domingo-xxii-del-tiempo-ordinario-30-de-agosto-de-2026\\\/\",\"url\":\"https:\\\/\\\/dominicasanunciata.org\\\/domingo-xxii-del-tiempo-ordinario-30-de-agosto-de-2026\\\/\",\"name\":\"22e dimanche du temps ordinaire \u2014 30 ao\u00fbt 2026 - Dominicas de la Anunciata\",\"isPartOf\":{\"@id\":\"https:\\\/\\\/dominicasanunciata.org\\\/#website\"},\"primaryImageOfPage\":{\"@id\":\"https:\\\/\\\/dominicasanunciata.org\\\/domingo-xxii-del-tiempo-ordinario-30-de-agosto-de-2026\\\/#primaryimage\"},\"image\":{\"@id\":\"https:\\\/\\\/dominicasanunciata.org\\\/domingo-xxii-del-tiempo-ordinario-30-de-agosto-de-2026\\\/#primaryimage\"},\"thumbnailUrl\":\"https:\\\/\\\/dominicasanunciata.org\\\/wp-content\\\/uploads\\\/2026\\\/08\\\/2-FR.png\",\"datePublished\":\"2026-08-29T07:00:00+00:00\",\"author\":{\"@id\":\"https:\\\/\\\/dominicasanunciata.org\\\/#\\\/schema\\\/person\\\/06415c634679ba29db3c825f669e7596\"},\"breadcrumb\":{\"@id\":\"https:\\\/\\\/dominicasanunciata.org\\\/domingo-xxii-del-tiempo-ordinario-30-de-agosto-de-2026\\\/#breadcrumb\"},\"inLanguage\":\"fr-FR\",\"potentialAction\":[{\"@type\":\"ReadAction\",\"target\":[\"https:\\\/\\\/dominicasanunciata.org\\\/domingo-xxii-del-tiempo-ordinario-30-de-agosto-de-2026\\\/\"]}]},{\"@type\":\"ImageObject\",\"inLanguage\":\"fr-FR\",\"@id\":\"https:\\\/\\\/dominicasanunciata.org\\\/domingo-xxii-del-tiempo-ordinario-30-de-agosto-de-2026\\\/#primaryimage\",\"url\":\"https:\\\/\\\/dominicasanunciata.org\\\/wp-content\\\/uploads\\\/2026\\\/08\\\/2-FR.png\",\"contentUrl\":\"https:\\\/\\\/dominicasanunciata.org\\\/wp-content\\\/uploads\\\/2026\\\/08\\\/2-FR.png\",\"width\":2048,\"height\":1152},{\"@type\":\"BreadcrumbList\",\"@id\":\"https:\\\/\\\/dominicasanunciata.org\\\/domingo-xxii-del-tiempo-ordinario-30-de-agosto-de-2026\\\/#breadcrumb\",\"itemListElement\":[{\"@type\":\"ListItem\",\"position\":1,\"name\":\"Portada\",\"item\":\"https:\\\/\\\/dominicasanunciata.org\\\/\"},{\"@type\":\"ListItem\",\"position\":2,\"name\":\"22e dimanche du temps ordinaire \u2014 30 ao\u00fbt 2026\"}]},{\"@type\":\"WebSite\",\"@id\":\"https:\\\/\\\/dominicasanunciata.org\\\/#website\",\"url\":\"https:\\\/\\\/dominicasanunciata.org\\\/\",\"name\":\"Dominicas de la Anunciata\",\"description\":\"Dominicas de la Anunciata\",\"potentialAction\":[{\"@type\":\"SearchAction\",\"target\":{\"@type\":\"EntryPoint\",\"urlTemplate\":\"https:\\\/\\\/dominicasanunciata.org\\\/?s={search_term_string}\"},\"query-input\":{\"@type\":\"PropertyValueSpecification\",\"valueRequired\":true,\"valueName\":\"search_term_string\"}}],\"inLanguage\":\"fr-FR\"},{\"@type\":\"Person\",\"@id\":\"https:\\\/\\\/dominicasanunciata.org\\\/#\\\/schema\\\/person\\\/06415c634679ba29db3c825f669e7596\",\"name\":\"glecy\",\"image\":{\"@type\":\"ImageObject\",\"inLanguage\":\"fr-FR\",\"@id\":\"https:\\\/\\\/secure.gravatar.com\\\/avatar\\\/e488e7ceada4edbd029a1f8c9b1a3018a6d9519486d1af49ad228f33f9ec5d69?s=96&d=mm&r=g\",\"url\":\"https:\\\/\\\/secure.gravatar.com\\\/avatar\\\/e488e7ceada4edbd029a1f8c9b1a3018a6d9519486d1af49ad228f33f9ec5d69?s=96&d=mm&r=g\",\"contentUrl\":\"https:\\\/\\\/secure.gravatar.com\\\/avatar\\\/e488e7ceada4edbd029a1f8c9b1a3018a6d9519486d1af49ad228f33f9ec5d69?s=96&d=mm&r=g\",\"caption\":\"glecy\"},\"url\":\"https:\\\/\\\/dominicasanunciata.org\\\/fr\\\/author\\\/glecy\\\/\"}]}<\/script>\n<!-- \/ Yoast SEO plugin. -->","yoast_head_json":{"title":"22e dimanche du temps ordinaire \u2014 30 ao\u00fbt 2026 - Dominicas de la Anunciata","robots":{"index":"index","follow":"follow","max-snippet":"max-snippet:-1","max-image-preview":"max-image-preview:large","max-video-preview":"max-video-preview:-1"},"canonical":"https:\/\/dominicasanunciata.org\/domingo-xxii-del-tiempo-ordinario-30-de-agosto-de-2026\/","og_locale":"fr_FR","og_type":"article","og_title":"22e dimanche du temps ordinaire \u2014 30 ao\u00fbt 2026 - Dominicas de la Anunciata","og_description":"\u00ab Prends ta croix et suis-moi \u00bb (Mt 16, 21-27) La liturgie de ce vingt-deuxi\u00e8me dimanche du temps ordinaire nous invite \u00e0 r\u00e9fl\u00e9chir sur ce que signifie vraiment \u00eatre disciple de J\u00e9sus. Suivre le Christ ne consiste pas simplement \u00e0 croire en Lui ou \u00e0 marcher avec Lui lorsque la vie est facile. Cela signifie &hellip; Continue reading 22e dimanche du temps ordinaire \u2014 30 ao\u00fbt 2026 &rarr;","og_url":"https:\/\/dominicasanunciata.org\/domingo-xxii-del-tiempo-ordinario-30-de-agosto-de-2026\/","og_site_name":"Dominicas de la Anunciata","article_published_time":"2026-08-29T07:00:00+00:00","og_image":[{"width":1024,"height":576,"url":"https:\/\/dominicasanunciata.org\/wp-content\/uploads\/2026\/08\/2-FR-1024x576.png","type":"image\/png"}],"author":"glecy","twitter_card":"summary_large_image","twitter_misc":{"\u00c9crit par":"glecy","Dur\u00e9e de lecture estim\u00e9e":"4 minutes"},"schema":{"@context":"https:\/\/schema.org","@graph":[{"@type":"Article","@id":"https:\/\/dominicasanunciata.org\/domingo-xxii-del-tiempo-ordinario-30-de-agosto-de-2026\/#article","isPartOf":{"@id":"https:\/\/dominicasanunciata.org\/domingo-xxii-del-tiempo-ordinario-30-de-agosto-de-2026\/"},"author":{"name":"glecy","@id":"https:\/\/dominicasanunciata.org\/#\/schema\/person\/06415c634679ba29db3c825f669e7596"},"headline":"22e dimanche du temps ordinaire \u2014 30 ao\u00fbt 2026","datePublished":"2026-08-29T07:00:00+00:00","mainEntityOfPage":{"@id":"https:\/\/dominicasanunciata.org\/domingo-xxii-del-tiempo-ordinario-30-de-agosto-de-2026\/"},"wordCount":685,"commentCount":0,"image":{"@id":"https:\/\/dominicasanunciata.org\/domingo-xxii-del-tiempo-ordinario-30-de-agosto-de-2026\/#primaryimage"},"thumbnailUrl":"https:\/\/dominicasanunciata.org\/wp-content\/uploads\/2026\/08\/2-FR.png","articleSection":["Palabra de Dios"],"inLanguage":"fr-FR","potentialAction":[{"@type":"CommentAction","name":"Comment","target":["https:\/\/dominicasanunciata.org\/domingo-xxii-del-tiempo-ordinario-30-de-agosto-de-2026\/#respond"]}]},{"@type":"WebPage","@id":"https:\/\/dominicasanunciata.org\/domingo-xxii-del-tiempo-ordinario-30-de-agosto-de-2026\/","url":"https:\/\/dominicasanunciata.org\/domingo-xxii-del-tiempo-ordinario-30-de-agosto-de-2026\/","name":"22e dimanche du temps ordinaire \u2014 30 ao\u00fbt 2026 - Dominicas de la Anunciata","isPartOf":{"@id":"https:\/\/dominicasanunciata.org\/#website"},"primaryImageOfPage":{"@id":"https:\/\/dominicasanunciata.org\/domingo-xxii-del-tiempo-ordinario-30-de-agosto-de-2026\/#primaryimage"},"image":{"@id":"https:\/\/dominicasanunciata.org\/domingo-xxii-del-tiempo-ordinario-30-de-agosto-de-2026\/#primaryimage"},"thumbnailUrl":"https:\/\/dominicasanunciata.org\/wp-content\/uploads\/2026\/08\/2-FR.png","datePublished":"2026-08-29T07:00:00+00:00","author":{"@id":"https:\/\/dominicasanunciata.org\/#\/schema\/person\/06415c634679ba29db3c825f669e7596"},"breadcrumb":{"@id":"https:\/\/dominicasanunciata.org\/domingo-xxii-del-tiempo-ordinario-30-de-agosto-de-2026\/#breadcrumb"},"inLanguage":"fr-FR","potentialAction":[{"@type":"ReadAction","target":["https:\/\/dominicasanunciata.org\/domingo-xxii-del-tiempo-ordinario-30-de-agosto-de-2026\/"]}]},{"@type":"ImageObject","inLanguage":"fr-FR","@id":"https:\/\/dominicasanunciata.org\/domingo-xxii-del-tiempo-ordinario-30-de-agosto-de-2026\/#primaryimage","url":"https:\/\/dominicasanunciata.org\/wp-content\/uploads\/2026\/08\/2-FR.png","contentUrl":"https:\/\/dominicasanunciata.org\/wp-content\/uploads\/2026\/08\/2-FR.png","width":2048,"height":1152},{"@type":"BreadcrumbList","@id":"https:\/\/dominicasanunciata.org\/domingo-xxii-del-tiempo-ordinario-30-de-agosto-de-2026\/#breadcrumb","itemListElement":[{"@type":"ListItem","position":1,"name":"Portada","item":"https:\/\/dominicasanunciata.org\/"},{"@type":"ListItem","position":2,"name":"22e dimanche du temps ordinaire \u2014 30 ao\u00fbt 2026"}]},{"@type":"WebSite","@id":"https:\/\/dominicasanunciata.org\/#website","url":"https:\/\/dominicasanunciata.org\/","name":"Dominicas de la Anunciata","description":"Dominicas de la Anunciata","potentialAction":[{"@type":"SearchAction","target":{"@type":"EntryPoint","urlTemplate":"https:\/\/dominicasanunciata.org\/?s={search_term_string}"},"query-input":{"@type":"PropertyValueSpecification","valueRequired":true,"valueName":"search_term_string"}}],"inLanguage":"fr-FR"},{"@type":"Person","@id":"https:\/\/dominicasanunciata.org\/#\/schema\/person\/06415c634679ba29db3c825f669e7596","name":"glecy","image":{"@type":"ImageObject","inLanguage":"fr-FR","@id":"https:\/\/secure.gravatar.com\/avatar\/e488e7ceada4edbd029a1f8c9b1a3018a6d9519486d1af49ad228f33f9ec5d69?s=96&d=mm&r=g","url":"https:\/\/secure.gravatar.com\/avatar\/e488e7ceada4edbd029a1f8c9b1a3018a6d9519486d1af49ad228f33f9ec5d69?s=96&d=mm&r=g","contentUrl":"https:\/\/secure.gravatar.com\/avatar\/e488e7ceada4edbd029a1f8c9b1a3018a6d9519486d1af49ad228f33f9ec5d69?s=96&d=mm&r=g","caption":"glecy"},"url":"https:\/\/dominicasanunciata.org\/fr\/author\/glecy\/"}]}},"_links":{"self":[{"href":"https:\/\/dominicasanunciata.org\/fr\/wp-json\/wp\/v2\/posts\/73487","targetHints":{"allow":["GET"]}}],"collection":[{"href":"https:\/\/dominicasanunciata.org\/fr\/wp-json\/wp\/v2\/posts"}],"about":[{"href":"https:\/\/dominicasanunciata.org\/fr\/wp-json\/wp\/v2\/types\/post"}],"author":[{"embeddable":true,"href":"https:\/\/dominicasanunciata.org\/fr\/wp-json\/wp\/v2\/users\/7"}],"replies":[{"embeddable":true,"href":"https:\/\/dominicasanunciata.org\/fr\/wp-json\/wp\/v2\/comments?post=73487"}],"version-history":[{"count":1,"href":"https:\/\/dominicasanunciata.org\/fr\/wp-json\/wp\/v2\/posts\/73487\/revisions"}],"predecessor-version":[{"id":73493,"href":"https:\/\/dominicasanunciata.org\/fr\/wp-json\/wp\/v2\/posts\/73487\/revisions\/73493"}],"wp:featuredmedia":[{"embeddable":true,"href":"https:\/\/dominicasanunciata.org\/fr\/wp-json\/wp\/v2\/media\/73488"}],"wp:attachment":[{"href":"https:\/\/dominicasanunciata.org\/fr\/wp-json\/wp\/v2\/media?parent=73487"}],"wp:term":[{"taxonomy":"category","embeddable":true,"href":"https:\/\/dominicasanunciata.org\/fr\/wp-json\/wp\/v2\/categories?post=73487"},{"taxonomy":"post_tag","embeddable":true,"href":"https:\/\/dominicasanunciata.org\/fr\/wp-json\/wp\/v2\/tags?post=73487"}],"curies":[{"name":"wp","href":"https:\/\/api.w.org\/{rel}","templated":true}]}}