{"id":73456,"date":"2026-08-26T22:04:37","date_gmt":"2026-08-26T20:04:37","guid":{"rendered":"https:\/\/dominicasanunciata.org\/?p=73456"},"modified":"2026-08-26T22:04:40","modified_gmt":"2026-08-26T20:04:40","slug":"la-relique-pelerine-du-pere-coll-arrive-a-madrid","status":"publish","type":"post","link":"https:\/\/dominicasanunciata.org\/fr\/la-relique-pelerine-du-pere-coll-arrive-a-madrid\/","title":{"rendered":"La relique p\u00e8lerine du P\u00e8re Coll arrive \u00e0 Madrid"},"content":{"rendered":"\n<p class=\"wp-block-paragraph\"><strong>Madrid, le 26 ao\u00fbt 2026.<\/strong> C\u2019est avec une profonde \u00e9motion, une grande joie et beaucoup d\u2019enthousiasme que Madrid a accueilli ce midi la <strong>relique p\u00e8lerine de saint Fran\u00e7ois Coll<\/strong>, qui poursuit son chemin comme signe de communion, m\u00e9moire vivante du charisme et renouvellement de la mission \u00e9vang\u00e9lisatrice de la Congr\u00e9gation.<\/p>\n\n\n\n<p class=\"wp-block-paragraph\">La relique est arriv\u00e9e \u00e0 l\u2019a\u00e9roport Adolfo Su\u00e1rez Madrid-Barajas accompagn\u00e9e de la <strong>D\u00e9l\u00e9gu\u00e9e du Br\u00e9sil, S\u0153ur Marina Est\u00eavam de Jes\u00fas<\/strong>, qui l\u2019a transport\u00e9e jusqu\u2019\u00e0 Madrid. \u00c0 son arriv\u00e9e, elle a \u00e9t\u00e9 accueillie par la <strong>Prieure provinciale, S\u0153ur Mar\u00eda Isabel Andr\u00e9s<\/strong>, ainsi que par quelques s\u0153urs de la Maison provinciale. \u00c9taient \u00e9galement pr\u00e9sentes la <strong>Prieure g\u00e9n\u00e9rale, S\u0153ur Ana Bel\u00e9n Ver\u00edsimo Garc\u00eda<\/strong>, et toutes les s\u0153urs du Conseil g\u00e9n\u00e9ral.<\/p>\n\n\n\n<p class=\"wp-block-paragraph\">Les retrouvailles ont \u00e9t\u00e9 marqu\u00e9es par une vive \u00e9motion. Lorsque S\u0153ur Marina est apparue \u00e0 la sortie avec la relique du P\u00e8re Coll, les s\u0153urs pr\u00e9sentes ont v\u00e9cu un moment de joie et de gratitude particuli\u00e8res. Spontan\u00e9ment, le chant <strong>\u00ab Santo Fundador \u00bb<\/strong> a jailli de leurs c\u0153urs, expression d\u2019affection, de v\u00e9n\u00e9ration et d\u2019action de gr\u00e2ce pour la vie et l\u2019h\u00e9ritage de saint Fran\u00e7ois Coll.<\/p>\n\n\n\n<p class=\"wp-block-paragraph\">Depuis l\u2019a\u00e9roport, les s\u0153urs se sont rendues \u00e0 la <strong>Maison provinciale<\/strong>, o\u00f9 les s\u0153urs de la communaut\u00e9 et quelques repr\u00e9sentants du <strong>Coll\u00e8ge Santa Catalina de Sena-FEFC<\/strong> attendaient avec enthousiasme. L\u2019arriv\u00e9e a \u00e9t\u00e9 accueillie avec des drapeaux, de la joie et des chants d\u00e9di\u00e9s au P\u00e8re Coll, cr\u00e9ant une atmosph\u00e8re festive et profond\u00e9ment significative.<\/p>\n\n\n\n<p class=\"wp-block-paragraph\">La relique a \u00e9t\u00e9 d\u00e9pos\u00e9e sur un <strong>autel pr\u00e9par\u00e9 sp\u00e9cialement pour cette occasion<\/strong>, avec beaucoup de soin et riche en symboles. Les couleurs, les fleurs et chacun des \u00e9l\u00e9ments exprimaient la richesse du charisme re\u00e7u de saint Fran\u00e7ois Coll et le d\u00e9sir de maintenir vivante sa passion pour annoncer l\u2019\u00c9vangile.<\/p>\n\n\n\n<p class=\"wp-block-paragraph\"><strong>Une table partag\u00e9e et une c\u00e9l\u00e9bration de communion<\/strong><\/p>\n\n\n\n<p class=\"wp-block-paragraph\">Apr\u00e8s l\u2019accueil, un <strong>repas fraternel<\/strong> a r\u00e9uni les personnes pr\u00e9sentes. Ce geste simple de partager la table est \u00e9galement devenu une expression de fraternit\u00e9, de rencontre et de communion.<\/p>\n\n\n\n<p class=\"wp-block-paragraph\">Par la suite, les s\u0153urs des communaut\u00e9s de <strong>General Ora\u00e1, Aluche et de la Maison g\u00e9n\u00e9rale<\/strong> sont arriv\u00e9es pour se joindre \u00e0 ce moment particulier de la p\u00e8lerinage de la relique.<\/p>\n\n\n\n<p class=\"wp-block-paragraph\"><strong>Pri\u00e8re officielle d\u2019accueil dans la Province Rosa Santaeugenia<\/strong><\/p>\n\n\n\n<p class=\"wp-block-paragraph\">La journ\u00e9e s\u2019est poursuivie par la <strong>pri\u00e8re officielle d\u2019accueil de la relique de saint Fran\u00e7ois Coll dans la Province Rosa Santaeugenia \u2013 Communaut\u00e9s d\u2019Espagne<\/strong>. La c\u00e9l\u00e9bration a commenc\u00e9 par une <strong>procession solennelle aux cierges vers la chapelle<\/strong>, dans un climat de pri\u00e8re, de silence et de recueillement.<\/p>\n\n\n\n<p class=\"wp-block-paragraph\">Une monition initiale a aid\u00e9 \u00e0 disposer les c\u0153urs \u00e0 vivre ce moment de gr\u00e2ce. Puis le chant <strong>\u00ab Un Profeta \u00bb<\/strong> a \u00e9t\u00e9 entonn\u00e9, \u00e9voquant la figure de saint Fran\u00e7ois Coll comme homme de Dieu, \u00e9vang\u00e9lisateur et proph\u00e8te d\u2019esp\u00e9rance.<\/p>\n\n\n\n<p class=\"wp-block-paragraph\">Dans un moment particuli\u00e8rement significatif, plusieurs <strong>symboles<\/strong> \u00e9voquant des aspects essentiels de la vie, de la spiritualit\u00e9 et de la mission du P\u00e8re Coll ont \u00e9t\u00e9 pr\u00e9sent\u00e9s :<\/p>\n\n\n\n<ul class=\"wp-block-list\">\n<li><strong>La lampe allum\u00e9e :<\/strong> le Christ est la Lumi\u00e8re v\u00e9ritable qui a illumin\u00e9 la vie du P\u00e8re Coll et toujours orient\u00e9 son chemin.<\/li>\n\n\n\n<li><strong>La Bible :<\/strong> source de la pr\u00e9dication dominicaine et nourriture de la mission \u00e9vang\u00e9lisatrice.<\/li>\n\n\n\n<li><strong>Le tableau de l\u2019Annonciation :<\/strong> myst\u00e8re qui a donn\u00e9 son nom, son \u00e2me et son style \u00e0 la Congr\u00e9gation.<\/li>\n\n\n\n<li><strong>Le chapelet :<\/strong> signe de la pr\u00e9sence de Marie dans la vie du P\u00e8re Coll, qui l\u2019a accompagn\u00e9 sur tous ses chemins et toutes ses routes.<\/li>\n\n\n\n<li><strong>Les fleurs blanches :<\/strong> signe de la clart\u00e9 int\u00e9rieure, de la puret\u00e9 d\u2019intention et de la joie qui ont caract\u00e9ris\u00e9 saint Fran\u00e7ois Coll.<\/li>\n<\/ul>\n\n\n\n<p class=\"wp-block-paragraph\">La c\u00e9l\u00e9bration s\u2019est poursuivie avec le <strong>Psaume 26<\/strong>, suivi de la proclamation de la <strong>Parole de Dieu<\/strong>. Un profond <strong>silence m\u00e9ditatif<\/strong> a ensuite permis d\u2019accueillir int\u00e9rieurement la Parole.<\/p>\n\n\n\n<p class=\"wp-block-paragraph\">La pri\u00e8re s\u2019est poursuivie avec les <strong>intentions de pri\u00e8re<\/strong>, pr\u00e9sentant au Seigneur les besoins de la Congr\u00e9gation, des communaut\u00e9s, de l\u2019\u00c9glise et de tant de personnes auxquelles les s\u0153urs sont appel\u00e9es \u00e0 servir. Tous ont pri\u00e9 le <strong>Notre P\u00e8re<\/strong>, puis la pri\u00e8re d\u2019action de gr\u00e2ce et de demande d\u2019intercession par l\u2019interm\u00e9diaire de saint Fran\u00e7ois Coll.<\/p>\n\n\n\n<p class=\"wp-block-paragraph\">La c\u00e9l\u00e9bration s\u2019est achev\u00e9e par le chant <strong>\u00ab Santo Fundador \u00bb<\/strong>, qui a de nouveau uni les voix de tous les pr\u00e9sents dans un m\u00eame sentiment de gratitude, de joie et d\u2019engagement.<\/p>\n\n\n\n<p class=\"wp-block-paragraph\">L\u2019arriv\u00e9e de la relique \u00e0 Madrid devient ainsi une invitation \u00e0 <strong>revenir \u00e0 la source du charisme, renouveler notre \u00ab oui \u00bb et marcher en communion<\/strong>, en permettant que la vie et l\u2019esprit de saint Fran\u00e7ois Coll continuent aujourd\u2019hui d\u2019\u00e9clairer la mission des Dominicaines de l\u2019Annonciation.<\/p>\n\n\n\n<p class=\"wp-block-paragraph\">La relique p\u00e8lerine continuera d\u2019accompagner les communaut\u00e9s comme un signe visible de communion et de mission partag\u00e9e, invitant chaque s\u0153ur et tous ceux qui participent au charisme de l\u2019Annonciation \u00e0 <strong>maintenir allum\u00e9e la flamme re\u00e7ue et \u00e0 continuer d\u2019annoncer l\u2019\u00c9vangile avec la passion, la confiance et la joie qui ont caract\u00e9ris\u00e9 le Saint Fondateur<\/strong>.<\/p>\n\n\n\n<figure class=\"wp-block-image size-full\"><img loading=\"lazy\" decoding=\"async\" width=\"586\" height=\"454\" src=\"https:\/\/dominicasanunciata.org\/wp-content\/uploads\/2026\/08\/Marina-llega.png\" alt=\"\" class=\"wp-image-73441\" srcset=\"https:\/\/dominicasanunciata.org\/wp-content\/uploads\/2026\/08\/Marina-llega.png 586w, https:\/\/dominicasanunciata.org\/wp-content\/uploads\/2026\/08\/Marina-llega-300x232.png 300w\" sizes=\"auto, (max-width: 586px) 100vw, 586px\" \/><\/figure>\n\n\n\n<figure class=\"wp-block-image size-large\"><img loading=\"lazy\" decoding=\"async\" width=\"768\" height=\"1024\" src=\"https:\/\/dominicasanunciata.org\/wp-content\/uploads\/2026\/08\/hermanas-768x1024.jpg\" alt=\"\" class=\"wp-image-73431\" srcset=\"https:\/\/dominicasanunciata.org\/wp-content\/uploads\/2026\/08\/hermanas-768x1024.jpg 768w, https:\/\/dominicasanunciata.org\/wp-content\/uploads\/2026\/08\/hermanas-225x300.jpg 225w, https:\/\/dominicasanunciata.org\/wp-content\/uploads\/2026\/08\/hermanas-1152x1536.jpg 1152w, https:\/\/dominicasanunciata.org\/wp-content\/uploads\/2026\/08\/hermanas-1536x2048.jpg 1536w, https:\/\/dominicasanunciata.org\/wp-content\/uploads\/2026\/08\/hermanas-scaled.jpg 1920w\" sizes=\"auto, (max-width: 768px) 100vw, 768px\" \/><\/figure>\n\n\n\n<figure class=\"wp-block-image size-full\"><img loading=\"lazy\" decoding=\"async\" width=\"587\" height=\"835\" src=\"https:\/\/dominicasanunciata.org\/wp-content\/uploads\/2026\/08\/Priora-provincial.png\" alt=\"\" class=\"wp-image-73436\" srcset=\"https:\/\/dominicasanunciata.org\/wp-content\/uploads\/2026\/08\/Priora-provincial.png 587w, https:\/\/dominicasanunciata.org\/wp-content\/uploads\/2026\/08\/Priora-provincial-211x300.png 211w\" sizes=\"auto, (max-width: 587px) 100vw, 587px\" \/><\/figure>\n\n\n\n<figure class=\"wp-block-image size-large\"><img loading=\"lazy\" decoding=\"async\" width=\"1024\" height=\"768\" src=\"https:\/\/dominicasanunciata.org\/wp-content\/uploads\/2026\/08\/aeroperto--1024x768.jpg\" alt=\"\" class=\"wp-image-73386\" srcset=\"https:\/\/dominicasanunciata.org\/wp-content\/uploads\/2026\/08\/aeroperto--1024x768.jpg 1024w, https:\/\/dominicasanunciata.org\/wp-content\/uploads\/2026\/08\/aeroperto--300x225.jpg 300w, https:\/\/dominicasanunciata.org\/wp-content\/uploads\/2026\/08\/aeroperto--768x576.jpg 768w, https:\/\/dominicasanunciata.org\/wp-content\/uploads\/2026\/08\/aeroperto--1536x1152.jpg 1536w, https:\/\/dominicasanunciata.org\/wp-content\/uploads\/2026\/08\/aeroperto--2048x1536.jpg 2048w\" sizes=\"auto, (max-width: 1024px) 100vw, 1024px\" \/><\/figure>\n\n\n\n<figure class=\"wp-block-image size-full\"><img loading=\"lazy\" decoding=\"async\" width=\"579\" height=\"604\" src=\"https:\/\/dominicasanunciata.org\/wp-content\/uploads\/2026\/08\/Captura-de-pantalla-2026-08-26-201546.png\" alt=\"\" class=\"wp-image-73451\" srcset=\"https:\/\/dominicasanunciata.org\/wp-content\/uploads\/2026\/08\/Captura-de-pantalla-2026-08-26-201546.png 579w, https:\/\/dominicasanunciata.org\/wp-content\/uploads\/2026\/08\/Captura-de-pantalla-2026-08-26-201546-288x300.png 288w\" sizes=\"auto, (max-width: 579px) 100vw, 579px\" \/><\/figure>\n\n\n\n<figure class=\"wp-block-image size-large\"><img loading=\"lazy\" decoding=\"async\" width=\"1024\" height=\"768\" src=\"https:\/\/dominicasanunciata.org\/wp-content\/uploads\/2026\/08\/IMG_3938-1024x768.jpg\" alt=\"\" class=\"wp-image-73406\" srcset=\"https:\/\/dominicasanunciata.org\/wp-content\/uploads\/2026\/08\/IMG_3938-1024x768.jpg 1024w, https:\/\/dominicasanunciata.org\/wp-content\/uploads\/2026\/08\/IMG_3938-300x225.jpg 300w, https:\/\/dominicasanunciata.org\/wp-content\/uploads\/2026\/08\/IMG_3938-768x576.jpg 768w, https:\/\/dominicasanunciata.org\/wp-content\/uploads\/2026\/08\/IMG_3938-1536x1152.jpg 1536w, https:\/\/dominicasanunciata.org\/wp-content\/uploads\/2026\/08\/IMG_3938-2048x1536.jpg 2048w\" sizes=\"auto, (max-width: 1024px) 100vw, 1024px\" \/><\/figure>\n\n\n\n<figure class=\"wp-block-image size-full\"><img loading=\"lazy\" decoding=\"async\" width=\"582\" height=\"780\" src=\"https:\/\/dominicasanunciata.org\/wp-content\/uploads\/2026\/08\/Captura-de-pantalla-2026-08-26-201631.png\" alt=\"\" class=\"wp-image-73446\" srcset=\"https:\/\/dominicasanunciata.org\/wp-content\/uploads\/2026\/08\/Captura-de-pantalla-2026-08-26-201631.png 582w, https:\/\/dominicasanunciata.org\/wp-content\/uploads\/2026\/08\/Captura-de-pantalla-2026-08-26-201631-224x300.png 224w\" sizes=\"auto, (max-width: 582px) 100vw, 582px\" \/><\/figure>\n\n\n\n<figure class=\"wp-block-image size-large\"><img loading=\"lazy\" decoding=\"async\" width=\"1024\" height=\"768\" src=\"https:\/\/dominicasanunciata.org\/wp-content\/uploads\/2026\/08\/IMG_3967-1024x768.jpg\" alt=\"\" class=\"wp-image-73421\" srcset=\"https:\/\/dominicasanunciata.org\/wp-content\/uploads\/2026\/08\/IMG_3967-1024x768.jpg 1024w, https:\/\/dominicasanunciata.org\/wp-content\/uploads\/2026\/08\/IMG_3967-300x225.jpg 300w, https:\/\/dominicasanunciata.org\/wp-content\/uploads\/2026\/08\/IMG_3967-768x576.jpg 768w, https:\/\/dominicasanunciata.org\/wp-content\/uploads\/2026\/08\/IMG_3967-1536x1152.jpg 1536w, https:\/\/dominicasanunciata.org\/wp-content\/uploads\/2026\/08\/IMG_3967-2048x1536.jpg 2048w\" sizes=\"auto, (max-width: 1024px) 100vw, 1024px\" \/><\/figure>\n\n\n\n<figure class=\"wp-block-image size-large\"><img loading=\"lazy\" decoding=\"async\" width=\"768\" height=\"1024\" src=\"https:\/\/dominicasanunciata.org\/wp-content\/uploads\/2026\/08\/IMG_3953-768x1024.jpg\" alt=\"\" class=\"wp-image-73401\" srcset=\"https:\/\/dominicasanunciata.org\/wp-content\/uploads\/2026\/08\/IMG_3953-768x1024.jpg 768w, https:\/\/dominicasanunciata.org\/wp-content\/uploads\/2026\/08\/IMG_3953-225x300.jpg 225w, https:\/\/dominicasanunciata.org\/wp-content\/uploads\/2026\/08\/IMG_3953-1152x1536.jpg 1152w, https:\/\/dominicasanunciata.org\/wp-content\/uploads\/2026\/08\/IMG_3953-1536x2048.jpg 1536w, https:\/\/dominicasanunciata.org\/wp-content\/uploads\/2026\/08\/IMG_3953-scaled.jpg 1920w\" sizes=\"auto, (max-width: 768px) 100vw, 768px\" \/><\/figure>\n\n\n\n<figure class=\"wp-block-image size-large\"><img loading=\"lazy\" decoding=\"async\" width=\"768\" height=\"1024\" src=\"https:\/\/dominicasanunciata.org\/wp-content\/uploads\/2026\/08\/IMG_3958-768x1024.jpg\" alt=\"\" class=\"wp-image-73416\" srcset=\"https:\/\/dominicasanunciata.org\/wp-content\/uploads\/2026\/08\/IMG_3958-768x1024.jpg 768w, https:\/\/dominicasanunciata.org\/wp-content\/uploads\/2026\/08\/IMG_3958-225x300.jpg 225w, https:\/\/dominicasanunciata.org\/wp-content\/uploads\/2026\/08\/IMG_3958-1152x1536.jpg 1152w, https:\/\/dominicasanunciata.org\/wp-content\/uploads\/2026\/08\/IMG_3958-1536x2048.jpg 1536w, https:\/\/dominicasanunciata.org\/wp-content\/uploads\/2026\/08\/IMG_3958-scaled.jpg 1920w\" sizes=\"auto, (max-width: 768px) 100vw, 768px\" \/><\/figure>\n\n\n\n<figure class=\"wp-block-image size-large\"><img loading=\"lazy\" decoding=\"async\" width=\"768\" height=\"1024\" src=\"https:\/\/dominicasanunciata.org\/wp-content\/uploads\/2026\/08\/IMG_3952-768x1024.jpg\" alt=\"\" class=\"wp-image-73411\" srcset=\"https:\/\/dominicasanunciata.org\/wp-content\/uploads\/2026\/08\/IMG_3952-768x1024.jpg 768w, https:\/\/dominicasanunciata.org\/wp-content\/uploads\/2026\/08\/IMG_3952-225x300.jpg 225w, https:\/\/dominicasanunciata.org\/wp-content\/uploads\/2026\/08\/IMG_3952-1152x1536.jpg 1152w, https:\/\/dominicasanunciata.org\/wp-content\/uploads\/2026\/08\/IMG_3952-1536x2048.jpg 1536w, https:\/\/dominicasanunciata.org\/wp-content\/uploads\/2026\/08\/IMG_3952-scaled.jpg 1920w\" sizes=\"auto, (max-width: 768px) 100vw, 768px\" \/><\/figure>\n\n\n\n<figure class=\"wp-block-image size-large\"><img loading=\"lazy\" decoding=\"async\" width=\"1024\" height=\"768\" src=\"https:\/\/dominicasanunciata.org\/wp-content\/uploads\/2026\/08\/IMG_3980-1024x768.jpg\" alt=\"\" class=\"wp-image-73426\" srcset=\"https:\/\/dominicasanunciata.org\/wp-content\/uploads\/2026\/08\/IMG_3980-1024x768.jpg 1024w, https:\/\/dominicasanunciata.org\/wp-content\/uploads\/2026\/08\/IMG_3980-300x225.jpg 300w, https:\/\/dominicasanunciata.org\/wp-content\/uploads\/2026\/08\/IMG_3980-768x576.jpg 768w, https:\/\/dominicasanunciata.org\/wp-content\/uploads\/2026\/08\/IMG_3980-1536x1152.jpg 1536w, https:\/\/dominicasanunciata.org\/wp-content\/uploads\/2026\/08\/IMG_3980-2048x1536.jpg 2048w\" sizes=\"auto, (max-width: 1024px) 100vw, 1024px\" \/><\/figure>\n\n\n\n<figure class=\"wp-block-image size-large\"><img loading=\"lazy\" decoding=\"async\" width=\"1024\" height=\"768\" src=\"https:\/\/dominicasanunciata.org\/wp-content\/uploads\/2026\/08\/foto-final-2-1024x768.jpg\" alt=\"\" class=\"wp-image-73391\" srcset=\"https:\/\/dominicasanunciata.org\/wp-content\/uploads\/2026\/08\/foto-final-2-1024x768.jpg 1024w, https:\/\/dominicasanunciata.org\/wp-content\/uploads\/2026\/08\/foto-final-2-300x225.jpg 300w, https:\/\/dominicasanunciata.org\/wp-content\/uploads\/2026\/08\/foto-final-2-768x576.jpg 768w, https:\/\/dominicasanunciata.org\/wp-content\/uploads\/2026\/08\/foto-final-2-1536x1152.jpg 1536w, https:\/\/dominicasanunciata.org\/wp-content\/uploads\/2026\/08\/foto-final-2-2048x1536.jpg 2048w\" sizes=\"auto, (max-width: 1024px) 100vw, 1024px\" \/><\/figure>\n\n\n\n<figure class=\"wp-block-image size-large\"><img loading=\"lazy\" decoding=\"async\" width=\"1024\" height=\"768\" src=\"https:\/\/dominicasanunciata.org\/wp-content\/uploads\/2026\/08\/foto-final-2-1024x768.jpg\" alt=\"\" class=\"wp-image-73391\" srcset=\"https:\/\/dominicasanunciata.org\/wp-content\/uploads\/2026\/08\/foto-final-2-1024x768.jpg 1024w, https:\/\/dominicasanunciata.org\/wp-content\/uploads\/2026\/08\/foto-final-2-300x225.jpg 300w, https:\/\/dominicasanunciata.org\/wp-content\/uploads\/2026\/08\/foto-final-2-768x576.jpg 768w, https:\/\/dominicasanunciata.org\/wp-content\/uploads\/2026\/08\/foto-final-2-1536x1152.jpg 1536w, https:\/\/dominicasanunciata.org\/wp-content\/uploads\/2026\/08\/foto-final-2-2048x1536.jpg 2048w\" sizes=\"auto, (max-width: 1024px) 100vw, 1024px\" \/><\/figure>\n\n\n\n<p class=\"wp-block-paragraph\"><\/p>\n","protected":false},"excerpt":{"rendered":"<p>Madrid, le 26 ao\u00fbt 2026. C\u2019est avec une profonde \u00e9motion, une grande joie et beaucoup d\u2019enthousiasme que Madrid a accueilli ce midi la relique p\u00e8lerine de saint Fran\u00e7ois Coll, qui poursuit son chemin comme signe de communion, m\u00e9moire vivante du charisme et renouvellement de la mission \u00e9vang\u00e9lisatrice de la Congr\u00e9gation. La relique est arriv\u00e9e \u00e0 &hellip; <a href=\"https:\/\/dominicasanunciata.org\/fr\/la-relique-pelerine-du-pere-coll-arrive-a-madrid\/\" class=\"more-link\">Continue reading <span class=\"screen-reader-text\">La relique p\u00e8lerine du P\u00e8re Coll arrive \u00e0 Madrid<\/span> <span class=\"meta-nav\">&rarr;<\/span><\/a><\/p>\n","protected":false},"author":7,"featured_media":73391,"comment_status":"open","ping_status":"closed","sticky":false,"template":"","format":"standard","meta":{"footnotes":""},"categories":[52],"tags":[],"class_list":["post-73456","post","type-post","status-publish","format-standard","has-post-thumbnail","hentry","category-pelerinage-blog"],"yoast_head":"<!-- This site is optimized with the Yoast SEO plugin v28.3 - https:\/\/yoast.com\/product\/yoast-seo-wordpress\/ -->\n<title>La relique p\u00e8lerine du P\u00e8re Coll arrive \u00e0 Madrid - Dominicas de la Anunciata<\/title>\n<meta name=\"robots\" content=\"index, follow, max-snippet:-1, max-image-preview:large, max-video-preview:-1\" \/>\n<link rel=\"canonical\" href=\"https:\/\/dominicasanunciata.org\/fr\/la-relique-pelerine-du-pere-coll-arrive-a-madrid\/\" \/>\n<meta property=\"og:locale\" content=\"fr_FR\" \/>\n<meta property=\"og:type\" content=\"article\" \/>\n<meta property=\"og:title\" content=\"La relique p\u00e8lerine du P\u00e8re Coll arrive \u00e0 Madrid - Dominicas de la Anunciata\" \/>\n<meta property=\"og:description\" content=\"Madrid, le 26 ao\u00fbt 2026. C\u2019est avec une profonde \u00e9motion, une grande joie et beaucoup d\u2019enthousiasme que Madrid a accueilli ce midi la relique p\u00e8lerine de saint Fran\u00e7ois Coll, qui poursuit son chemin comme signe de communion, m\u00e9moire vivante du charisme et renouvellement de la mission \u00e9vang\u00e9lisatrice de la Congr\u00e9gation. La relique est arriv\u00e9e \u00e0 &hellip; Continue reading La relique p\u00e8lerine du P\u00e8re Coll arrive \u00e0 Madrid &rarr;\" \/>\n<meta property=\"og:url\" content=\"https:\/\/dominicasanunciata.org\/fr\/la-relique-pelerine-du-pere-coll-arrive-a-madrid\/\" \/>\n<meta property=\"og:site_name\" content=\"Dominicas de la Anunciata\" \/>\n<meta property=\"article:published_time\" content=\"2026-08-26T20:04:37+00:00\" \/>\n<meta property=\"article:modified_time\" content=\"2026-08-26T20:04:40+00:00\" \/>\n<meta property=\"og:image\" content=\"https:\/\/dominicasanunciata.org\/wp-content\/uploads\/2026\/08\/foto-final-2-scaled.jpg\" \/>\n\t<meta property=\"og:image:width\" content=\"2560\" \/>\n\t<meta property=\"og:image:height\" content=\"1920\" \/>\n\t<meta property=\"og:image:type\" content=\"image\/jpeg\" \/>\n<meta name=\"author\" content=\"glecy\" \/>\n<meta name=\"twitter:card\" content=\"summary_large_image\" \/>\n<meta name=\"twitter:label1\" content=\"\u00c9crit par\" \/>\n\t<meta name=\"twitter:data1\" content=\"glecy\" \/>\n\t<meta name=\"twitter:label2\" content=\"Dur\u00e9e de lecture estim\u00e9e\" \/>\n\t<meta name=\"twitter:data2\" content=\"7 minutes\" \/>\n<script type=\"application\/ld+json\" class=\"yoast-schema-graph\">{\"@context\":\"https:\\\/\\\/schema.org\",\"@graph\":[{\"@type\":\"Article\",\"@id\":\"https:\\\/\\\/dominicasanunciata.org\\\/fr\\\/la-relique-pelerine-du-pere-coll-arrive-a-madrid\\\/#article\",\"isPartOf\":{\"@id\":\"https:\\\/\\\/dominicasanunciata.org\\\/fr\\\/la-relique-pelerine-du-pere-coll-arrive-a-madrid\\\/\"},\"author\":{\"name\":\"glecy\",\"@id\":\"https:\\\/\\\/dominicasanunciata.org\\\/#\\\/schema\\\/person\\\/06415c634679ba29db3c825f669e7596\"},\"headline\":\"La relique p\u00e8lerine du P\u00e8re Coll arrive \u00e0 Madrid\",\"datePublished\":\"2026-08-26T20:04:37+00:00\",\"dateModified\":\"2026-08-26T20:04:40+00:00\",\"mainEntityOfPage\":{\"@id\":\"https:\\\/\\\/dominicasanunciata.org\\\/fr\\\/la-relique-pelerine-du-pere-coll-arrive-a-madrid\\\/\"},\"wordCount\":951,\"commentCount\":0,\"image\":{\"@id\":\"https:\\\/\\\/dominicasanunciata.org\\\/fr\\\/la-relique-pelerine-du-pere-coll-arrive-a-madrid\\\/#primaryimage\"},\"thumbnailUrl\":\"https:\\\/\\\/dominicasanunciata.org\\\/wp-content\\\/uploads\\\/2026\\\/08\\\/foto-final-2-scaled.jpg\",\"articleSection\":[\"P\u00e8lerinage\"],\"inLanguage\":\"fr-FR\",\"potentialAction\":[{\"@type\":\"CommentAction\",\"name\":\"Comment\",\"target\":[\"https:\\\/\\\/dominicasanunciata.org\\\/fr\\\/la-relique-pelerine-du-pere-coll-arrive-a-madrid\\\/#respond\"]}]},{\"@type\":\"WebPage\",\"@id\":\"https:\\\/\\\/dominicasanunciata.org\\\/fr\\\/la-relique-pelerine-du-pere-coll-arrive-a-madrid\\\/\",\"url\":\"https:\\\/\\\/dominicasanunciata.org\\\/fr\\\/la-relique-pelerine-du-pere-coll-arrive-a-madrid\\\/\",\"name\":\"La relique p\u00e8lerine du P\u00e8re Coll arrive \u00e0 Madrid - Dominicas de la Anunciata\",\"isPartOf\":{\"@id\":\"https:\\\/\\\/dominicasanunciata.org\\\/#website\"},\"primaryImageOfPage\":{\"@id\":\"https:\\\/\\\/dominicasanunciata.org\\\/fr\\\/la-relique-pelerine-du-pere-coll-arrive-a-madrid\\\/#primaryimage\"},\"image\":{\"@id\":\"https:\\\/\\\/dominicasanunciata.org\\\/fr\\\/la-relique-pelerine-du-pere-coll-arrive-a-madrid\\\/#primaryimage\"},\"thumbnailUrl\":\"https:\\\/\\\/dominicasanunciata.org\\\/wp-content\\\/uploads\\\/2026\\\/08\\\/foto-final-2-scaled.jpg\",\"datePublished\":\"2026-08-26T20:04:37+00:00\",\"dateModified\":\"2026-08-26T20:04:40+00:00\",\"author\":{\"@id\":\"https:\\\/\\\/dominicasanunciata.org\\\/#\\\/schema\\\/person\\\/06415c634679ba29db3c825f669e7596\"},\"breadcrumb\":{\"@id\":\"https:\\\/\\\/dominicasanunciata.org\\\/fr\\\/la-relique-pelerine-du-pere-coll-arrive-a-madrid\\\/#breadcrumb\"},\"inLanguage\":\"fr-FR\",\"potentialAction\":[{\"@type\":\"ReadAction\",\"target\":[\"https:\\\/\\\/dominicasanunciata.org\\\/fr\\\/la-relique-pelerine-du-pere-coll-arrive-a-madrid\\\/\"]}]},{\"@type\":\"ImageObject\",\"inLanguage\":\"fr-FR\",\"@id\":\"https:\\\/\\\/dominicasanunciata.org\\\/fr\\\/la-relique-pelerine-du-pere-coll-arrive-a-madrid\\\/#primaryimage\",\"url\":\"https:\\\/\\\/dominicasanunciata.org\\\/wp-content\\\/uploads\\\/2026\\\/08\\\/foto-final-2-scaled.jpg\",\"contentUrl\":\"https:\\\/\\\/dominicasanunciata.org\\\/wp-content\\\/uploads\\\/2026\\\/08\\\/foto-final-2-scaled.jpg\",\"width\":2560,\"height\":1920},{\"@type\":\"BreadcrumbList\",\"@id\":\"https:\\\/\\\/dominicasanunciata.org\\\/fr\\\/la-relique-pelerine-du-pere-coll-arrive-a-madrid\\\/#breadcrumb\",\"itemListElement\":[{\"@type\":\"ListItem\",\"position\":1,\"name\":\"Portada\",\"item\":\"https:\\\/\\\/dominicasanunciata.org\\\/\"},{\"@type\":\"ListItem\",\"position\":2,\"name\":\"La relique p\u00e8lerine du P\u00e8re Coll arrive \u00e0 Madrid\"}]},{\"@type\":\"WebSite\",\"@id\":\"https:\\\/\\\/dominicasanunciata.org\\\/#website\",\"url\":\"https:\\\/\\\/dominicasanunciata.org\\\/\",\"name\":\"Dominicas de la Anunciata\",\"description\":\"Dominicas de la Anunciata\",\"potentialAction\":[{\"@type\":\"SearchAction\",\"target\":{\"@type\":\"EntryPoint\",\"urlTemplate\":\"https:\\\/\\\/dominicasanunciata.org\\\/?s={search_term_string}\"},\"query-input\":{\"@type\":\"PropertyValueSpecification\",\"valueRequired\":true,\"valueName\":\"search_term_string\"}}],\"inLanguage\":\"fr-FR\"},{\"@type\":\"Person\",\"@id\":\"https:\\\/\\\/dominicasanunciata.org\\\/#\\\/schema\\\/person\\\/06415c634679ba29db3c825f669e7596\",\"name\":\"glecy\",\"image\":{\"@type\":\"ImageObject\",\"inLanguage\":\"fr-FR\",\"@id\":\"https:\\\/\\\/secure.gravatar.com\\\/avatar\\\/e488e7ceada4edbd029a1f8c9b1a3018a6d9519486d1af49ad228f33f9ec5d69?s=96&d=mm&r=g\",\"url\":\"https:\\\/\\\/secure.gravatar.com\\\/avatar\\\/e488e7ceada4edbd029a1f8c9b1a3018a6d9519486d1af49ad228f33f9ec5d69?s=96&d=mm&r=g\",\"contentUrl\":\"https:\\\/\\\/secure.gravatar.com\\\/avatar\\\/e488e7ceada4edbd029a1f8c9b1a3018a6d9519486d1af49ad228f33f9ec5d69?s=96&d=mm&r=g\",\"caption\":\"glecy\"},\"url\":\"https:\\\/\\\/dominicasanunciata.org\\\/fr\\\/author\\\/glecy\\\/\"}]}<\/script>\n<!-- \/ Yoast SEO plugin. -->","yoast_head_json":{"title":"La relique p\u00e8lerine du P\u00e8re Coll arrive \u00e0 Madrid - Dominicas de la Anunciata","robots":{"index":"index","follow":"follow","max-snippet":"max-snippet:-1","max-image-preview":"max-image-preview:large","max-video-preview":"max-video-preview:-1"},"canonical":"https:\/\/dominicasanunciata.org\/fr\/la-relique-pelerine-du-pere-coll-arrive-a-madrid\/","og_locale":"fr_FR","og_type":"article","og_title":"La relique p\u00e8lerine du P\u00e8re Coll arrive \u00e0 Madrid - Dominicas de la Anunciata","og_description":"Madrid, le 26 ao\u00fbt 2026. C\u2019est avec une profonde \u00e9motion, une grande joie et beaucoup d\u2019enthousiasme que Madrid a accueilli ce midi la relique p\u00e8lerine de saint Fran\u00e7ois Coll, qui poursuit son chemin comme signe de communion, m\u00e9moire vivante du charisme et renouvellement de la mission \u00e9vang\u00e9lisatrice de la Congr\u00e9gation. La relique est arriv\u00e9e \u00e0 &hellip; Continue reading La relique p\u00e8lerine du P\u00e8re Coll arrive \u00e0 Madrid &rarr;","og_url":"https:\/\/dominicasanunciata.org\/fr\/la-relique-pelerine-du-pere-coll-arrive-a-madrid\/","og_site_name":"Dominicas de la Anunciata","article_published_time":"2026-08-26T20:04:37+00:00","article_modified_time":"2026-08-26T20:04:40+00:00","og_image":[{"width":2560,"height":1920,"url":"https:\/\/dominicasanunciata.org\/wp-content\/uploads\/2026\/08\/foto-final-2-scaled.jpg","type":"image\/jpeg"}],"author":"glecy","twitter_card":"summary_large_image","twitter_misc":{"\u00c9crit par":"glecy","Dur\u00e9e de lecture estim\u00e9e":"7 minutes"},"schema":{"@context":"https:\/\/schema.org","@graph":[{"@type":"Article","@id":"https:\/\/dominicasanunciata.org\/fr\/la-relique-pelerine-du-pere-coll-arrive-a-madrid\/#article","isPartOf":{"@id":"https:\/\/dominicasanunciata.org\/fr\/la-relique-pelerine-du-pere-coll-arrive-a-madrid\/"},"author":{"name":"glecy","@id":"https:\/\/dominicasanunciata.org\/#\/schema\/person\/06415c634679ba29db3c825f669e7596"},"headline":"La relique p\u00e8lerine du P\u00e8re Coll arrive \u00e0 Madrid","datePublished":"2026-08-26T20:04:37+00:00","dateModified":"2026-08-26T20:04:40+00:00","mainEntityOfPage":{"@id":"https:\/\/dominicasanunciata.org\/fr\/la-relique-pelerine-du-pere-coll-arrive-a-madrid\/"},"wordCount":951,"commentCount":0,"image":{"@id":"https:\/\/dominicasanunciata.org\/fr\/la-relique-pelerine-du-pere-coll-arrive-a-madrid\/#primaryimage"},"thumbnailUrl":"https:\/\/dominicasanunciata.org\/wp-content\/uploads\/2026\/08\/foto-final-2-scaled.jpg","articleSection":["P\u00e8lerinage"],"inLanguage":"fr-FR","potentialAction":[{"@type":"CommentAction","name":"Comment","target":["https:\/\/dominicasanunciata.org\/fr\/la-relique-pelerine-du-pere-coll-arrive-a-madrid\/#respond"]}]},{"@type":"WebPage","@id":"https:\/\/dominicasanunciata.org\/fr\/la-relique-pelerine-du-pere-coll-arrive-a-madrid\/","url":"https:\/\/dominicasanunciata.org\/fr\/la-relique-pelerine-du-pere-coll-arrive-a-madrid\/","name":"La relique p\u00e8lerine du P\u00e8re Coll arrive \u00e0 Madrid - Dominicas de la Anunciata","isPartOf":{"@id":"https:\/\/dominicasanunciata.org\/#website"},"primaryImageOfPage":{"@id":"https:\/\/dominicasanunciata.org\/fr\/la-relique-pelerine-du-pere-coll-arrive-a-madrid\/#primaryimage"},"image":{"@id":"https:\/\/dominicasanunciata.org\/fr\/la-relique-pelerine-du-pere-coll-arrive-a-madrid\/#primaryimage"},"thumbnailUrl":"https:\/\/dominicasanunciata.org\/wp-content\/uploads\/2026\/08\/foto-final-2-scaled.jpg","datePublished":"2026-08-26T20:04:37+00:00","dateModified":"2026-08-26T20:04:40+00:00","author":{"@id":"https:\/\/dominicasanunciata.org\/#\/schema\/person\/06415c634679ba29db3c825f669e7596"},"breadcrumb":{"@id":"https:\/\/dominicasanunciata.org\/fr\/la-relique-pelerine-du-pere-coll-arrive-a-madrid\/#breadcrumb"},"inLanguage":"fr-FR","potentialAction":[{"@type":"ReadAction","target":["https:\/\/dominicasanunciata.org\/fr\/la-relique-pelerine-du-pere-coll-arrive-a-madrid\/"]}]},{"@type":"ImageObject","inLanguage":"fr-FR","@id":"https:\/\/dominicasanunciata.org\/fr\/la-relique-pelerine-du-pere-coll-arrive-a-madrid\/#primaryimage","url":"https:\/\/dominicasanunciata.org\/wp-content\/uploads\/2026\/08\/foto-final-2-scaled.jpg","contentUrl":"https:\/\/dominicasanunciata.org\/wp-content\/uploads\/2026\/08\/foto-final-2-scaled.jpg","width":2560,"height":1920},{"@type":"BreadcrumbList","@id":"https:\/\/dominicasanunciata.org\/fr\/la-relique-pelerine-du-pere-coll-arrive-a-madrid\/#breadcrumb","itemListElement":[{"@type":"ListItem","position":1,"name":"Portada","item":"https:\/\/dominicasanunciata.org\/"},{"@type":"ListItem","position":2,"name":"La relique p\u00e8lerine du P\u00e8re Coll arrive \u00e0 Madrid"}]},{"@type":"WebSite","@id":"https:\/\/dominicasanunciata.org\/#website","url":"https:\/\/dominicasanunciata.org\/","name":"Dominicas de la Anunciata","description":"Dominicas de la Anunciata","potentialAction":[{"@type":"SearchAction","target":{"@type":"EntryPoint","urlTemplate":"https:\/\/dominicasanunciata.org\/?s={search_term_string}"},"query-input":{"@type":"PropertyValueSpecification","valueRequired":true,"valueName":"search_term_string"}}],"inLanguage":"fr-FR"},{"@type":"Person","@id":"https:\/\/dominicasanunciata.org\/#\/schema\/person\/06415c634679ba29db3c825f669e7596","name":"glecy","image":{"@type":"ImageObject","inLanguage":"fr-FR","@id":"https:\/\/secure.gravatar.com\/avatar\/e488e7ceada4edbd029a1f8c9b1a3018a6d9519486d1af49ad228f33f9ec5d69?s=96&d=mm&r=g","url":"https:\/\/secure.gravatar.com\/avatar\/e488e7ceada4edbd029a1f8c9b1a3018a6d9519486d1af49ad228f33f9ec5d69?s=96&d=mm&r=g","contentUrl":"https:\/\/secure.gravatar.com\/avatar\/e488e7ceada4edbd029a1f8c9b1a3018a6d9519486d1af49ad228f33f9ec5d69?s=96&d=mm&r=g","caption":"glecy"},"url":"https:\/\/dominicasanunciata.org\/fr\/author\/glecy\/"}]}},"_links":{"self":[{"href":"https:\/\/dominicasanunciata.org\/fr\/wp-json\/wp\/v2\/posts\/73456","targetHints":{"allow":["GET"]}}],"collection":[{"href":"https:\/\/dominicasanunciata.org\/fr\/wp-json\/wp\/v2\/posts"}],"about":[{"href":"https:\/\/dominicasanunciata.org\/fr\/wp-json\/wp\/v2\/types\/post"}],"author":[{"embeddable":true,"href":"https:\/\/dominicasanunciata.org\/fr\/wp-json\/wp\/v2\/users\/7"}],"replies":[{"embeddable":true,"href":"https:\/\/dominicasanunciata.org\/fr\/wp-json\/wp\/v2\/comments?post=73456"}],"version-history":[{"count":1,"href":"https:\/\/dominicasanunciata.org\/fr\/wp-json\/wp\/v2\/posts\/73456\/revisions"}],"predecessor-version":[{"id":73457,"href":"https:\/\/dominicasanunciata.org\/fr\/wp-json\/wp\/v2\/posts\/73456\/revisions\/73457"}],"wp:featuredmedia":[{"embeddable":true,"href":"https:\/\/dominicasanunciata.org\/fr\/wp-json\/wp\/v2\/media\/73391"}],"wp:attachment":[{"href":"https:\/\/dominicasanunciata.org\/fr\/wp-json\/wp\/v2\/media?parent=73456"}],"wp:term":[{"taxonomy":"category","embeddable":true,"href":"https:\/\/dominicasanunciata.org\/fr\/wp-json\/wp\/v2\/categories?post=73456"},{"taxonomy":"post_tag","embeddable":true,"href":"https:\/\/dominicasanunciata.org\/fr\/wp-json\/wp\/v2\/tags?post=73456"}],"curies":[{"name":"wp","href":"https:\/\/api.w.org\/{rel}","templated":true}]}}