{"id":73312,"date":"2026-08-22T12:28:52","date_gmt":"2026-08-22T10:28:52","guid":{"rendered":"https:\/\/dominicasanunciata.org\/?p=73312"},"modified":"2026-08-22T12:28:54","modified_gmt":"2026-08-22T10:28:54","slug":"xxie-dimanche-du-temps-ordinaire-23-aout-2026","status":"publish","type":"post","link":"https:\/\/dominicasanunciata.org\/fr\/xxie-dimanche-du-temps-ordinaire-23-aout-2026\/","title":{"rendered":"XXIe dimanche du temps ordinaire \u2013 23 ao\u00fbt 2026"},"content":{"rendered":"\n<p class=\"wp-block-paragraph\">\u00ab Et vous, qui dites-vous que je suis ? \u00bb (Mt 16, 15).<\/p>\n\n\n\n<p class=\"wp-block-paragraph\">Cette question de J\u00e9sus rejoint aujourd\u2019hui encore notre c\u0153ur. Elle ne demande pas une r\u00e9ponse apprise, mais une r\u00e9ponse personnelle. J\u00e9sus veut savoir quelle place il occupe dans notre vie. Pierre r\u00e9pond : \u00ab Tu es le Christ, le Fils du Dieu vivant \u00bb (Mt 16, 16). Dans ces paroles, nous d\u00e9couvrons que J\u00e9sus n\u2019est pas simplement un ma\u00eetre ou une figure du pass\u00e9. Il est le Fils de Dieu, celui qui nous conna\u00eet, nous aime et nous invite \u00e0 le suivre.<\/p>\n\n\n\n<p class=\"wp-block-paragraph\">Conna\u00eetre J\u00e9sus, c\u2019est bien plus que savoir des choses sur lui. C\u2019est rencontrer sa personne, \u00e9couter sa Parole, se laisser regarder par son amour et d\u00e9couvrir que sa pr\u00e9sence transforme notre vie. Lorsque nous connaissons v\u00e9ritablement J\u00e9sus, na\u00eet en nous le d\u00e9sir de l\u2019aimer et de le suivre. C\u2019est pourquoi son invitation reste actuelle : \u00ab Viens, suis-moi \u00bb (Mt 19, 21).<\/p>\n\n\n\n<p class=\"wp-block-paragraph\">Suivre J\u00e9sus signifie apprendre \u00e0 vivre comme lui : aimer, servir, pardonner, accompagner, accueillir et annoncer l\u2019\u00c9vangile. Cela ne signifie pas avoir toutes les r\u00e9ponses ni mener une vie parfaite. Cela signifie lui faire confiance et marcher \u00e0 ses c\u00f4t\u00e9s. \u00ab Mes brebis \u00e9coutent ma voix ; moi, je les connais et elles me suivent \u00bb (Jn 10, 27). Toute vocation commence par cette \u00e9coute. J\u00e9sus continue d\u2019appeler et de prononcer notre nom.<\/p>\n\n\n\n<p class=\"wp-block-paragraph\">Sa voix peut se faire entendre dans la pri\u00e8re, dans sa Parole, dans les personnes que nous rencontrons, dans les besoins du monde et dans ce d\u00e9sir int\u00e9rieur de donner notre vie par amour. En cette <strong>Ann\u00e9e vocationnelle de la Congr\u00e9gation<\/strong>, nous sommes appel\u00e9es \u00e0 renouveler notre capacit\u00e9 d\u2019\u00e9coute et \u00e0 aider les autres \u00e0 d\u00e9couvrir que J\u00e9sus les appelle aussi. C\u2019est une occasion de nous demander : que veut J\u00e9sus de moi ? \u00c0 quoi m\u2019appelle-t-il ? O\u00f9 puis-je donner ma vie avec davantage d\u2019amour ?<\/p>\n\n\n\n<p class=\"wp-block-paragraph\">La <strong>vie consacr\u00e9e<\/strong> est un chemin concret \u00e0 la suite de J\u00e9sus. Il continue d\u2019appeler des hommes et des femmes \u00e0 donner leur vie \u00e0 l\u2019\u00c9vangile, \u00e0 la pri\u00e8re, \u00e0 la communaut\u00e9 et \u00e0 la mission. C\u2019est pourquoi, \u00e0 celles et ceux qui ressentent une inqui\u00e9tude au fond de leur c\u0153ur, nous proposons de ne pas avoir peur d\u2019\u00e9couter. Peut-\u00eatre J\u00e9sus les invite-t-il \u00e0 le suivre dans la vie consacr\u00e9e. Son appel reste le m\u00eame : \u00ab Viens, suis-moi \u00bb.<\/p>\n\n\n\n<p class=\"wp-block-paragraph\">C\u00e9l\u00e9brer les <strong>170 ans de la fondation des S\u0153urs Dominicaines de l\u2019Anunciata<\/strong>, c\u2019est c\u00e9l\u00e9brer une histoire tiss\u00e9e par Dieu. Au cours de ces ann\u00e9es, de nombreuses s\u0153urs ont \u00e9cout\u00e9 la voix de J\u00e9sus et y ont r\u00e9pondu avec g\u00e9n\u00e9rosit\u00e9, portant l\u2019\u00c9vangile dans diff\u00e9rents lieux par l\u2019\u00e9ducation, la pr\u00e9dication, la proximit\u00e9 et le service. D\u00e8s les origines, le r\u00eave de saint Fran\u00e7ois Coll \u00e9tait d\u2019annoncer J\u00e9sus et d\u2019aider les personnes \u00e0 d\u00e9couvrir l\u2019amour de Dieu.<\/p>\n\n\n\n<p class=\"wp-block-paragraph\">Aujourd\u2019hui, nous recevons ces 170 ans comme un don et comme un appel \u00e0 poursuivre la mission. \u00ab Allez donc, de toutes les nations faites des disciples \u00bb (Mt 28, 19). \u00c9vang\u00e9liser, c\u2019est proposer une rencontre avec J\u00e9sus, aider chaque personne \u00e0 \u00e9couter sa voix et l\u2019accompagner afin qu\u2019elle puisse r\u00e9pondre librement \u00e0 son appel.<\/p>\n\n\n\n<p class=\"wp-block-paragraph\">Aujourd\u2019hui encore, J\u00e9sus nous demande : \u00ab Qui suis-je pour toi ? \u00bb Le conna\u00eetre, l\u2019aimer, le suivre et l\u2019annoncer forment un seul et m\u00eame chemin.<\/p>\n\n\n\n<p class=\"wp-block-paragraph\">Peut-\u00eatre J\u00e9sus t\u2019appelle-t-il aujourd\u2019hui. N\u2019aie pas peur d\u2019\u00e9couter. N\u2019aie pas peur de r\u00e9pondre.<\/p>\n\n\n\n<p class=\"wp-block-paragraph\"><strong>\u00ab Viens, suis-moi \u00bb.<\/strong><\/p>\n\n\n\n<p class=\"wp-block-paragraph\">Oseras-tu \u00e9couter sa voix et le suivre ?<\/p>\n\n\n\n<figure class=\"wp-block-image size-full is-resized\"><img loading=\"lazy\" decoding=\"async\" width=\"437\" height=\"435\" src=\"https:\/\/dominicasanunciata.org\/wp-content\/uploads\/2026\/08\/Captura-de-pantalla-2026-08-22-111320.png\" alt=\"\" class=\"wp-image-73304\" style=\"width:200px;height:auto\" srcset=\"https:\/\/dominicasanunciata.org\/wp-content\/uploads\/2026\/08\/Captura-de-pantalla-2026-08-22-111320.png 437w, https:\/\/dominicasanunciata.org\/wp-content\/uploads\/2026\/08\/Captura-de-pantalla-2026-08-22-111320-300x300.png 300w, https:\/\/dominicasanunciata.org\/wp-content\/uploads\/2026\/08\/Captura-de-pantalla-2026-08-22-111320-150x150.png 150w\" sizes=\"auto, (max-width: 437px) 100vw, 437px\" \/><\/figure>\n\n\n\n<p class=\"has-text-color has-link-color wp-elements-1 wp-block-paragraph\" style=\"color:#137477\"><strong><em>S\u0153ur Glecy Punongbayan&nbsp;<\/em><\/strong><\/p>\n\n\n\n<p class=\"has-text-color has-link-color wp-elements-2 wp-block-paragraph\" style=\"color:#137477\"><strong><em>Maisons d\u00e9pendantes de la Prieure g\u00e9n\u00e9rale<\/em><\/strong><\/p>\n\n\n\n<figure class=\"wp-block-image size-large\"><img loading=\"lazy\" decoding=\"async\" width=\"1024\" height=\"576\" src=\"https:\/\/dominicasanunciata.org\/wp-content\/uploads\/2026\/08\/PORTADA-WEB-1024x576.png\" alt=\"\" class=\"wp-image-73299\" srcset=\"https:\/\/dominicasanunciata.org\/wp-content\/uploads\/2026\/08\/PORTADA-WEB-1024x576.png 1024w, https:\/\/dominicasanunciata.org\/wp-content\/uploads\/2026\/08\/PORTADA-WEB-300x169.png 300w, https:\/\/dominicasanunciata.org\/wp-content\/uploads\/2026\/08\/PORTADA-WEB-768x432.png 768w, https:\/\/dominicasanunciata.org\/wp-content\/uploads\/2026\/08\/PORTADA-WEB-1536x864.png 1536w, https:\/\/dominicasanunciata.org\/wp-content\/uploads\/2026\/08\/PORTADA-WEB.png 2048w\" sizes=\"auto, (max-width: 1024px) 100vw, 1024px\" \/><\/figure>\n\n\n\n<p class=\"wp-block-paragraph\"><\/p>\n","protected":false},"excerpt":{"rendered":"<p>\u00ab Et vous, qui dites-vous que je suis ? \u00bb (Mt 16, 15). Cette question de J\u00e9sus rejoint aujourd\u2019hui encore notre c\u0153ur. Elle ne demande pas une r\u00e9ponse apprise, mais une r\u00e9ponse personnelle. J\u00e9sus veut savoir quelle place il occupe dans notre vie. Pierre r\u00e9pond : \u00ab Tu es le Christ, le Fils du Dieu &hellip; <a href=\"https:\/\/dominicasanunciata.org\/fr\/xxie-dimanche-du-temps-ordinaire-23-aout-2026\/\" class=\"more-link\">Continue reading <span class=\"screen-reader-text\">XXIe dimanche du temps ordinaire \u2013 23 ao\u00fbt 2026<\/span> <span class=\"meta-nav\">&rarr;<\/span><\/a><\/p>\n","protected":false},"author":7,"featured_media":73299,"comment_status":"open","ping_status":"closed","sticky":false,"template":"","format":"standard","meta":{"footnotes":""},"categories":[38],"tags":[],"class_list":["post-73312","post","type-post","status-publish","format-standard","has-post-thumbnail","hentry","category-palabra-de-dios-fr"],"yoast_head":"<!-- This site is optimized with the Yoast SEO plugin v28.3 - https:\/\/yoast.com\/product\/yoast-seo-wordpress\/ -->\n<title>XXIe dimanche du temps ordinaire \u2013 23 ao\u00fbt 2026 - Dominicas de la Anunciata<\/title>\n<meta name=\"robots\" content=\"index, follow, max-snippet:-1, max-image-preview:large, max-video-preview:-1\" \/>\n<link rel=\"canonical\" href=\"https:\/\/dominicasanunciata.org\/fr\/xxie-dimanche-du-temps-ordinaire-23-aout-2026\/\" \/>\n<meta property=\"og:locale\" content=\"fr_FR\" \/>\n<meta property=\"og:type\" content=\"article\" \/>\n<meta property=\"og:title\" content=\"XXIe dimanche du temps ordinaire \u2013 23 ao\u00fbt 2026 - Dominicas de la Anunciata\" \/>\n<meta property=\"og:description\" content=\"\u00ab Et vous, qui dites-vous que je suis ? \u00bb (Mt 16, 15). Cette question de J\u00e9sus rejoint aujourd\u2019hui encore notre c\u0153ur. Elle ne demande pas une r\u00e9ponse apprise, mais une r\u00e9ponse personnelle. J\u00e9sus veut savoir quelle place il occupe dans notre vie. Pierre r\u00e9pond : \u00ab Tu es le Christ, le Fils du Dieu &hellip; Continue reading XXIe dimanche du temps ordinaire \u2013 23 ao\u00fbt 2026 &rarr;\" \/>\n<meta property=\"og:url\" content=\"https:\/\/dominicasanunciata.org\/fr\/xxie-dimanche-du-temps-ordinaire-23-aout-2026\/\" \/>\n<meta property=\"og:site_name\" content=\"Dominicas de la Anunciata\" \/>\n<meta property=\"article:published_time\" content=\"2026-08-22T10:28:52+00:00\" \/>\n<meta property=\"article:modified_time\" content=\"2026-08-22T10:28:54+00:00\" \/>\n<meta property=\"og:image\" content=\"https:\/\/dominicasanunciata.org\/wp-content\/uploads\/2026\/08\/PORTADA-WEB-1024x576.png\" \/>\n\t<meta property=\"og:image:width\" content=\"1024\" \/>\n\t<meta property=\"og:image:height\" content=\"576\" \/>\n\t<meta property=\"og:image:type\" content=\"image\/png\" \/>\n<meta name=\"author\" content=\"glecy\" \/>\n<meta name=\"twitter:card\" content=\"summary_large_image\" \/>\n<meta name=\"twitter:label1\" content=\"\u00c9crit par\" \/>\n\t<meta name=\"twitter:data1\" content=\"glecy\" \/>\n\t<meta name=\"twitter:label2\" content=\"Dur\u00e9e de lecture estim\u00e9e\" \/>\n\t<meta name=\"twitter:data2\" content=\"4 minutes\" \/>\n<script type=\"application\/ld+json\" class=\"yoast-schema-graph\">{\"@context\":\"https:\\\/\\\/schema.org\",\"@graph\":[{\"@type\":\"Article\",\"@id\":\"https:\\\/\\\/dominicasanunciata.org\\\/fr\\\/xxie-dimanche-du-temps-ordinaire-23-aout-2026\\\/#article\",\"isPartOf\":{\"@id\":\"https:\\\/\\\/dominicasanunciata.org\\\/fr\\\/xxie-dimanche-du-temps-ordinaire-23-aout-2026\\\/\"},\"author\":{\"name\":\"glecy\",\"@id\":\"https:\\\/\\\/dominicasanunciata.org\\\/#\\\/schema\\\/person\\\/06415c634679ba29db3c825f669e7596\"},\"headline\":\"XXIe dimanche du temps ordinaire \u2013 23 ao\u00fbt 2026\",\"datePublished\":\"2026-08-22T10:28:52+00:00\",\"dateModified\":\"2026-08-22T10:28:54+00:00\",\"mainEntityOfPage\":{\"@id\":\"https:\\\/\\\/dominicasanunciata.org\\\/fr\\\/xxie-dimanche-du-temps-ordinaire-23-aout-2026\\\/\"},\"wordCount\":642,\"commentCount\":0,\"image\":{\"@id\":\"https:\\\/\\\/dominicasanunciata.org\\\/fr\\\/xxie-dimanche-du-temps-ordinaire-23-aout-2026\\\/#primaryimage\"},\"thumbnailUrl\":\"https:\\\/\\\/dominicasanunciata.org\\\/wp-content\\\/uploads\\\/2026\\\/08\\\/PORTADA-WEB.png\",\"articleSection\":[\"Palabra de Dios\"],\"inLanguage\":\"fr-FR\",\"potentialAction\":[{\"@type\":\"CommentAction\",\"name\":\"Comment\",\"target\":[\"https:\\\/\\\/dominicasanunciata.org\\\/fr\\\/xxie-dimanche-du-temps-ordinaire-23-aout-2026\\\/#respond\"]}]},{\"@type\":\"WebPage\",\"@id\":\"https:\\\/\\\/dominicasanunciata.org\\\/fr\\\/xxie-dimanche-du-temps-ordinaire-23-aout-2026\\\/\",\"url\":\"https:\\\/\\\/dominicasanunciata.org\\\/fr\\\/xxie-dimanche-du-temps-ordinaire-23-aout-2026\\\/\",\"name\":\"XXIe dimanche du temps ordinaire \u2013 23 ao\u00fbt 2026 - Dominicas de la Anunciata\",\"isPartOf\":{\"@id\":\"https:\\\/\\\/dominicasanunciata.org\\\/#website\"},\"primaryImageOfPage\":{\"@id\":\"https:\\\/\\\/dominicasanunciata.org\\\/fr\\\/xxie-dimanche-du-temps-ordinaire-23-aout-2026\\\/#primaryimage\"},\"image\":{\"@id\":\"https:\\\/\\\/dominicasanunciata.org\\\/fr\\\/xxie-dimanche-du-temps-ordinaire-23-aout-2026\\\/#primaryimage\"},\"thumbnailUrl\":\"https:\\\/\\\/dominicasanunciata.org\\\/wp-content\\\/uploads\\\/2026\\\/08\\\/PORTADA-WEB.png\",\"datePublished\":\"2026-08-22T10:28:52+00:00\",\"dateModified\":\"2026-08-22T10:28:54+00:00\",\"author\":{\"@id\":\"https:\\\/\\\/dominicasanunciata.org\\\/#\\\/schema\\\/person\\\/06415c634679ba29db3c825f669e7596\"},\"breadcrumb\":{\"@id\":\"https:\\\/\\\/dominicasanunciata.org\\\/fr\\\/xxie-dimanche-du-temps-ordinaire-23-aout-2026\\\/#breadcrumb\"},\"inLanguage\":\"fr-FR\",\"potentialAction\":[{\"@type\":\"ReadAction\",\"target\":[\"https:\\\/\\\/dominicasanunciata.org\\\/fr\\\/xxie-dimanche-du-temps-ordinaire-23-aout-2026\\\/\"]}]},{\"@type\":\"ImageObject\",\"inLanguage\":\"fr-FR\",\"@id\":\"https:\\\/\\\/dominicasanunciata.org\\\/fr\\\/xxie-dimanche-du-temps-ordinaire-23-aout-2026\\\/#primaryimage\",\"url\":\"https:\\\/\\\/dominicasanunciata.org\\\/wp-content\\\/uploads\\\/2026\\\/08\\\/PORTADA-WEB.png\",\"contentUrl\":\"https:\\\/\\\/dominicasanunciata.org\\\/wp-content\\\/uploads\\\/2026\\\/08\\\/PORTADA-WEB.png\",\"width\":2048,\"height\":1152},{\"@type\":\"BreadcrumbList\",\"@id\":\"https:\\\/\\\/dominicasanunciata.org\\\/fr\\\/xxie-dimanche-du-temps-ordinaire-23-aout-2026\\\/#breadcrumb\",\"itemListElement\":[{\"@type\":\"ListItem\",\"position\":1,\"name\":\"Portada\",\"item\":\"https:\\\/\\\/dominicasanunciata.org\\\/\"},{\"@type\":\"ListItem\",\"position\":2,\"name\":\"XXIe dimanche du temps ordinaire \u2013 23 ao\u00fbt 2026\"}]},{\"@type\":\"WebSite\",\"@id\":\"https:\\\/\\\/dominicasanunciata.org\\\/#website\",\"url\":\"https:\\\/\\\/dominicasanunciata.org\\\/\",\"name\":\"Dominicas de la Anunciata\",\"description\":\"Dominicas de la Anunciata\",\"potentialAction\":[{\"@type\":\"SearchAction\",\"target\":{\"@type\":\"EntryPoint\",\"urlTemplate\":\"https:\\\/\\\/dominicasanunciata.org\\\/?s={search_term_string}\"},\"query-input\":{\"@type\":\"PropertyValueSpecification\",\"valueRequired\":true,\"valueName\":\"search_term_string\"}}],\"inLanguage\":\"fr-FR\"},{\"@type\":\"Person\",\"@id\":\"https:\\\/\\\/dominicasanunciata.org\\\/#\\\/schema\\\/person\\\/06415c634679ba29db3c825f669e7596\",\"name\":\"glecy\",\"image\":{\"@type\":\"ImageObject\",\"inLanguage\":\"fr-FR\",\"@id\":\"https:\\\/\\\/secure.gravatar.com\\\/avatar\\\/e488e7ceada4edbd029a1f8c9b1a3018a6d9519486d1af49ad228f33f9ec5d69?s=96&d=mm&r=g\",\"url\":\"https:\\\/\\\/secure.gravatar.com\\\/avatar\\\/e488e7ceada4edbd029a1f8c9b1a3018a6d9519486d1af49ad228f33f9ec5d69?s=96&d=mm&r=g\",\"contentUrl\":\"https:\\\/\\\/secure.gravatar.com\\\/avatar\\\/e488e7ceada4edbd029a1f8c9b1a3018a6d9519486d1af49ad228f33f9ec5d69?s=96&d=mm&r=g\",\"caption\":\"glecy\"},\"url\":\"https:\\\/\\\/dominicasanunciata.org\\\/fr\\\/author\\\/glecy\\\/\"}]}<\/script>\n<!-- \/ Yoast SEO plugin. -->","yoast_head_json":{"title":"XXIe dimanche du temps ordinaire \u2013 23 ao\u00fbt 2026 - Dominicas de la Anunciata","robots":{"index":"index","follow":"follow","max-snippet":"max-snippet:-1","max-image-preview":"max-image-preview:large","max-video-preview":"max-video-preview:-1"},"canonical":"https:\/\/dominicasanunciata.org\/fr\/xxie-dimanche-du-temps-ordinaire-23-aout-2026\/","og_locale":"fr_FR","og_type":"article","og_title":"XXIe dimanche du temps ordinaire \u2013 23 ao\u00fbt 2026 - Dominicas de la Anunciata","og_description":"\u00ab Et vous, qui dites-vous que je suis ? \u00bb (Mt 16, 15). Cette question de J\u00e9sus rejoint aujourd\u2019hui encore notre c\u0153ur. Elle ne demande pas une r\u00e9ponse apprise, mais une r\u00e9ponse personnelle. J\u00e9sus veut savoir quelle place il occupe dans notre vie. Pierre r\u00e9pond : \u00ab Tu es le Christ, le Fils du Dieu &hellip; Continue reading XXIe dimanche du temps ordinaire \u2013 23 ao\u00fbt 2026 &rarr;","og_url":"https:\/\/dominicasanunciata.org\/fr\/xxie-dimanche-du-temps-ordinaire-23-aout-2026\/","og_site_name":"Dominicas de la Anunciata","article_published_time":"2026-08-22T10:28:52+00:00","article_modified_time":"2026-08-22T10:28:54+00:00","og_image":[{"width":1024,"height":576,"url":"https:\/\/dominicasanunciata.org\/wp-content\/uploads\/2026\/08\/PORTADA-WEB-1024x576.png","type":"image\/png"}],"author":"glecy","twitter_card":"summary_large_image","twitter_misc":{"\u00c9crit par":"glecy","Dur\u00e9e de lecture estim\u00e9e":"4 minutes"},"schema":{"@context":"https:\/\/schema.org","@graph":[{"@type":"Article","@id":"https:\/\/dominicasanunciata.org\/fr\/xxie-dimanche-du-temps-ordinaire-23-aout-2026\/#article","isPartOf":{"@id":"https:\/\/dominicasanunciata.org\/fr\/xxie-dimanche-du-temps-ordinaire-23-aout-2026\/"},"author":{"name":"glecy","@id":"https:\/\/dominicasanunciata.org\/#\/schema\/person\/06415c634679ba29db3c825f669e7596"},"headline":"XXIe dimanche du temps ordinaire \u2013 23 ao\u00fbt 2026","datePublished":"2026-08-22T10:28:52+00:00","dateModified":"2026-08-22T10:28:54+00:00","mainEntityOfPage":{"@id":"https:\/\/dominicasanunciata.org\/fr\/xxie-dimanche-du-temps-ordinaire-23-aout-2026\/"},"wordCount":642,"commentCount":0,"image":{"@id":"https:\/\/dominicasanunciata.org\/fr\/xxie-dimanche-du-temps-ordinaire-23-aout-2026\/#primaryimage"},"thumbnailUrl":"https:\/\/dominicasanunciata.org\/wp-content\/uploads\/2026\/08\/PORTADA-WEB.png","articleSection":["Palabra de Dios"],"inLanguage":"fr-FR","potentialAction":[{"@type":"CommentAction","name":"Comment","target":["https:\/\/dominicasanunciata.org\/fr\/xxie-dimanche-du-temps-ordinaire-23-aout-2026\/#respond"]}]},{"@type":"WebPage","@id":"https:\/\/dominicasanunciata.org\/fr\/xxie-dimanche-du-temps-ordinaire-23-aout-2026\/","url":"https:\/\/dominicasanunciata.org\/fr\/xxie-dimanche-du-temps-ordinaire-23-aout-2026\/","name":"XXIe dimanche du temps ordinaire \u2013 23 ao\u00fbt 2026 - Dominicas de la Anunciata","isPartOf":{"@id":"https:\/\/dominicasanunciata.org\/#website"},"primaryImageOfPage":{"@id":"https:\/\/dominicasanunciata.org\/fr\/xxie-dimanche-du-temps-ordinaire-23-aout-2026\/#primaryimage"},"image":{"@id":"https:\/\/dominicasanunciata.org\/fr\/xxie-dimanche-du-temps-ordinaire-23-aout-2026\/#primaryimage"},"thumbnailUrl":"https:\/\/dominicasanunciata.org\/wp-content\/uploads\/2026\/08\/PORTADA-WEB.png","datePublished":"2026-08-22T10:28:52+00:00","dateModified":"2026-08-22T10:28:54+00:00","author":{"@id":"https:\/\/dominicasanunciata.org\/#\/schema\/person\/06415c634679ba29db3c825f669e7596"},"breadcrumb":{"@id":"https:\/\/dominicasanunciata.org\/fr\/xxie-dimanche-du-temps-ordinaire-23-aout-2026\/#breadcrumb"},"inLanguage":"fr-FR","potentialAction":[{"@type":"ReadAction","target":["https:\/\/dominicasanunciata.org\/fr\/xxie-dimanche-du-temps-ordinaire-23-aout-2026\/"]}]},{"@type":"ImageObject","inLanguage":"fr-FR","@id":"https:\/\/dominicasanunciata.org\/fr\/xxie-dimanche-du-temps-ordinaire-23-aout-2026\/#primaryimage","url":"https:\/\/dominicasanunciata.org\/wp-content\/uploads\/2026\/08\/PORTADA-WEB.png","contentUrl":"https:\/\/dominicasanunciata.org\/wp-content\/uploads\/2026\/08\/PORTADA-WEB.png","width":2048,"height":1152},{"@type":"BreadcrumbList","@id":"https:\/\/dominicasanunciata.org\/fr\/xxie-dimanche-du-temps-ordinaire-23-aout-2026\/#breadcrumb","itemListElement":[{"@type":"ListItem","position":1,"name":"Portada","item":"https:\/\/dominicasanunciata.org\/"},{"@type":"ListItem","position":2,"name":"XXIe dimanche du temps ordinaire \u2013 23 ao\u00fbt 2026"}]},{"@type":"WebSite","@id":"https:\/\/dominicasanunciata.org\/#website","url":"https:\/\/dominicasanunciata.org\/","name":"Dominicas de la Anunciata","description":"Dominicas de la Anunciata","potentialAction":[{"@type":"SearchAction","target":{"@type":"EntryPoint","urlTemplate":"https:\/\/dominicasanunciata.org\/?s={search_term_string}"},"query-input":{"@type":"PropertyValueSpecification","valueRequired":true,"valueName":"search_term_string"}}],"inLanguage":"fr-FR"},{"@type":"Person","@id":"https:\/\/dominicasanunciata.org\/#\/schema\/person\/06415c634679ba29db3c825f669e7596","name":"glecy","image":{"@type":"ImageObject","inLanguage":"fr-FR","@id":"https:\/\/secure.gravatar.com\/avatar\/e488e7ceada4edbd029a1f8c9b1a3018a6d9519486d1af49ad228f33f9ec5d69?s=96&d=mm&r=g","url":"https:\/\/secure.gravatar.com\/avatar\/e488e7ceada4edbd029a1f8c9b1a3018a6d9519486d1af49ad228f33f9ec5d69?s=96&d=mm&r=g","contentUrl":"https:\/\/secure.gravatar.com\/avatar\/e488e7ceada4edbd029a1f8c9b1a3018a6d9519486d1af49ad228f33f9ec5d69?s=96&d=mm&r=g","caption":"glecy"},"url":"https:\/\/dominicasanunciata.org\/fr\/author\/glecy\/"}]}},"_links":{"self":[{"href":"https:\/\/dominicasanunciata.org\/fr\/wp-json\/wp\/v2\/posts\/73312","targetHints":{"allow":["GET"]}}],"collection":[{"href":"https:\/\/dominicasanunciata.org\/fr\/wp-json\/wp\/v2\/posts"}],"about":[{"href":"https:\/\/dominicasanunciata.org\/fr\/wp-json\/wp\/v2\/types\/post"}],"author":[{"embeddable":true,"href":"https:\/\/dominicasanunciata.org\/fr\/wp-json\/wp\/v2\/users\/7"}],"replies":[{"embeddable":true,"href":"https:\/\/dominicasanunciata.org\/fr\/wp-json\/wp\/v2\/comments?post=73312"}],"version-history":[{"count":2,"href":"https:\/\/dominicasanunciata.org\/fr\/wp-json\/wp\/v2\/posts\/73312\/revisions"}],"predecessor-version":[{"id":73327,"href":"https:\/\/dominicasanunciata.org\/fr\/wp-json\/wp\/v2\/posts\/73312\/revisions\/73327"}],"wp:featuredmedia":[{"embeddable":true,"href":"https:\/\/dominicasanunciata.org\/fr\/wp-json\/wp\/v2\/media\/73299"}],"wp:attachment":[{"href":"https:\/\/dominicasanunciata.org\/fr\/wp-json\/wp\/v2\/media?parent=73312"}],"wp:term":[{"taxonomy":"category","embeddable":true,"href":"https:\/\/dominicasanunciata.org\/fr\/wp-json\/wp\/v2\/categories?post=73312"},{"taxonomy":"post_tag","embeddable":true,"href":"https:\/\/dominicasanunciata.org\/fr\/wp-json\/wp\/v2\/tags?post=73312"}],"curies":[{"name":"wp","href":"https:\/\/api.w.org\/{rel}","templated":true}]}}