{"id":73195,"date":"2026-08-15T22:59:34","date_gmt":"2026-08-15T20:59:34","guid":{"rendered":"https:\/\/dominicasanunciata.org\/?p=73195"},"modified":"2026-08-15T23:09:59","modified_gmt":"2026-08-15T21:09:59","slug":"xxe-dimanche-du-temps-ordinaire-16-aout-2026","status":"publish","type":"post","link":"https:\/\/dominicasanunciata.org\/fr\/xxe-dimanche-du-temps-ordinaire-16-aout-2026\/","title":{"rendered":"XXe dimanche du Temps ordinaire &#8211; 16 ao\u00fbt 2026"},"content":{"rendered":"\n<p class=\"wp-block-paragraph\">La liturgie de ce vingti\u00e8me dimanche du temps ordinaire nous invite \u00e0 contempler un Dieu qui d\u00e9passe toutes les fronti\u00e8res et ouvre son salut \u00e0 l\u2019ensemble des peuples. Les lectures nous parlent d\u2019accueil, de pers\u00e9v\u00e9rance dans la foi et de mis\u00e9ricorde universelle. Elles nous r\u00e9v\u00e8lent que l\u2019amour de Dieu ne conna\u00eet pas de limites et nous appellent \u00e0 vivre cette ouverture au quotidien.<\/p>\n\n\n\n<p class=\"wp-block-paragraph\">Dans la premi\u00e8re lecture, le proph\u00e8te Isa\u00efe met en exergue l\u2019accueil que Dieu r\u00e9serve \u00e0 l\u2019\u00e9tranger car, ceux qui s\u2019attachent au Seigneur seront re\u00e7us sur sa montagne sainte. Il nous enseigne ainsi que la maison de Dieu est une \u00ab maison de pri\u00e8re pour tous les peuples \u00bb. Dieu ne fait aucune distinction de race, de culture ou de statut&nbsp;; il accueille chacun, et son salut s\u2019adresse \u00e0 tous. \u00c0 l\u2019image de cette maison, nos communaut\u00e9s sont appel\u00e9es \u00e0 devenir des lieux d\u2019accueil et d\u2019ouverture.<\/p>\n\n\n\n<p class=\"wp-block-paragraph\">Dans la deuxi\u00e8me lecture, saint Paul souligne \u00e0 son tour l\u2019universalit\u00e9 de la mis\u00e9ricorde divine, qui s\u2019\u00e9tend \u00e0 tous, Juifs et pa\u00efens. Il nous rappelle que les dons de Dieu sont irr\u00e9vocables et nul n\u2019est exclu de sa mis\u00e9ricorde. Malgr\u00e9 la r\u00e9sistance d\u2019Isra\u00ebl, Dieu n\u2019abandonne pas son peuple ; il se sert au contraire de cette situation pour ouvrir aux pa\u00efens la porte du salut. Le dessein de Dieu peut sembler incompr\u00e9hensible mais il demeure toujours guid\u00e9 par l\u2019amour. Nous pouvons nous \u00e9loigner de Lui&nbsp;; il reste n\u00e9anmoins fid\u00e8le et sa mis\u00e9ricorde est plus forte que nos refus, nos infid\u00e9lit\u00e9s et nos r\u00e9sistances. Elle s\u2019\u00e9tend \u00e0 tous, croyants et non-croyants, chr\u00e9tiens et non-chr\u00e9tiens. Nous sommes ainsi invit\u00e9s \u00e0 croire en la fid\u00e9lit\u00e9 de Dieu.<\/p>\n\n\n\n<p class=\"wp-block-paragraph\">L\u2019\u00e9vangile, quant \u00e0 lui, nous invite \u00e0 pers\u00e9v\u00e9rer dans la foi, car une foi pers\u00e9v\u00e9rante obtient toujours une r\u00e9ponse. Saint Matthieu nous montre une femme canan\u00e9enne suppliant J\u00e9sus pour la gu\u00e9rison de sa fille. Bien qu\u2019elle rencontre des obstacles, elle ne se d\u00e9courage pas et malgr\u00e9 les \u00e9preuves, elle insiste, croit et pers\u00e9v\u00e8re dans la pri\u00e8re, convaincue que J\u00e9sus peut sauver sa fille. Cette insistance humble finit par obtenir satisfaction. Ainsi J\u00e9sus, reconnaissant sa grande foi, accorde la gu\u00e9rison esp\u00e9r\u00e9e. Nous retenons de cet \u00e9pisode que la vraie foi est humble et pers\u00e9v\u00e9rante ; elle ne se d\u00e9courage jamais face aux \u00e9preuves. La Canan\u00e9enne nous en donne l\u2019exemple. Il s\u2019agit de croire, d\u2019insister, d\u2019esp\u00e9rer m\u00eame lorsque Dieu semble se taire.<\/p>\n\n\n\n<p class=\"wp-block-paragraph\">Que Dieu nous accorde la gr\u00e2ce de pers\u00e9v\u00e9rer avec humilit\u00e9 dans la pri\u00e8re, m\u00eame dans les moments sombres de notre vie, d\u2019accueillir ceux qui sont diff\u00e9rents de nous et de t\u00e9moigner par nos gestes quotidiens, de sa mis\u00e9ricorde universelle.<\/p>\n\n\n\n<div class=\"wp-block-group is-vertical is-layout-flex wp-container-core-group-is-layout-4fc3f8e1 wp-block-group-is-layout-flex\">\n<p class=\"has-text-color has-link-color wp-elements-1 wp-block-paragraph\" style=\"color:#0f7477\"><strong><em>S\u0153ur Agn\u00e8s GOA&nbsp;<\/em><\/strong><\/p>\n\n\n\n<p class=\"has-text-color has-link-color wp-elements-2 wp-block-paragraph\" style=\"color:#0f7477\"><strong>Vicariat Saint Fran\u00e7ois Coll<\/strong><\/p>\n<\/div>\n\n\n\n<p class=\"wp-block-paragraph\"><\/p>\n","protected":false},"excerpt":{"rendered":"<p>La liturgie de ce vingti\u00e8me dimanche du temps ordinaire nous invite \u00e0 contempler un Dieu qui d\u00e9passe toutes les fronti\u00e8res et ouvre son salut \u00e0 l\u2019ensemble des peuples. Les lectures nous parlent d\u2019accueil, de pers\u00e9v\u00e9rance dans la foi et de mis\u00e9ricorde universelle. Elles nous r\u00e9v\u00e8lent que l\u2019amour de Dieu ne conna\u00eet pas de limites et &hellip; <a href=\"https:\/\/dominicasanunciata.org\/fr\/xxe-dimanche-du-temps-ordinaire-16-aout-2026\/\" class=\"more-link\">Continue reading <span class=\"screen-reader-text\">XXe dimanche du Temps ordinaire &#8211; 16 ao\u00fbt 2026<\/span> <span class=\"meta-nav\">&rarr;<\/span><\/a><\/p>\n","protected":false},"author":7,"featured_media":73196,"comment_status":"open","ping_status":"closed","sticky":false,"template":"","format":"standard","meta":{"footnotes":""},"categories":[38],"tags":[],"class_list":["post-73195","post","type-post","status-publish","format-standard","has-post-thumbnail","hentry","category-palabra-de-dios-fr"],"yoast_head":"<!-- This site is optimized with the Yoast SEO plugin v28.3 - https:\/\/yoast.com\/product\/yoast-seo-wordpress\/ -->\n<title>XXe dimanche du Temps ordinaire - 16 ao\u00fbt 2026 - Dominicas de la Anunciata<\/title>\n<meta name=\"robots\" content=\"index, follow, max-snippet:-1, max-image-preview:large, max-video-preview:-1\" \/>\n<link rel=\"canonical\" href=\"https:\/\/dominicasanunciata.org\/fr\/xxe-dimanche-du-temps-ordinaire-16-aout-2026\/\" \/>\n<meta property=\"og:locale\" content=\"fr_FR\" \/>\n<meta property=\"og:type\" content=\"article\" \/>\n<meta property=\"og:title\" content=\"XXe dimanche du Temps ordinaire - 16 ao\u00fbt 2026 - Dominicas de la Anunciata\" \/>\n<meta property=\"og:description\" content=\"La liturgie de ce vingti\u00e8me dimanche du temps ordinaire nous invite \u00e0 contempler un Dieu qui d\u00e9passe toutes les fronti\u00e8res et ouvre son salut \u00e0 l\u2019ensemble des peuples. Les lectures nous parlent d\u2019accueil, de pers\u00e9v\u00e9rance dans la foi et de mis\u00e9ricorde universelle. Elles nous r\u00e9v\u00e8lent que l\u2019amour de Dieu ne conna\u00eet pas de limites et &hellip; Continue reading XXe dimanche du Temps ordinaire &#8211; 16 ao\u00fbt 2026 &rarr;\" \/>\n<meta property=\"og:url\" content=\"https:\/\/dominicasanunciata.org\/fr\/xxe-dimanche-du-temps-ordinaire-16-aout-2026\/\" \/>\n<meta property=\"og:site_name\" content=\"Dominicas de la Anunciata\" \/>\n<meta property=\"article:published_time\" content=\"2026-08-15T20:59:34+00:00\" \/>\n<meta property=\"article:modified_time\" content=\"2026-08-15T21:09:59+00:00\" \/>\n<meta property=\"og:image\" content=\"https:\/\/dominicasanunciata.org\/wp-content\/uploads\/2026\/08\/PORTADA-WEB-3.jpg\" \/>\n\t<meta property=\"og:image:width\" content=\"2048\" \/>\n\t<meta property=\"og:image:height\" content=\"1152\" \/>\n\t<meta property=\"og:image:type\" content=\"image\/jpeg\" \/>\n<meta name=\"author\" content=\"glecy\" \/>\n<meta name=\"twitter:card\" content=\"summary_large_image\" \/>\n<meta name=\"twitter:label1\" content=\"\u00c9crit par\" \/>\n\t<meta name=\"twitter:data1\" content=\"glecy\" \/>\n\t<meta name=\"twitter:label2\" content=\"Dur\u00e9e de lecture estim\u00e9e\" \/>\n\t<meta name=\"twitter:data2\" content=\"3 minutes\" \/>\n<script type=\"application\/ld+json\" class=\"yoast-schema-graph\">{\"@context\":\"https:\\\/\\\/schema.org\",\"@graph\":[{\"@type\":\"Article\",\"@id\":\"https:\\\/\\\/dominicasanunciata.org\\\/fr\\\/xxe-dimanche-du-temps-ordinaire-16-aout-2026\\\/#article\",\"isPartOf\":{\"@id\":\"https:\\\/\\\/dominicasanunciata.org\\\/fr\\\/xxe-dimanche-du-temps-ordinaire-16-aout-2026\\\/\"},\"author\":{\"name\":\"glecy\",\"@id\":\"https:\\\/\\\/dominicasanunciata.org\\\/#\\\/schema\\\/person\\\/06415c634679ba29db3c825f669e7596\"},\"headline\":\"XXe dimanche du Temps ordinaire &#8211; 16 ao\u00fbt 2026\",\"datePublished\":\"2026-08-15T20:59:34+00:00\",\"dateModified\":\"2026-08-15T21:09:59+00:00\",\"mainEntityOfPage\":{\"@id\":\"https:\\\/\\\/dominicasanunciata.org\\\/fr\\\/xxe-dimanche-du-temps-ordinaire-16-aout-2026\\\/\"},\"wordCount\":526,\"commentCount\":0,\"image\":{\"@id\":\"https:\\\/\\\/dominicasanunciata.org\\\/fr\\\/xxe-dimanche-du-temps-ordinaire-16-aout-2026\\\/#primaryimage\"},\"thumbnailUrl\":\"https:\\\/\\\/dominicasanunciata.org\\\/wp-content\\\/uploads\\\/2026\\\/08\\\/PORTADA-WEB-3.jpg\",\"articleSection\":[\"Palabra de Dios\"],\"inLanguage\":\"fr-FR\",\"potentialAction\":[{\"@type\":\"CommentAction\",\"name\":\"Comment\",\"target\":[\"https:\\\/\\\/dominicasanunciata.org\\\/fr\\\/xxe-dimanche-du-temps-ordinaire-16-aout-2026\\\/#respond\"]}]},{\"@type\":\"WebPage\",\"@id\":\"https:\\\/\\\/dominicasanunciata.org\\\/fr\\\/xxe-dimanche-du-temps-ordinaire-16-aout-2026\\\/\",\"url\":\"https:\\\/\\\/dominicasanunciata.org\\\/fr\\\/xxe-dimanche-du-temps-ordinaire-16-aout-2026\\\/\",\"name\":\"XXe dimanche du Temps ordinaire - 16 ao\u00fbt 2026 - Dominicas de la Anunciata\",\"isPartOf\":{\"@id\":\"https:\\\/\\\/dominicasanunciata.org\\\/#website\"},\"primaryImageOfPage\":{\"@id\":\"https:\\\/\\\/dominicasanunciata.org\\\/fr\\\/xxe-dimanche-du-temps-ordinaire-16-aout-2026\\\/#primaryimage\"},\"image\":{\"@id\":\"https:\\\/\\\/dominicasanunciata.org\\\/fr\\\/xxe-dimanche-du-temps-ordinaire-16-aout-2026\\\/#primaryimage\"},\"thumbnailUrl\":\"https:\\\/\\\/dominicasanunciata.org\\\/wp-content\\\/uploads\\\/2026\\\/08\\\/PORTADA-WEB-3.jpg\",\"datePublished\":\"2026-08-15T20:59:34+00:00\",\"dateModified\":\"2026-08-15T21:09:59+00:00\",\"author\":{\"@id\":\"https:\\\/\\\/dominicasanunciata.org\\\/#\\\/schema\\\/person\\\/06415c634679ba29db3c825f669e7596\"},\"breadcrumb\":{\"@id\":\"https:\\\/\\\/dominicasanunciata.org\\\/fr\\\/xxe-dimanche-du-temps-ordinaire-16-aout-2026\\\/#breadcrumb\"},\"inLanguage\":\"fr-FR\",\"potentialAction\":[{\"@type\":\"ReadAction\",\"target\":[\"https:\\\/\\\/dominicasanunciata.org\\\/fr\\\/xxe-dimanche-du-temps-ordinaire-16-aout-2026\\\/\"]}]},{\"@type\":\"ImageObject\",\"inLanguage\":\"fr-FR\",\"@id\":\"https:\\\/\\\/dominicasanunciata.org\\\/fr\\\/xxe-dimanche-du-temps-ordinaire-16-aout-2026\\\/#primaryimage\",\"url\":\"https:\\\/\\\/dominicasanunciata.org\\\/wp-content\\\/uploads\\\/2026\\\/08\\\/PORTADA-WEB-3.jpg\",\"contentUrl\":\"https:\\\/\\\/dominicasanunciata.org\\\/wp-content\\\/uploads\\\/2026\\\/08\\\/PORTADA-WEB-3.jpg\",\"width\":2048,\"height\":1152},{\"@type\":\"BreadcrumbList\",\"@id\":\"https:\\\/\\\/dominicasanunciata.org\\\/fr\\\/xxe-dimanche-du-temps-ordinaire-16-aout-2026\\\/#breadcrumb\",\"itemListElement\":[{\"@type\":\"ListItem\",\"position\":1,\"name\":\"Portada\",\"item\":\"https:\\\/\\\/dominicasanunciata.org\\\/\"},{\"@type\":\"ListItem\",\"position\":2,\"name\":\"XXe dimanche du Temps ordinaire &#8211; 16 ao\u00fbt 2026\"}]},{\"@type\":\"WebSite\",\"@id\":\"https:\\\/\\\/dominicasanunciata.org\\\/#website\",\"url\":\"https:\\\/\\\/dominicasanunciata.org\\\/\",\"name\":\"Dominicas de la Anunciata\",\"description\":\"Dominicas de la Anunciata\",\"potentialAction\":[{\"@type\":\"SearchAction\",\"target\":{\"@type\":\"EntryPoint\",\"urlTemplate\":\"https:\\\/\\\/dominicasanunciata.org\\\/?s={search_term_string}\"},\"query-input\":{\"@type\":\"PropertyValueSpecification\",\"valueRequired\":true,\"valueName\":\"search_term_string\"}}],\"inLanguage\":\"fr-FR\"},{\"@type\":\"Person\",\"@id\":\"https:\\\/\\\/dominicasanunciata.org\\\/#\\\/schema\\\/person\\\/06415c634679ba29db3c825f669e7596\",\"name\":\"glecy\",\"image\":{\"@type\":\"ImageObject\",\"inLanguage\":\"fr-FR\",\"@id\":\"https:\\\/\\\/secure.gravatar.com\\\/avatar\\\/e488e7ceada4edbd029a1f8c9b1a3018a6d9519486d1af49ad228f33f9ec5d69?s=96&d=mm&r=g\",\"url\":\"https:\\\/\\\/secure.gravatar.com\\\/avatar\\\/e488e7ceada4edbd029a1f8c9b1a3018a6d9519486d1af49ad228f33f9ec5d69?s=96&d=mm&r=g\",\"contentUrl\":\"https:\\\/\\\/secure.gravatar.com\\\/avatar\\\/e488e7ceada4edbd029a1f8c9b1a3018a6d9519486d1af49ad228f33f9ec5d69?s=96&d=mm&r=g\",\"caption\":\"glecy\"},\"url\":\"https:\\\/\\\/dominicasanunciata.org\\\/fr\\\/author\\\/glecy\\\/\"}]}<\/script>\n<!-- \/ Yoast SEO plugin. -->","yoast_head_json":{"title":"XXe dimanche du Temps ordinaire - 16 ao\u00fbt 2026 - Dominicas de la Anunciata","robots":{"index":"index","follow":"follow","max-snippet":"max-snippet:-1","max-image-preview":"max-image-preview:large","max-video-preview":"max-video-preview:-1"},"canonical":"https:\/\/dominicasanunciata.org\/fr\/xxe-dimanche-du-temps-ordinaire-16-aout-2026\/","og_locale":"fr_FR","og_type":"article","og_title":"XXe dimanche du Temps ordinaire - 16 ao\u00fbt 2026 - Dominicas de la Anunciata","og_description":"La liturgie de ce vingti\u00e8me dimanche du temps ordinaire nous invite \u00e0 contempler un Dieu qui d\u00e9passe toutes les fronti\u00e8res et ouvre son salut \u00e0 l\u2019ensemble des peuples. Les lectures nous parlent d\u2019accueil, de pers\u00e9v\u00e9rance dans la foi et de mis\u00e9ricorde universelle. Elles nous r\u00e9v\u00e8lent que l\u2019amour de Dieu ne conna\u00eet pas de limites et &hellip; Continue reading XXe dimanche du Temps ordinaire &#8211; 16 ao\u00fbt 2026 &rarr;","og_url":"https:\/\/dominicasanunciata.org\/fr\/xxe-dimanche-du-temps-ordinaire-16-aout-2026\/","og_site_name":"Dominicas de la Anunciata","article_published_time":"2026-08-15T20:59:34+00:00","article_modified_time":"2026-08-15T21:09:59+00:00","og_image":[{"width":2048,"height":1152,"url":"https:\/\/dominicasanunciata.org\/wp-content\/uploads\/2026\/08\/PORTADA-WEB-3.jpg","type":"image\/jpeg"}],"author":"glecy","twitter_card":"summary_large_image","twitter_misc":{"\u00c9crit par":"glecy","Dur\u00e9e de lecture estim\u00e9e":"3 minutes"},"schema":{"@context":"https:\/\/schema.org","@graph":[{"@type":"Article","@id":"https:\/\/dominicasanunciata.org\/fr\/xxe-dimanche-du-temps-ordinaire-16-aout-2026\/#article","isPartOf":{"@id":"https:\/\/dominicasanunciata.org\/fr\/xxe-dimanche-du-temps-ordinaire-16-aout-2026\/"},"author":{"name":"glecy","@id":"https:\/\/dominicasanunciata.org\/#\/schema\/person\/06415c634679ba29db3c825f669e7596"},"headline":"XXe dimanche du Temps ordinaire &#8211; 16 ao\u00fbt 2026","datePublished":"2026-08-15T20:59:34+00:00","dateModified":"2026-08-15T21:09:59+00:00","mainEntityOfPage":{"@id":"https:\/\/dominicasanunciata.org\/fr\/xxe-dimanche-du-temps-ordinaire-16-aout-2026\/"},"wordCount":526,"commentCount":0,"image":{"@id":"https:\/\/dominicasanunciata.org\/fr\/xxe-dimanche-du-temps-ordinaire-16-aout-2026\/#primaryimage"},"thumbnailUrl":"https:\/\/dominicasanunciata.org\/wp-content\/uploads\/2026\/08\/PORTADA-WEB-3.jpg","articleSection":["Palabra de Dios"],"inLanguage":"fr-FR","potentialAction":[{"@type":"CommentAction","name":"Comment","target":["https:\/\/dominicasanunciata.org\/fr\/xxe-dimanche-du-temps-ordinaire-16-aout-2026\/#respond"]}]},{"@type":"WebPage","@id":"https:\/\/dominicasanunciata.org\/fr\/xxe-dimanche-du-temps-ordinaire-16-aout-2026\/","url":"https:\/\/dominicasanunciata.org\/fr\/xxe-dimanche-du-temps-ordinaire-16-aout-2026\/","name":"XXe dimanche du Temps ordinaire - 16 ao\u00fbt 2026 - Dominicas de la Anunciata","isPartOf":{"@id":"https:\/\/dominicasanunciata.org\/#website"},"primaryImageOfPage":{"@id":"https:\/\/dominicasanunciata.org\/fr\/xxe-dimanche-du-temps-ordinaire-16-aout-2026\/#primaryimage"},"image":{"@id":"https:\/\/dominicasanunciata.org\/fr\/xxe-dimanche-du-temps-ordinaire-16-aout-2026\/#primaryimage"},"thumbnailUrl":"https:\/\/dominicasanunciata.org\/wp-content\/uploads\/2026\/08\/PORTADA-WEB-3.jpg","datePublished":"2026-08-15T20:59:34+00:00","dateModified":"2026-08-15T21:09:59+00:00","author":{"@id":"https:\/\/dominicasanunciata.org\/#\/schema\/person\/06415c634679ba29db3c825f669e7596"},"breadcrumb":{"@id":"https:\/\/dominicasanunciata.org\/fr\/xxe-dimanche-du-temps-ordinaire-16-aout-2026\/#breadcrumb"},"inLanguage":"fr-FR","potentialAction":[{"@type":"ReadAction","target":["https:\/\/dominicasanunciata.org\/fr\/xxe-dimanche-du-temps-ordinaire-16-aout-2026\/"]}]},{"@type":"ImageObject","inLanguage":"fr-FR","@id":"https:\/\/dominicasanunciata.org\/fr\/xxe-dimanche-du-temps-ordinaire-16-aout-2026\/#primaryimage","url":"https:\/\/dominicasanunciata.org\/wp-content\/uploads\/2026\/08\/PORTADA-WEB-3.jpg","contentUrl":"https:\/\/dominicasanunciata.org\/wp-content\/uploads\/2026\/08\/PORTADA-WEB-3.jpg","width":2048,"height":1152},{"@type":"BreadcrumbList","@id":"https:\/\/dominicasanunciata.org\/fr\/xxe-dimanche-du-temps-ordinaire-16-aout-2026\/#breadcrumb","itemListElement":[{"@type":"ListItem","position":1,"name":"Portada","item":"https:\/\/dominicasanunciata.org\/"},{"@type":"ListItem","position":2,"name":"XXe dimanche du Temps ordinaire &#8211; 16 ao\u00fbt 2026"}]},{"@type":"WebSite","@id":"https:\/\/dominicasanunciata.org\/#website","url":"https:\/\/dominicasanunciata.org\/","name":"Dominicas de la Anunciata","description":"Dominicas de la Anunciata","potentialAction":[{"@type":"SearchAction","target":{"@type":"EntryPoint","urlTemplate":"https:\/\/dominicasanunciata.org\/?s={search_term_string}"},"query-input":{"@type":"PropertyValueSpecification","valueRequired":true,"valueName":"search_term_string"}}],"inLanguage":"fr-FR"},{"@type":"Person","@id":"https:\/\/dominicasanunciata.org\/#\/schema\/person\/06415c634679ba29db3c825f669e7596","name":"glecy","image":{"@type":"ImageObject","inLanguage":"fr-FR","@id":"https:\/\/secure.gravatar.com\/avatar\/e488e7ceada4edbd029a1f8c9b1a3018a6d9519486d1af49ad228f33f9ec5d69?s=96&d=mm&r=g","url":"https:\/\/secure.gravatar.com\/avatar\/e488e7ceada4edbd029a1f8c9b1a3018a6d9519486d1af49ad228f33f9ec5d69?s=96&d=mm&r=g","contentUrl":"https:\/\/secure.gravatar.com\/avatar\/e488e7ceada4edbd029a1f8c9b1a3018a6d9519486d1af49ad228f33f9ec5d69?s=96&d=mm&r=g","caption":"glecy"},"url":"https:\/\/dominicasanunciata.org\/fr\/author\/glecy\/"}]}},"_links":{"self":[{"href":"https:\/\/dominicasanunciata.org\/fr\/wp-json\/wp\/v2\/posts\/73195","targetHints":{"allow":["GET"]}}],"collection":[{"href":"https:\/\/dominicasanunciata.org\/fr\/wp-json\/wp\/v2\/posts"}],"about":[{"href":"https:\/\/dominicasanunciata.org\/fr\/wp-json\/wp\/v2\/types\/post"}],"author":[{"embeddable":true,"href":"https:\/\/dominicasanunciata.org\/fr\/wp-json\/wp\/v2\/users\/7"}],"replies":[{"embeddable":true,"href":"https:\/\/dominicasanunciata.org\/fr\/wp-json\/wp\/v2\/comments?post=73195"}],"version-history":[{"count":1,"href":"https:\/\/dominicasanunciata.org\/fr\/wp-json\/wp\/v2\/posts\/73195\/revisions"}],"predecessor-version":[{"id":73201,"href":"https:\/\/dominicasanunciata.org\/fr\/wp-json\/wp\/v2\/posts\/73195\/revisions\/73201"}],"wp:featuredmedia":[{"embeddable":true,"href":"https:\/\/dominicasanunciata.org\/fr\/wp-json\/wp\/v2\/media\/73196"}],"wp:attachment":[{"href":"https:\/\/dominicasanunciata.org\/fr\/wp-json\/wp\/v2\/media?parent=73195"}],"wp:term":[{"taxonomy":"category","embeddable":true,"href":"https:\/\/dominicasanunciata.org\/fr\/wp-json\/wp\/v2\/categories?post=73195"},{"taxonomy":"post_tag","embeddable":true,"href":"https:\/\/dominicasanunciata.org\/fr\/wp-json\/wp\/v2\/tags?post=73195"}],"curies":[{"name":"wp","href":"https:\/\/api.w.org\/{rel}","templated":true}]}}