{"id":42450,"date":"2025-02-22T20:55:16","date_gmt":"2025-02-22T19:55:16","guid":{"rendered":"https:\/\/dominicasanunciata.org\/?p=42450"},"modified":"2025-02-22T15:38:32","modified_gmt":"2025-02-22T14:38:32","slug":"apresentamos-o-logotipo-oficial-do-double-jubileu","status":"publish","type":"post","link":"https:\/\/dominicasanunciata.org\/fr\/apresentamos-o-logotipo-oficial-do-double-jubileu\/","title":{"rendered":"Nous pr\u00e9sentons le logo du Double Jubil\u00e9\u00a0!"},"content":{"rendered":"<p><span style=\"font-weight: 400;\">Ce logo comm\u00e9moratif r\u00e9sume l\u2019essence du Jubil\u00e9 de l\u2019Esp\u00e9rance c\u00e9l\u00e9br\u00e9 par toute l\u2019Eglise et le 150<\/span><span style=\"font-weight: 400;\">\u00e8me<\/span><span style=\"font-weight: 400;\"> anniversaire de la P\u00e2que de Saint Fran\u00e7ois Coll, notre fondateur. Chaque \u00e9l\u00e9ment visuel est un symbole qui nous parle de la vie, de la mission et de l\u2019h\u00e9ritage du P\u00e8re Coll, dont le charisme continue d\u2019illuminer le chemin de l\u2019\u00e9ducation, de l\u2019\u00e9vang\u00e9lisation et de l\u2019esp\u00e9rance.<\/span><\/p>\n<p><b>UN ROSAIRE QUI BAT COMME UN COEUR\u00a0\u00a0<\/b><\/p>\n<p><span style=\"font-weight: 400;\">Le logo est encadr\u00e9 par un Rosaire, mais ce n\u2019est pas un Rosaire ordinaire : il prend la forme d\u2019un c\u0153ur palpitant, refl\u00e9tant l\u2019amour ind\u00e9fectible du P\u00e8re Coll pour Dieu et pour l\u2019humanit\u00e9. Dans les derni\u00e8res ann\u00e9es de sa vie, le Saint Rosaire \u00e9tait son refuge, son livre et son tout. Ici, chaque perle du Rosaire est un \u00e9clat de lumi\u00e8re qui nous connecte \u00e0 son h\u00e9ritage de pri\u00e8re, d\u2019engagement et de mission.\u00a0\u00a0<\/span><\/p>\n<p><b>SAINT FRANCISCO COLL, P\u00c9LERIN ET PROPH\u00c8TE D\u2019ESP\u00c9RANCE<\/b><\/p>\n<p><span style=\"font-weight: 400;\">Au centre, \u00e9merge l\u2019image de Saint Francisco Coll, dans son habit dominicain qui rayonne d\u2019accueil et enseigne. Son geste de b\u00e9n\u00e9diction nous rappelle son travail incessant d\u2019\u00e9vang\u00e9lisation, sa passion pour l\u2019\u00e9ducation et son d\u00e9sir de semer la foi dans toutes les g\u00e9n\u00e9rations. Il n\u2019est pas seul : son \u0153uvre se poursuit, repr\u00e9sent\u00e9e par trois personnages qui avancent \u00e0 ses c\u00f4t\u00e9s.<\/span><\/p>\n<p><b>UNE FAMILLE CHARISMATIQUE EN CHEMIN<\/b><\/p>\n<p><span style=\"font-weight: 400;\">En suivant les pas du P\u00e8re Coll, trois personnages importants apparaissent dans sa mission :<\/span><\/p>\n<ul>\n<li style=\"font-weight: 400;\" aria-level=\"1\"><span style=\"font-weight: 400;\">Une religieuse dominicaine, symbole de la Congr\u00e9gation qu\u2019il a fond\u00e9e et des S\u0153urs qui ont consacr\u00e9 leur vie \u00e0 l\u2019\u00e9ducation et \u00e0 l\u2019\u00e9vang\u00e9lisation dans le monde.<\/span><\/li>\n<li style=\"font-weight: 400;\" aria-level=\"1\"><span style=\"font-weight: 400;\">Un la\u00efc collaborateur, nous rappelant que le charisme du P\u00e8re Coll n\u2019est pas seulement destin\u00e9 aux religieuses, mais s\u2019\u00e9tend aux la\u00efcs engag\u00e9s dans la mission et la foi.\u00a0<\/span><\/li>\n<li style=\"font-weight: 400;\" aria-level=\"1\"><span style=\"font-weight: 400;\">Un \u00e9l\u00e8ve, repr\u00e9sentant les enfants et les jeunes qui ont \u00e9t\u00e9 et continuent d\u2019\u00eatre le centre de la mission de l\u2019Anunciata. Ils sont l\u2019avenir, la graine de l\u2019esp\u00e9rance qui germe \u00e0 travers une \u00e9ducation transformatrice.<\/span><\/li>\n<\/ul>\n<p><b>DES COULEURS QUI \u00c9VOQUENT LA DIVERSIT\u00c9 ET LA COMMUNION<\/b><\/p>\n<p><span style=\"font-weight: 400;\">Le dynamisme du logo est rehauss\u00e9 par une explosion de couleurs vibrantes qui \u00e9voquent la diversit\u00e9 et l\u2019universalit\u00e9 de la mission du P\u00e8re Coll :\u00a0<\/span><\/p>\n<p><span style=\"font-weight: 400;\">Rouge \u2013 Passion et engagement total pour l\u2019\u00c9vangile.\u00a0<\/span><\/p>\n<p><span style=\"font-weight: 400;\">Jaune \u2013 Lumi\u00e8re et sagesse, reflet de l\u2019enseignement et de l\u2019apprentissage.<\/span><\/p>\n<p><span style=\"font-weight: 400;\">Vert \u2013 Espoir, croissance et vie nouvelle.<\/span><\/p>\n<p><span style=\"font-weight: 400;\">Bleu \u2013 Fid\u00e9lit\u00e9 et profondeur spirituelle.<\/span><\/p>\n<p><span style=\"font-weight: 400;\">Ces couleurs nous unissent dans un m\u00eame esprit de famille au sein l\u2019Anunciata, rappelant que la mission du P\u00e8re Coll reste vivante dans chaque coin du monde o\u00f9 son charisme est partag\u00e9.<\/span><\/p>\n<p><b>UNE CROIX ANCREE DANS L\u2019ESP\u00c9RANCE<\/b><\/p>\n<p><span style=\"font-weight: 400;\">Au bout de l\u2019image, telle qu\u2019elle appara\u00eet dans le logo du jubil\u00e9 eccl\u00e9sial, une croix ferme et solide nous rappelle le fondement de notre foi. C\u2019est une croix qui ne p\u00e8se ni n\u2019\u00e9crase, mais qui soutient et donne un sens \u00e0 la vie chr\u00e9tienne. Ancr\u00e9e dans l\u2019amour et l\u2019esp\u00e9rance, elle est la boussole qui nous guide sur le chemin du Jubil\u00e9.<\/span><\/p>\n<p><b>UN APPEL \u00c0 SUIVRE L\u2019H\u00c9RITAGE DU P\u00c8RE COLL<\/b><\/p>\n<p><span style=\"font-weight: 400;\">Ce logo n\u2019est pas seulement un symbole graphique, c\u2019est une invitation \u00e0 vivre le Jubil\u00e9 dans le m\u00eame esprit que le P\u00e8re Coll c\u2019est-\u00e0-dire, avec une foi in\u00e9branlable, la passion pour l\u2019\u00e9vang\u00e9lisation et le c\u0153ur plein d\u2019esp\u00e9rance. C\u2019est un appel \u00e0 marcher ensemble, \u00e0 \u00eatre des p\u00e8lerins et des proph\u00e8tes de l\u2019esp\u00e9rance dans un monde qui en a tant besoin.<\/span><\/p>\n","protected":false},"excerpt":{"rendered":"<p>Ce logo comm\u00e9moratif r\u00e9sume l\u2019essence du Jubil\u00e9 de l\u2019Esp\u00e9rance c\u00e9l\u00e9br\u00e9 par toute l\u2019Eglise et le 150\u00e8me anniversaire de la P\u00e2que de Saint Fran\u00e7ois Coll, notre fondateur. Chaque \u00e9l\u00e9ment visuel est un symbole qui nous parle de la vie, de la mission et de l\u2019h\u00e9ritage du P\u00e8re Coll, dont le charisme continue d\u2019illuminer le chemin de &hellip; <a href=\"https:\/\/dominicasanunciata.org\/fr\/apresentamos-o-logotipo-oficial-do-double-jubileu\/\" class=\"more-link\">Continue reading <span class=\"screen-reader-text\">Nous pr\u00e9sentons le logo du Double Jubil\u00e9\u00a0!<\/span> <span class=\"meta-nav\">&rarr;<\/span><\/a><\/p>\n","protected":false},"author":3,"featured_media":31831,"comment_status":"open","ping_status":"closed","sticky":true,"template":"","format":"standard","meta":{"footnotes":""},"categories":[34],"tags":[],"class_list":["post-42450","post","type-post","status-publish","format-standard","has-post-thumbnail","hentry","category-new"],"yoast_head":"<!-- This site is optimized with the Yoast SEO plugin v28.3 - https:\/\/yoast.com\/product\/yoast-seo-wordpress\/ -->\n<title>Nous pr\u00e9sentons le logo du Double Jubil\u00e9\u00a0! - Dominicas de la Anunciata<\/title>\n<meta name=\"robots\" content=\"index, follow, max-snippet:-1, max-image-preview:large, max-video-preview:-1\" \/>\n<link rel=\"canonical\" href=\"https:\/\/dominicasanunciata.org\/fr\/apresentamos-o-logotipo-oficial-do-double-jubileu\/\" \/>\n<meta property=\"og:locale\" content=\"fr_FR\" \/>\n<meta property=\"og:type\" content=\"article\" \/>\n<meta property=\"og:title\" content=\"Nous pr\u00e9sentons le logo du Double Jubil\u00e9\u00a0! - Dominicas de la Anunciata\" \/>\n<meta property=\"og:description\" content=\"Ce logo comm\u00e9moratif r\u00e9sume l\u2019essence du Jubil\u00e9 de l\u2019Esp\u00e9rance c\u00e9l\u00e9br\u00e9 par toute l\u2019Eglise et le 150\u00e8me anniversaire de la P\u00e2que de Saint Fran\u00e7ois Coll, notre fondateur. Chaque \u00e9l\u00e9ment visuel est un symbole qui nous parle de la vie, de la mission et de l\u2019h\u00e9ritage du P\u00e8re Coll, dont le charisme continue d\u2019illuminer le chemin de &hellip; Continue reading Nous pr\u00e9sentons le logo du Double Jubil\u00e9\u00a0! &rarr;\" \/>\n<meta property=\"og:url\" content=\"https:\/\/dominicasanunciata.org\/fr\/apresentamos-o-logotipo-oficial-do-double-jubileu\/\" \/>\n<meta property=\"og:site_name\" content=\"Dominicas de la Anunciata\" \/>\n<meta property=\"article:published_time\" content=\"2025-02-22T19:55:16+00:00\" \/>\n<meta property=\"og:image\" content=\"https:\/\/dominicasanunciata.org\/wp-content\/uploads\/2025\/02\/San-Fco-Coll-fr-scaled.jpg\" \/>\n\t<meta property=\"og:image:width\" content=\"2560\" \/>\n\t<meta property=\"og:image:height\" content=\"2560\" \/>\n\t<meta property=\"og:image:type\" content=\"image\/jpeg\" \/>\n<meta name=\"author\" content=\"Gabriel Lopez\" \/>\n<meta name=\"twitter:card\" content=\"summary_large_image\" \/>\n<meta name=\"twitter:label1\" content=\"\u00c9crit par\" \/>\n\t<meta name=\"twitter:data1\" content=\"Gabriel Lopez\" \/>\n\t<meta name=\"twitter:label2\" content=\"Dur\u00e9e de lecture estim\u00e9e\" \/>\n\t<meta name=\"twitter:data2\" content=\"3 minutes\" \/>\n<script type=\"application\/ld+json\" class=\"yoast-schema-graph\">{\"@context\":\"https:\\\/\\\/schema.org\",\"@graph\":[{\"@type\":\"Article\",\"@id\":\"https:\\\/\\\/dominicasanunciata.org\\\/fr\\\/apresentamos-o-logotipo-oficial-do-double-jubileu\\\/#article\",\"isPartOf\":{\"@id\":\"https:\\\/\\\/dominicasanunciata.org\\\/fr\\\/apresentamos-o-logotipo-oficial-do-double-jubileu\\\/\"},\"author\":{\"name\":\"Gabriel Lopez\",\"@id\":\"https:\\\/\\\/dominicasanunciata.org\\\/#\\\/schema\\\/person\\\/9742d2d84bb1c135cff5d30b879f5725\"},\"headline\":\"Nous pr\u00e9sentons le logo du Double Jubil\u00e9\u00a0!\",\"datePublished\":\"2025-02-22T19:55:16+00:00\",\"mainEntityOfPage\":{\"@id\":\"https:\\\/\\\/dominicasanunciata.org\\\/fr\\\/apresentamos-o-logotipo-oficial-do-double-jubileu\\\/\"},\"wordCount\":657,\"commentCount\":0,\"image\":{\"@id\":\"https:\\\/\\\/dominicasanunciata.org\\\/fr\\\/apresentamos-o-logotipo-oficial-do-double-jubileu\\\/#primaryimage\"},\"thumbnailUrl\":\"https:\\\/\\\/dominicasanunciata.org\\\/wp-content\\\/uploads\\\/2025\\\/02\\\/San-Fco-Coll-fr-scaled.jpg\",\"articleSection\":[\"New\"],\"inLanguage\":\"fr-FR\",\"potentialAction\":[{\"@type\":\"CommentAction\",\"name\":\"Comment\",\"target\":[\"https:\\\/\\\/dominicasanunciata.org\\\/fr\\\/apresentamos-o-logotipo-oficial-do-double-jubileu\\\/#respond\"]}]},{\"@type\":\"WebPage\",\"@id\":\"https:\\\/\\\/dominicasanunciata.org\\\/fr\\\/apresentamos-o-logotipo-oficial-do-double-jubileu\\\/\",\"url\":\"https:\\\/\\\/dominicasanunciata.org\\\/fr\\\/apresentamos-o-logotipo-oficial-do-double-jubileu\\\/\",\"name\":\"Nous pr\u00e9sentons le logo du Double Jubil\u00e9\u00a0! - Dominicas de la Anunciata\",\"isPartOf\":{\"@id\":\"https:\\\/\\\/dominicasanunciata.org\\\/#website\"},\"primaryImageOfPage\":{\"@id\":\"https:\\\/\\\/dominicasanunciata.org\\\/fr\\\/apresentamos-o-logotipo-oficial-do-double-jubileu\\\/#primaryimage\"},\"image\":{\"@id\":\"https:\\\/\\\/dominicasanunciata.org\\\/fr\\\/apresentamos-o-logotipo-oficial-do-double-jubileu\\\/#primaryimage\"},\"thumbnailUrl\":\"https:\\\/\\\/dominicasanunciata.org\\\/wp-content\\\/uploads\\\/2025\\\/02\\\/San-Fco-Coll-fr-scaled.jpg\",\"datePublished\":\"2025-02-22T19:55:16+00:00\",\"author\":{\"@id\":\"https:\\\/\\\/dominicasanunciata.org\\\/#\\\/schema\\\/person\\\/9742d2d84bb1c135cff5d30b879f5725\"},\"breadcrumb\":{\"@id\":\"https:\\\/\\\/dominicasanunciata.org\\\/fr\\\/apresentamos-o-logotipo-oficial-do-double-jubileu\\\/#breadcrumb\"},\"inLanguage\":\"fr-FR\",\"potentialAction\":[{\"@type\":\"ReadAction\",\"target\":[\"https:\\\/\\\/dominicasanunciata.org\\\/fr\\\/apresentamos-o-logotipo-oficial-do-double-jubileu\\\/\"]}]},{\"@type\":\"ImageObject\",\"inLanguage\":\"fr-FR\",\"@id\":\"https:\\\/\\\/dominicasanunciata.org\\\/fr\\\/apresentamos-o-logotipo-oficial-do-double-jubileu\\\/#primaryimage\",\"url\":\"https:\\\/\\\/dominicasanunciata.org\\\/wp-content\\\/uploads\\\/2025\\\/02\\\/San-Fco-Coll-fr-scaled.jpg\",\"contentUrl\":\"https:\\\/\\\/dominicasanunciata.org\\\/wp-content\\\/uploads\\\/2025\\\/02\\\/San-Fco-Coll-fr-scaled.jpg\",\"width\":2560,\"height\":2560},{\"@type\":\"BreadcrumbList\",\"@id\":\"https:\\\/\\\/dominicasanunciata.org\\\/fr\\\/apresentamos-o-logotipo-oficial-do-double-jubileu\\\/#breadcrumb\",\"itemListElement\":[{\"@type\":\"ListItem\",\"position\":1,\"name\":\"Portada\",\"item\":\"https:\\\/\\\/dominicasanunciata.org\\\/\"},{\"@type\":\"ListItem\",\"position\":2,\"name\":\"Nous pr\u00e9sentons le logo du Double Jubil\u00e9\u00a0!\"}]},{\"@type\":\"WebSite\",\"@id\":\"https:\\\/\\\/dominicasanunciata.org\\\/#website\",\"url\":\"https:\\\/\\\/dominicasanunciata.org\\\/\",\"name\":\"Dominicas de la Anunciata\",\"description\":\"Dominicas de la Anunciata\",\"potentialAction\":[{\"@type\":\"SearchAction\",\"target\":{\"@type\":\"EntryPoint\",\"urlTemplate\":\"https:\\\/\\\/dominicasanunciata.org\\\/?s={search_term_string}\"},\"query-input\":{\"@type\":\"PropertyValueSpecification\",\"valueRequired\":true,\"valueName\":\"search_term_string\"}}],\"inLanguage\":\"fr-FR\"},{\"@type\":\"Person\",\"@id\":\"https:\\\/\\\/dominicasanunciata.org\\\/#\\\/schema\\\/person\\\/9742d2d84bb1c135cff5d30b879f5725\",\"name\":\"Gabriel Lopez\",\"image\":{\"@type\":\"ImageObject\",\"inLanguage\":\"fr-FR\",\"@id\":\"https:\\\/\\\/secure.gravatar.com\\\/avatar\\\/37d08368077c561bd440f25a25b44dffc8a49dd03ed8ac3d36eb9c07857d333e?s=96&d=mm&r=g\",\"url\":\"https:\\\/\\\/secure.gravatar.com\\\/avatar\\\/37d08368077c561bd440f25a25b44dffc8a49dd03ed8ac3d36eb9c07857d333e?s=96&d=mm&r=g\",\"contentUrl\":\"https:\\\/\\\/secure.gravatar.com\\\/avatar\\\/37d08368077c561bd440f25a25b44dffc8a49dd03ed8ac3d36eb9c07857d333e?s=96&d=mm&r=g\",\"caption\":\"Gabriel Lopez\"},\"url\":\"https:\\\/\\\/dominicasanunciata.org\\\/fr\\\/author\\\/cer\\\/\"}]}<\/script>\n<!-- \/ Yoast SEO plugin. -->","yoast_head_json":{"title":"Nous pr\u00e9sentons le logo du Double Jubil\u00e9\u00a0! - Dominicas de la Anunciata","robots":{"index":"index","follow":"follow","max-snippet":"max-snippet:-1","max-image-preview":"max-image-preview:large","max-video-preview":"max-video-preview:-1"},"canonical":"https:\/\/dominicasanunciata.org\/fr\/apresentamos-o-logotipo-oficial-do-double-jubileu\/","og_locale":"fr_FR","og_type":"article","og_title":"Nous pr\u00e9sentons le logo du Double Jubil\u00e9\u00a0! - Dominicas de la Anunciata","og_description":"Ce logo comm\u00e9moratif r\u00e9sume l\u2019essence du Jubil\u00e9 de l\u2019Esp\u00e9rance c\u00e9l\u00e9br\u00e9 par toute l\u2019Eglise et le 150\u00e8me anniversaire de la P\u00e2que de Saint Fran\u00e7ois Coll, notre fondateur. Chaque \u00e9l\u00e9ment visuel est un symbole qui nous parle de la vie, de la mission et de l\u2019h\u00e9ritage du P\u00e8re Coll, dont le charisme continue d\u2019illuminer le chemin de &hellip; Continue reading Nous pr\u00e9sentons le logo du Double Jubil\u00e9\u00a0! &rarr;","og_url":"https:\/\/dominicasanunciata.org\/fr\/apresentamos-o-logotipo-oficial-do-double-jubileu\/","og_site_name":"Dominicas de la Anunciata","article_published_time":"2025-02-22T19:55:16+00:00","og_image":[{"width":2560,"height":2560,"url":"https:\/\/dominicasanunciata.org\/wp-content\/uploads\/2025\/02\/San-Fco-Coll-fr-scaled.jpg","type":"image\/jpeg"}],"author":"Gabriel Lopez","twitter_card":"summary_large_image","twitter_misc":{"\u00c9crit par":"Gabriel Lopez","Dur\u00e9e de lecture estim\u00e9e":"3 minutes"},"schema":{"@context":"https:\/\/schema.org","@graph":[{"@type":"Article","@id":"https:\/\/dominicasanunciata.org\/fr\/apresentamos-o-logotipo-oficial-do-double-jubileu\/#article","isPartOf":{"@id":"https:\/\/dominicasanunciata.org\/fr\/apresentamos-o-logotipo-oficial-do-double-jubileu\/"},"author":{"name":"Gabriel Lopez","@id":"https:\/\/dominicasanunciata.org\/#\/schema\/person\/9742d2d84bb1c135cff5d30b879f5725"},"headline":"Nous pr\u00e9sentons le logo du Double Jubil\u00e9\u00a0!","datePublished":"2025-02-22T19:55:16+00:00","mainEntityOfPage":{"@id":"https:\/\/dominicasanunciata.org\/fr\/apresentamos-o-logotipo-oficial-do-double-jubileu\/"},"wordCount":657,"commentCount":0,"image":{"@id":"https:\/\/dominicasanunciata.org\/fr\/apresentamos-o-logotipo-oficial-do-double-jubileu\/#primaryimage"},"thumbnailUrl":"https:\/\/dominicasanunciata.org\/wp-content\/uploads\/2025\/02\/San-Fco-Coll-fr-scaled.jpg","articleSection":["New"],"inLanguage":"fr-FR","potentialAction":[{"@type":"CommentAction","name":"Comment","target":["https:\/\/dominicasanunciata.org\/fr\/apresentamos-o-logotipo-oficial-do-double-jubileu\/#respond"]}]},{"@type":"WebPage","@id":"https:\/\/dominicasanunciata.org\/fr\/apresentamos-o-logotipo-oficial-do-double-jubileu\/","url":"https:\/\/dominicasanunciata.org\/fr\/apresentamos-o-logotipo-oficial-do-double-jubileu\/","name":"Nous pr\u00e9sentons le logo du Double Jubil\u00e9\u00a0! - Dominicas de la Anunciata","isPartOf":{"@id":"https:\/\/dominicasanunciata.org\/#website"},"primaryImageOfPage":{"@id":"https:\/\/dominicasanunciata.org\/fr\/apresentamos-o-logotipo-oficial-do-double-jubileu\/#primaryimage"},"image":{"@id":"https:\/\/dominicasanunciata.org\/fr\/apresentamos-o-logotipo-oficial-do-double-jubileu\/#primaryimage"},"thumbnailUrl":"https:\/\/dominicasanunciata.org\/wp-content\/uploads\/2025\/02\/San-Fco-Coll-fr-scaled.jpg","datePublished":"2025-02-22T19:55:16+00:00","author":{"@id":"https:\/\/dominicasanunciata.org\/#\/schema\/person\/9742d2d84bb1c135cff5d30b879f5725"},"breadcrumb":{"@id":"https:\/\/dominicasanunciata.org\/fr\/apresentamos-o-logotipo-oficial-do-double-jubileu\/#breadcrumb"},"inLanguage":"fr-FR","potentialAction":[{"@type":"ReadAction","target":["https:\/\/dominicasanunciata.org\/fr\/apresentamos-o-logotipo-oficial-do-double-jubileu\/"]}]},{"@type":"ImageObject","inLanguage":"fr-FR","@id":"https:\/\/dominicasanunciata.org\/fr\/apresentamos-o-logotipo-oficial-do-double-jubileu\/#primaryimage","url":"https:\/\/dominicasanunciata.org\/wp-content\/uploads\/2025\/02\/San-Fco-Coll-fr-scaled.jpg","contentUrl":"https:\/\/dominicasanunciata.org\/wp-content\/uploads\/2025\/02\/San-Fco-Coll-fr-scaled.jpg","width":2560,"height":2560},{"@type":"BreadcrumbList","@id":"https:\/\/dominicasanunciata.org\/fr\/apresentamos-o-logotipo-oficial-do-double-jubileu\/#breadcrumb","itemListElement":[{"@type":"ListItem","position":1,"name":"Portada","item":"https:\/\/dominicasanunciata.org\/"},{"@type":"ListItem","position":2,"name":"Nous pr\u00e9sentons le logo du Double Jubil\u00e9\u00a0!"}]},{"@type":"WebSite","@id":"https:\/\/dominicasanunciata.org\/#website","url":"https:\/\/dominicasanunciata.org\/","name":"Dominicas de la Anunciata","description":"Dominicas de la Anunciata","potentialAction":[{"@type":"SearchAction","target":{"@type":"EntryPoint","urlTemplate":"https:\/\/dominicasanunciata.org\/?s={search_term_string}"},"query-input":{"@type":"PropertyValueSpecification","valueRequired":true,"valueName":"search_term_string"}}],"inLanguage":"fr-FR"},{"@type":"Person","@id":"https:\/\/dominicasanunciata.org\/#\/schema\/person\/9742d2d84bb1c135cff5d30b879f5725","name":"Gabriel Lopez","image":{"@type":"ImageObject","inLanguage":"fr-FR","@id":"https:\/\/secure.gravatar.com\/avatar\/37d08368077c561bd440f25a25b44dffc8a49dd03ed8ac3d36eb9c07857d333e?s=96&d=mm&r=g","url":"https:\/\/secure.gravatar.com\/avatar\/37d08368077c561bd440f25a25b44dffc8a49dd03ed8ac3d36eb9c07857d333e?s=96&d=mm&r=g","contentUrl":"https:\/\/secure.gravatar.com\/avatar\/37d08368077c561bd440f25a25b44dffc8a49dd03ed8ac3d36eb9c07857d333e?s=96&d=mm&r=g","caption":"Gabriel Lopez"},"url":"https:\/\/dominicasanunciata.org\/fr\/author\/cer\/"}]}},"_links":{"self":[{"href":"https:\/\/dominicasanunciata.org\/fr\/wp-json\/wp\/v2\/posts\/42450","targetHints":{"allow":["GET"]}}],"collection":[{"href":"https:\/\/dominicasanunciata.org\/fr\/wp-json\/wp\/v2\/posts"}],"about":[{"href":"https:\/\/dominicasanunciata.org\/fr\/wp-json\/wp\/v2\/types\/post"}],"author":[{"embeddable":true,"href":"https:\/\/dominicasanunciata.org\/fr\/wp-json\/wp\/v2\/users\/3"}],"replies":[{"embeddable":true,"href":"https:\/\/dominicasanunciata.org\/fr\/wp-json\/wp\/v2\/comments?post=42450"}],"version-history":[{"count":0,"href":"https:\/\/dominicasanunciata.org\/fr\/wp-json\/wp\/v2\/posts\/42450\/revisions"}],"wp:featuredmedia":[{"embeddable":true,"href":"https:\/\/dominicasanunciata.org\/fr\/wp-json\/wp\/v2\/media\/31831"}],"wp:attachment":[{"href":"https:\/\/dominicasanunciata.org\/fr\/wp-json\/wp\/v2\/media?parent=42450"}],"wp:term":[{"taxonomy":"category","embeddable":true,"href":"https:\/\/dominicasanunciata.org\/fr\/wp-json\/wp\/v2\/categories?post=42450"},{"taxonomy":"post_tag","embeddable":true,"href":"https:\/\/dominicasanunciata.org\/fr\/wp-json\/wp\/v2\/tags?post=42450"}],"curies":[{"name":"wp","href":"https:\/\/api.w.org\/{rel}","templated":true}]}}