{"id":73601,"date":"2026-09-04T19:43:25","date_gmt":"2026-09-04T17:43:25","guid":{"rendered":"https:\/\/dominicasanunciata.org\/?p=73601"},"modified":"2026-09-04T19:47:34","modified_gmt":"2026-09-04T17:47:34","slug":"25-years-of-consecrated-life-celebrated-in-lezignan-corbieres","status":"publish","type":"post","link":"https:\/\/dominicasanunciata.org\/en\/25-years-of-consecrated-life-celebrated-in-lezignan-corbieres\/","title":{"rendered":"25 Years of Consecrated Life Celebrated in L\u00e9zignan-Corbi\u00e8res"},"content":{"rendered":"\n<p class=\"wp-block-paragraph\">The community of L\u00e9zignan-Corbi\u00e8res, France, joyfully and gratefully celebrated the 25th anniversary of the religious profession of <strong>Sr. Veneranda Nyirahatangiman<\/strong>. It was a day marked by thanksgiving to God for the gift of her vocation and for so many years of dedication to the service of God, the Church and the mission of the Congregation.<\/p>\n\n\n\n<p class=\"wp-block-paragraph\">The Eucharistic celebration of thanksgiving was presided over by <strong>Bishop Bruno Valentin, Bishop of Narbonne and Carcassonne<\/strong>, accompanied by several priests, including the parish priest and the vicar of Saint R\u00e9gis Parish. The presence of the bishop and the priests expressed in a special way the communion of the Church and its support for consecrated life.<\/p>\n\n\n\n<p class=\"wp-block-paragraph\">The community of L\u00e9zignan-Corbi\u00e8res is one of the houses directly dependent on the Superior General. For this reason, <strong>Sr. Ana Bel\u00e9n Ver\u00edsimo Garc\u00eda, Superior General<\/strong>, together with several General Councillors, wished to be present at this celebration as an expression of thanksgiving to God for Sr. Veneranda\u2019s vocation and as a sign of communion and fraternity.<\/p>\n\n\n\n<p class=\"wp-block-paragraph\">The celebration was also attended by the elderly ladies of the house, whom the sisters accompany and care for, as well as their families, parishioners, benefactors, friends of Sr. Veneranda and members of the community. Everyone wished to join in this very meaningful moment, making the celebration a true expression of family, closeness and fraternity.<\/p>\n\n\n\n<p class=\"wp-block-paragraph\">During a solemn Eucharistic celebration, <strong>Sr. Veneranda renewed her consecration to God as a Dominican Sister of the Annunciation<\/strong>, joyfully and confidently reaffirming the \u201cyes\u201d she pronounced 25 years ago.<\/p>\n\n\n\n<p class=\"wp-block-paragraph\">Before the Eucharist concluded, Sr. Veneranda addressed words of gratitude to all the people who have been significant in her life and in her vocational journey.<\/p>\n\n\n\n<p class=\"wp-block-paragraph\">Sr. Ana Bel\u00e9n also expressed her gratitude to all those who wished to accompany Sr. Veneranda on this celebration. In a special way, she thanked the people of L\u00e9zignan-Corbi\u00e8res for the welcome, accompaniment and support they offer to the community of sisters in carrying out their mission.<\/p>\n\n\n\n<p class=\"wp-block-paragraph\">After the solemn Eucharistic celebration, everyone went to the parish hall, where they shared a simple meal prepared with care. In a joyful and fraternal atmosphere, they continued celebrating and giving thanks for Sr. Veneranda\u2019s vocation and for the journey shared throughout these 25 years.<\/p>\n\n\n\n<p class=\"wp-block-paragraph\">The celebration of this anniversary was, above all, an opportunity to <strong>give thanks to God for the gift of consecrated vocation<\/strong>, for the fidelity that sustains her each day, and for all the people who are part of the sisters\u2019 journey.<\/p>\n\n\n\n<p class=\"wp-block-paragraph\">We give thanks to God for Sr. Veneranda\u2019s vocation and ask Him to <strong>keep her always faithful to His call<\/strong>, renewing each day her dedication to the Lord and to the mission of the Annunciation.<\/p>\n\n\n\n<p class=\"wp-block-paragraph\"><strong>Congratulations, Sr. Veneranda, on these 25 years of dedication, fidelity and service!<\/strong><\/p>\n\n\n\n<figure class=\"wp-block-image size-large\"><img loading=\"lazy\" decoding=\"async\" width=\"1024\" height=\"472\" src=\"https:\/\/dominicasanunciata.org\/wp-content\/uploads\/2026\/09\/WhatsApp-Image-2026-09-04-at-16.03.58-1024x472.jpeg\" alt=\"\" class=\"wp-image-73594\" srcset=\"https:\/\/dominicasanunciata.org\/wp-content\/uploads\/2026\/09\/WhatsApp-Image-2026-09-04-at-16.03.58-1024x472.jpeg 1024w, https:\/\/dominicasanunciata.org\/wp-content\/uploads\/2026\/09\/WhatsApp-Image-2026-09-04-at-16.03.58-300x138.jpeg 300w, https:\/\/dominicasanunciata.org\/wp-content\/uploads\/2026\/09\/WhatsApp-Image-2026-09-04-at-16.03.58-768x354.jpeg 768w, https:\/\/dominicasanunciata.org\/wp-content\/uploads\/2026\/09\/WhatsApp-Image-2026-09-04-at-16.03.58-1536x708.jpeg 1536w, https:\/\/dominicasanunciata.org\/wp-content\/uploads\/2026\/09\/WhatsApp-Image-2026-09-04-at-16.03.58.jpeg 2000w\" sizes=\"auto, (max-width: 1024px) 100vw, 1024px\" \/><\/figure>\n\n\n\n<figure class=\"wp-block-image size-full\"><img loading=\"lazy\" decoding=\"async\" width=\"2000\" height=\"922\" src=\"https:\/\/dominicasanunciata.org\/wp-content\/uploads\/2026\/09\/WhatsApp-Image-2026-09-04-at-16.03.43-1.jpeg\" alt=\"\" class=\"wp-image-73569\"\/><\/figure>\n\n\n\n<figure class=\"wp-block-image size-full\"><img loading=\"lazy\" decoding=\"async\" width=\"2000\" height=\"922\" src=\"https:\/\/dominicasanunciata.org\/wp-content\/uploads\/2026\/09\/WhatsApp-Image-2026-09-04-at-16.02.55.jpeg\" alt=\"\" class=\"wp-image-73559\"\/><\/figure>\n\n\n\n<figure class=\"wp-block-image size-full\"><img loading=\"lazy\" decoding=\"async\" width=\"2000\" height=\"922\" src=\"https:\/\/dominicasanunciata.org\/wp-content\/uploads\/2026\/09\/WhatsApp-Image-2026-09-04-at-16.02.47.jpeg\" alt=\"\" class=\"wp-image-73554\"\/><\/figure>\n\n\n\n<figure class=\"wp-block-image size-full\"><img loading=\"lazy\" decoding=\"async\" width=\"2000\" height=\"922\" src=\"https:\/\/dominicasanunciata.org\/wp-content\/uploads\/2026\/09\/WhatsApp-Image-2026-09-04-at-16.02.46.jpeg\" alt=\"\" class=\"wp-image-73549\"\/><\/figure>\n\n\n\n<figure class=\"wp-block-image size-full\"><img loading=\"lazy\" decoding=\"async\" width=\"2000\" height=\"922\" src=\"https:\/\/dominicasanunciata.org\/wp-content\/uploads\/2026\/09\/WhatsApp-Image-2026-09-04-at-16.02.56.jpeg\" alt=\"\" class=\"wp-image-73564\"\/><\/figure>\n\n\n\n<figure class=\"wp-block-image size-full\"><img loading=\"lazy\" decoding=\"async\" width=\"2000\" height=\"922\" src=\"https:\/\/dominicasanunciata.org\/wp-content\/uploads\/2026\/09\/WhatsApp-Image-2026-09-04-at-16.03.56.jpeg\" alt=\"\" class=\"wp-image-73574\"\/><\/figure>\n\n\n\n<figure class=\"wp-block-image size-full\"><img loading=\"lazy\" decoding=\"async\" width=\"2000\" height=\"922\" src=\"https:\/\/dominicasanunciata.org\/wp-content\/uploads\/2026\/09\/WhatsApp-Image-2026-09-04-at-16.04.02.jpeg\" alt=\"\" class=\"wp-image-73584\"\/><\/figure>\n\n\n\n<figure class=\"wp-block-image size-full\"><img loading=\"lazy\" decoding=\"async\" width=\"2000\" height=\"922\" src=\"https:\/\/dominicasanunciata.org\/wp-content\/uploads\/2026\/09\/WhatsApp-Image-2026-09-04-at-16.04.00.jpeg\" alt=\"\" class=\"wp-image-73579\"\/><\/figure>\n\n\n\n<figure class=\"wp-block-image size-full\"><img loading=\"lazy\" decoding=\"async\" width=\"2000\" height=\"922\" src=\"https:\/\/dominicasanunciata.org\/wp-content\/uploads\/2026\/09\/WhatsApp-Image-2026-09-04-at-16.04.02-1.jpeg\" alt=\"\" class=\"wp-image-73589\"\/><\/figure>\n","protected":false},"excerpt":{"rendered":"<p>The community of L\u00e9zignan-Corbi\u00e8res, France, joyfully and gratefully celebrated the 25th anniversary of the religious profession of Sr. Veneranda Nyirahatangiman. It was a day marked by thanksgiving to God for the gift of her vocation and for so many years of dedication to the service of God, the Church and the mission of the Congregation. &hellip; <a href=\"https:\/\/dominicasanunciata.org\/en\/25-years-of-consecrated-life-celebrated-in-lezignan-corbieres\/\" class=\"more-link\">Continue reading <span class=\"screen-reader-text\">25 Years of Consecrated Life Celebrated in L\u00e9zignan-Corbi\u00e8res<\/span> <span class=\"meta-nav\">&rarr;<\/span><\/a><\/p>\n","protected":false},"author":7,"featured_media":73594,"comment_status":"open","ping_status":"closed","sticky":false,"template":"","format":"standard","meta":{"footnotes":""},"categories":[32],"tags":[],"class_list":["post-73601","post","type-post","status-publish","format-standard","has-post-thumbnail","hentry","category-news"],"yoast_head":"<!-- This site is optimized with the Yoast SEO plugin v28.3 - https:\/\/yoast.com\/product\/yoast-seo-wordpress\/ -->\n<title>25 Years of Consecrated Life Celebrated in L\u00e9zignan-Corbi\u00e8res - Dominicas de la Anunciata<\/title>\n<meta name=\"robots\" content=\"index, follow, max-snippet:-1, max-image-preview:large, max-video-preview:-1\" \/>\n<link rel=\"canonical\" href=\"https:\/\/dominicasanunciata.org\/en\/25-years-of-consecrated-life-celebrated-in-lezignan-corbieres\/\" \/>\n<meta property=\"og:locale\" content=\"en_US\" \/>\n<meta property=\"og:type\" content=\"article\" \/>\n<meta property=\"og:title\" content=\"25 Years of Consecrated Life Celebrated in L\u00e9zignan-Corbi\u00e8res - Dominicas de la Anunciata\" \/>\n<meta property=\"og:description\" content=\"The community of L\u00e9zignan-Corbi\u00e8res, France, joyfully and gratefully celebrated the 25th anniversary of the religious profession of Sr. Veneranda Nyirahatangiman. It was a day marked by thanksgiving to God for the gift of her vocation and for so many years of dedication to the service of God, the Church and the mission of the Congregation. &hellip; Continue reading 25 Years of Consecrated Life Celebrated in L\u00e9zignan-Corbi\u00e8res &rarr;\" \/>\n<meta property=\"og:url\" content=\"https:\/\/dominicasanunciata.org\/en\/25-years-of-consecrated-life-celebrated-in-lezignan-corbieres\/\" \/>\n<meta property=\"og:site_name\" content=\"Dominicas de la Anunciata\" \/>\n<meta property=\"article:published_time\" content=\"2026-09-04T17:43:25+00:00\" \/>\n<meta property=\"article:modified_time\" content=\"2026-09-04T17:47:34+00:00\" \/>\n<meta property=\"og:image\" content=\"https:\/\/dominicasanunciata.org\/wp-content\/uploads\/2026\/09\/WhatsApp-Image-2026-09-04-at-16.03.58.jpeg\" \/>\n\t<meta property=\"og:image:width\" content=\"2000\" \/>\n\t<meta property=\"og:image:height\" content=\"922\" \/>\n\t<meta property=\"og:image:type\" content=\"image\/jpeg\" \/>\n<meta name=\"author\" content=\"glecy\" \/>\n<meta name=\"twitter:card\" content=\"summary_large_image\" \/>\n<meta name=\"twitter:label1\" content=\"Written by\" \/>\n\t<meta name=\"twitter:data1\" content=\"glecy\" \/>\n\t<meta name=\"twitter:label2\" content=\"Est. reading time\" \/>\n\t<meta name=\"twitter:data2\" content=\"5 minutes\" \/>\n<script type=\"application\/ld+json\" class=\"yoast-schema-graph\">{\"@context\":\"https:\\\/\\\/schema.org\",\"@graph\":[{\"@type\":\"Article\",\"@id\":\"https:\\\/\\\/dominicasanunciata.org\\\/en\\\/25-years-of-consecrated-life-celebrated-in-lezignan-corbieres\\\/#article\",\"isPartOf\":{\"@id\":\"https:\\\/\\\/dominicasanunciata.org\\\/en\\\/25-years-of-consecrated-life-celebrated-in-lezignan-corbieres\\\/\"},\"author\":{\"name\":\"glecy\",\"@id\":\"https:\\\/\\\/dominicasanunciata.org\\\/#\\\/schema\\\/person\\\/06415c634679ba29db3c825f669e7596\"},\"headline\":\"25 Years of Consecrated Life Celebrated in L\u00e9zignan-Corbi\u00e8res\",\"datePublished\":\"2026-09-04T17:43:25+00:00\",\"dateModified\":\"2026-09-04T17:47:34+00:00\",\"mainEntityOfPage\":{\"@id\":\"https:\\\/\\\/dominicasanunciata.org\\\/en\\\/25-years-of-consecrated-life-celebrated-in-lezignan-corbieres\\\/\"},\"wordCount\":478,\"commentCount\":0,\"image\":{\"@id\":\"https:\\\/\\\/dominicasanunciata.org\\\/en\\\/25-years-of-consecrated-life-celebrated-in-lezignan-corbieres\\\/#primaryimage\"},\"thumbnailUrl\":\"https:\\\/\\\/dominicasanunciata.org\\\/wp-content\\\/uploads\\\/2026\\\/09\\\/WhatsApp-Image-2026-09-04-at-16.03.58.jpeg\",\"articleSection\":[\"News\"],\"inLanguage\":\"en-US\",\"potentialAction\":[{\"@type\":\"CommentAction\",\"name\":\"Comment\",\"target\":[\"https:\\\/\\\/dominicasanunciata.org\\\/en\\\/25-years-of-consecrated-life-celebrated-in-lezignan-corbieres\\\/#respond\"]}]},{\"@type\":\"WebPage\",\"@id\":\"https:\\\/\\\/dominicasanunciata.org\\\/en\\\/25-years-of-consecrated-life-celebrated-in-lezignan-corbieres\\\/\",\"url\":\"https:\\\/\\\/dominicasanunciata.org\\\/en\\\/25-years-of-consecrated-life-celebrated-in-lezignan-corbieres\\\/\",\"name\":\"25 Years of Consecrated Life Celebrated in L\u00e9zignan-Corbi\u00e8res - Dominicas de la Anunciata\",\"isPartOf\":{\"@id\":\"https:\\\/\\\/dominicasanunciata.org\\\/#website\"},\"primaryImageOfPage\":{\"@id\":\"https:\\\/\\\/dominicasanunciata.org\\\/en\\\/25-years-of-consecrated-life-celebrated-in-lezignan-corbieres\\\/#primaryimage\"},\"image\":{\"@id\":\"https:\\\/\\\/dominicasanunciata.org\\\/en\\\/25-years-of-consecrated-life-celebrated-in-lezignan-corbieres\\\/#primaryimage\"},\"thumbnailUrl\":\"https:\\\/\\\/dominicasanunciata.org\\\/wp-content\\\/uploads\\\/2026\\\/09\\\/WhatsApp-Image-2026-09-04-at-16.03.58.jpeg\",\"datePublished\":\"2026-09-04T17:43:25+00:00\",\"dateModified\":\"2026-09-04T17:47:34+00:00\",\"author\":{\"@id\":\"https:\\\/\\\/dominicasanunciata.org\\\/#\\\/schema\\\/person\\\/06415c634679ba29db3c825f669e7596\"},\"breadcrumb\":{\"@id\":\"https:\\\/\\\/dominicasanunciata.org\\\/en\\\/25-years-of-consecrated-life-celebrated-in-lezignan-corbieres\\\/#breadcrumb\"},\"inLanguage\":\"en-US\",\"potentialAction\":[{\"@type\":\"ReadAction\",\"target\":[\"https:\\\/\\\/dominicasanunciata.org\\\/en\\\/25-years-of-consecrated-life-celebrated-in-lezignan-corbieres\\\/\"]}]},{\"@type\":\"ImageObject\",\"inLanguage\":\"en-US\",\"@id\":\"https:\\\/\\\/dominicasanunciata.org\\\/en\\\/25-years-of-consecrated-life-celebrated-in-lezignan-corbieres\\\/#primaryimage\",\"url\":\"https:\\\/\\\/dominicasanunciata.org\\\/wp-content\\\/uploads\\\/2026\\\/09\\\/WhatsApp-Image-2026-09-04-at-16.03.58.jpeg\",\"contentUrl\":\"https:\\\/\\\/dominicasanunciata.org\\\/wp-content\\\/uploads\\\/2026\\\/09\\\/WhatsApp-Image-2026-09-04-at-16.03.58.jpeg\",\"width\":2000,\"height\":922},{\"@type\":\"BreadcrumbList\",\"@id\":\"https:\\\/\\\/dominicasanunciata.org\\\/en\\\/25-years-of-consecrated-life-celebrated-in-lezignan-corbieres\\\/#breadcrumb\",\"itemListElement\":[{\"@type\":\"ListItem\",\"position\":1,\"name\":\"Portada\",\"item\":\"https:\\\/\\\/dominicasanunciata.org\\\/\"},{\"@type\":\"ListItem\",\"position\":2,\"name\":\"25 Years of Consecrated Life Celebrated in L\u00e9zignan-Corbi\u00e8res\"}]},{\"@type\":\"WebSite\",\"@id\":\"https:\\\/\\\/dominicasanunciata.org\\\/#website\",\"url\":\"https:\\\/\\\/dominicasanunciata.org\\\/\",\"name\":\"Dominicas de la Anunciata\",\"description\":\"Dominicas de la Anunciata\",\"potentialAction\":[{\"@type\":\"SearchAction\",\"target\":{\"@type\":\"EntryPoint\",\"urlTemplate\":\"https:\\\/\\\/dominicasanunciata.org\\\/?s={search_term_string}\"},\"query-input\":{\"@type\":\"PropertyValueSpecification\",\"valueRequired\":true,\"valueName\":\"search_term_string\"}}],\"inLanguage\":\"en-US\"},{\"@type\":\"Person\",\"@id\":\"https:\\\/\\\/dominicasanunciata.org\\\/#\\\/schema\\\/person\\\/06415c634679ba29db3c825f669e7596\",\"name\":\"glecy\",\"image\":{\"@type\":\"ImageObject\",\"inLanguage\":\"en-US\",\"@id\":\"https:\\\/\\\/secure.gravatar.com\\\/avatar\\\/e488e7ceada4edbd029a1f8c9b1a3018a6d9519486d1af49ad228f33f9ec5d69?s=96&d=mm&r=g\",\"url\":\"https:\\\/\\\/secure.gravatar.com\\\/avatar\\\/e488e7ceada4edbd029a1f8c9b1a3018a6d9519486d1af49ad228f33f9ec5d69?s=96&d=mm&r=g\",\"contentUrl\":\"https:\\\/\\\/secure.gravatar.com\\\/avatar\\\/e488e7ceada4edbd029a1f8c9b1a3018a6d9519486d1af49ad228f33f9ec5d69?s=96&d=mm&r=g\",\"caption\":\"glecy\"},\"url\":\"https:\\\/\\\/dominicasanunciata.org\\\/en\\\/author\\\/glecy\\\/\"}]}<\/script>\n<!-- \/ Yoast SEO plugin. -->","yoast_head_json":{"title":"25 Years of Consecrated Life Celebrated in L\u00e9zignan-Corbi\u00e8res - Dominicas de la Anunciata","robots":{"index":"index","follow":"follow","max-snippet":"max-snippet:-1","max-image-preview":"max-image-preview:large","max-video-preview":"max-video-preview:-1"},"canonical":"https:\/\/dominicasanunciata.org\/en\/25-years-of-consecrated-life-celebrated-in-lezignan-corbieres\/","og_locale":"en_US","og_type":"article","og_title":"25 Years of Consecrated Life Celebrated in L\u00e9zignan-Corbi\u00e8res - Dominicas de la Anunciata","og_description":"The community of L\u00e9zignan-Corbi\u00e8res, France, joyfully and gratefully celebrated the 25th anniversary of the religious profession of Sr. Veneranda Nyirahatangiman. It was a day marked by thanksgiving to God for the gift of her vocation and for so many years of dedication to the service of God, the Church and the mission of the Congregation. &hellip; Continue reading 25 Years of Consecrated Life Celebrated in L\u00e9zignan-Corbi\u00e8res &rarr;","og_url":"https:\/\/dominicasanunciata.org\/en\/25-years-of-consecrated-life-celebrated-in-lezignan-corbieres\/","og_site_name":"Dominicas de la Anunciata","article_published_time":"2026-09-04T17:43:25+00:00","article_modified_time":"2026-09-04T17:47:34+00:00","og_image":[{"width":2000,"height":922,"url":"https:\/\/dominicasanunciata.org\/wp-content\/uploads\/2026\/09\/WhatsApp-Image-2026-09-04-at-16.03.58.jpeg","type":"image\/jpeg"}],"author":"glecy","twitter_card":"summary_large_image","twitter_misc":{"Written by":"glecy","Est. reading time":"5 minutes"},"schema":{"@context":"https:\/\/schema.org","@graph":[{"@type":"Article","@id":"https:\/\/dominicasanunciata.org\/en\/25-years-of-consecrated-life-celebrated-in-lezignan-corbieres\/#article","isPartOf":{"@id":"https:\/\/dominicasanunciata.org\/en\/25-years-of-consecrated-life-celebrated-in-lezignan-corbieres\/"},"author":{"name":"glecy","@id":"https:\/\/dominicasanunciata.org\/#\/schema\/person\/06415c634679ba29db3c825f669e7596"},"headline":"25 Years of Consecrated Life Celebrated in L\u00e9zignan-Corbi\u00e8res","datePublished":"2026-09-04T17:43:25+00:00","dateModified":"2026-09-04T17:47:34+00:00","mainEntityOfPage":{"@id":"https:\/\/dominicasanunciata.org\/en\/25-years-of-consecrated-life-celebrated-in-lezignan-corbieres\/"},"wordCount":478,"commentCount":0,"image":{"@id":"https:\/\/dominicasanunciata.org\/en\/25-years-of-consecrated-life-celebrated-in-lezignan-corbieres\/#primaryimage"},"thumbnailUrl":"https:\/\/dominicasanunciata.org\/wp-content\/uploads\/2026\/09\/WhatsApp-Image-2026-09-04-at-16.03.58.jpeg","articleSection":["News"],"inLanguage":"en-US","potentialAction":[{"@type":"CommentAction","name":"Comment","target":["https:\/\/dominicasanunciata.org\/en\/25-years-of-consecrated-life-celebrated-in-lezignan-corbieres\/#respond"]}]},{"@type":"WebPage","@id":"https:\/\/dominicasanunciata.org\/en\/25-years-of-consecrated-life-celebrated-in-lezignan-corbieres\/","url":"https:\/\/dominicasanunciata.org\/en\/25-years-of-consecrated-life-celebrated-in-lezignan-corbieres\/","name":"25 Years of Consecrated Life Celebrated in L\u00e9zignan-Corbi\u00e8res - Dominicas de la Anunciata","isPartOf":{"@id":"https:\/\/dominicasanunciata.org\/#website"},"primaryImageOfPage":{"@id":"https:\/\/dominicasanunciata.org\/en\/25-years-of-consecrated-life-celebrated-in-lezignan-corbieres\/#primaryimage"},"image":{"@id":"https:\/\/dominicasanunciata.org\/en\/25-years-of-consecrated-life-celebrated-in-lezignan-corbieres\/#primaryimage"},"thumbnailUrl":"https:\/\/dominicasanunciata.org\/wp-content\/uploads\/2026\/09\/WhatsApp-Image-2026-09-04-at-16.03.58.jpeg","datePublished":"2026-09-04T17:43:25+00:00","dateModified":"2026-09-04T17:47:34+00:00","author":{"@id":"https:\/\/dominicasanunciata.org\/#\/schema\/person\/06415c634679ba29db3c825f669e7596"},"breadcrumb":{"@id":"https:\/\/dominicasanunciata.org\/en\/25-years-of-consecrated-life-celebrated-in-lezignan-corbieres\/#breadcrumb"},"inLanguage":"en-US","potentialAction":[{"@type":"ReadAction","target":["https:\/\/dominicasanunciata.org\/en\/25-years-of-consecrated-life-celebrated-in-lezignan-corbieres\/"]}]},{"@type":"ImageObject","inLanguage":"en-US","@id":"https:\/\/dominicasanunciata.org\/en\/25-years-of-consecrated-life-celebrated-in-lezignan-corbieres\/#primaryimage","url":"https:\/\/dominicasanunciata.org\/wp-content\/uploads\/2026\/09\/WhatsApp-Image-2026-09-04-at-16.03.58.jpeg","contentUrl":"https:\/\/dominicasanunciata.org\/wp-content\/uploads\/2026\/09\/WhatsApp-Image-2026-09-04-at-16.03.58.jpeg","width":2000,"height":922},{"@type":"BreadcrumbList","@id":"https:\/\/dominicasanunciata.org\/en\/25-years-of-consecrated-life-celebrated-in-lezignan-corbieres\/#breadcrumb","itemListElement":[{"@type":"ListItem","position":1,"name":"Portada","item":"https:\/\/dominicasanunciata.org\/"},{"@type":"ListItem","position":2,"name":"25 Years of Consecrated Life Celebrated in L\u00e9zignan-Corbi\u00e8res"}]},{"@type":"WebSite","@id":"https:\/\/dominicasanunciata.org\/#website","url":"https:\/\/dominicasanunciata.org\/","name":"Dominicas de la Anunciata","description":"Dominicas de la Anunciata","potentialAction":[{"@type":"SearchAction","target":{"@type":"EntryPoint","urlTemplate":"https:\/\/dominicasanunciata.org\/?s={search_term_string}"},"query-input":{"@type":"PropertyValueSpecification","valueRequired":true,"valueName":"search_term_string"}}],"inLanguage":"en-US"},{"@type":"Person","@id":"https:\/\/dominicasanunciata.org\/#\/schema\/person\/06415c634679ba29db3c825f669e7596","name":"glecy","image":{"@type":"ImageObject","inLanguage":"en-US","@id":"https:\/\/secure.gravatar.com\/avatar\/e488e7ceada4edbd029a1f8c9b1a3018a6d9519486d1af49ad228f33f9ec5d69?s=96&d=mm&r=g","url":"https:\/\/secure.gravatar.com\/avatar\/e488e7ceada4edbd029a1f8c9b1a3018a6d9519486d1af49ad228f33f9ec5d69?s=96&d=mm&r=g","contentUrl":"https:\/\/secure.gravatar.com\/avatar\/e488e7ceada4edbd029a1f8c9b1a3018a6d9519486d1af49ad228f33f9ec5d69?s=96&d=mm&r=g","caption":"glecy"},"url":"https:\/\/dominicasanunciata.org\/en\/author\/glecy\/"}]}},"_links":{"self":[{"href":"https:\/\/dominicasanunciata.org\/en\/wp-json\/wp\/v2\/posts\/73601","targetHints":{"allow":["GET"]}}],"collection":[{"href":"https:\/\/dominicasanunciata.org\/en\/wp-json\/wp\/v2\/posts"}],"about":[{"href":"https:\/\/dominicasanunciata.org\/en\/wp-json\/wp\/v2\/types\/post"}],"author":[{"embeddable":true,"href":"https:\/\/dominicasanunciata.org\/en\/wp-json\/wp\/v2\/users\/7"}],"replies":[{"embeddable":true,"href":"https:\/\/dominicasanunciata.org\/en\/wp-json\/wp\/v2\/comments?post=73601"}],"version-history":[{"count":1,"href":"https:\/\/dominicasanunciata.org\/en\/wp-json\/wp\/v2\/posts\/73601\/revisions"}],"predecessor-version":[{"id":73602,"href":"https:\/\/dominicasanunciata.org\/en\/wp-json\/wp\/v2\/posts\/73601\/revisions\/73602"}],"wp:featuredmedia":[{"embeddable":true,"href":"https:\/\/dominicasanunciata.org\/en\/wp-json\/wp\/v2\/media\/73594"}],"wp:attachment":[{"href":"https:\/\/dominicasanunciata.org\/en\/wp-json\/wp\/v2\/media?parent=73601"}],"wp:term":[{"taxonomy":"category","embeddable":true,"href":"https:\/\/dominicasanunciata.org\/en\/wp-json\/wp\/v2\/categories?post=73601"},{"taxonomy":"post_tag","embeddable":true,"href":"https:\/\/dominicasanunciata.org\/en\/wp-json\/wp\/v2\/tags?post=73601"}],"curies":[{"name":"wp","href":"https:\/\/api.w.org\/{rel}","templated":true}]}}