{"id":73460,"date":"2026-08-26T22:04:37","date_gmt":"2026-08-26T20:04:37","guid":{"rendered":"https:\/\/dominicasanunciata.org\/?p=73460"},"modified":"2026-08-26T22:28:56","modified_gmt":"2026-08-26T20:28:56","slug":"the-pilgrim-relic-of-father-coll-arrives-in-madrid","status":"publish","type":"post","link":"https:\/\/dominicasanunciata.org\/en\/the-pilgrim-relic-of-father-coll-arrives-in-madrid\/","title":{"rendered":"The Pilgrim Relic of Father Coll Arrives in Madrid"},"content":{"rendered":"\n<p class=\"wp-block-paragraph\"><strong>Madrid, August 26, 2026.<\/strong> With deep emotion, joy and enthusiasm, Madrid welcomed this midday the <strong>pilgrim relic of Saint Francis Coll<\/strong>, which continues its journey as a sign of communion, a living memory of the charism and a renewal of the Congregation\u2019s evangelizing mission.<\/p>\n\n\n\n<p class=\"wp-block-paragraph\">The relic arrived at Adolfo Su\u00e1rez Madrid-Barajas Airport accompanied by the <strong>Delegate of Brazil, Sister Marina Est\u00eavam de Jes\u00fas<\/strong>, who brought it to Madrid. Upon arrival, it was welcomed by the <strong>Provincial Prioress, Sister Mar\u00eda Isabel Andr\u00e9s<\/strong>, together with several sisters from the Provincial House. Also present were the <strong>Prioress General, Sister Ana Bel\u00e9n Ver\u00edsimo Garc\u00eda<\/strong>, and all the sisters of the General Council.<\/p>\n\n\n\n<p class=\"wp-block-paragraph\">The moment of encounter was marked by deep emotion. When Sister Marina appeared at the exit carrying the relic of Father Coll, the sisters present experienced a special moment of joy and gratitude. Spontaneously, the song <strong>\u201cSanto Fundador\u201d<\/strong> rose from their hearts as an expression of affection, veneration and thanksgiving for the life and legacy of Saint Francis Coll.<\/p>\n\n\n\n<p class=\"wp-block-paragraph\">From the airport, the sisters went to the <strong>Provincial House<\/strong>, where the sisters of the community and some representatives of <strong>Santa Catalina de Sena School \u2013 FEFC<\/strong> were eagerly awaiting them. The arrival was welcomed with flags, joy and songs dedicated to Father Coll, creating a festive and deeply meaningful atmosphere.<\/p>\n\n\n\n<p class=\"wp-block-paragraph\">The relic was placed on a <strong>specially prepared altar<\/strong>, carefully arranged and rich in symbolism. The colors, flowers and each of its elements expressed the richness of the charism received from Saint Francis Coll and the desire to keep alive his passion for proclaiming the Gospel.<\/p>\n\n\n\n<p class=\"wp-block-paragraph\"><strong>A Shared Table and a Celebration of Communion<\/strong><\/p>\n\n\n\n<p class=\"wp-block-paragraph\">After the welcome, a <strong>fraternal meal<\/strong> was shared. This simple gesture of sharing the table also became an expression of fraternity, encounter and communion.<\/p>\n\n\n\n<p class=\"wp-block-paragraph\">Later, the sisters from the communities of <strong>General Ora\u00e1, Aluche and the General House<\/strong> arrived and joined this special moment in the pilgrimage of the relic.<\/p>\n\n\n\n<p class=\"wp-block-paragraph\"><strong>Official Prayer of Welcome in the Rosa Santaeugenia Province<\/strong><\/p>\n\n\n\n<p class=\"wp-block-paragraph\">The day continued with the <strong>official prayer of welcome for the relic of Saint Francis Coll in the Rosa Santaeugenia Province \u2013 Communities of Spain<\/strong>. The celebration began with a <strong>solemn candlelit procession to the chapel<\/strong>, in an atmosphere of prayer, silence and recollection.<\/p>\n\n\n\n<p class=\"wp-block-paragraph\">An opening introduction helped prepare hearts for this moment of grace. This was followed by the hymn <strong>\u201cUn Profeta\u201d<\/strong>, recalling Saint Francis Coll as a man of God, evangelizer and prophet of hope.<\/p>\n\n\n\n<p class=\"wp-block-paragraph\">In a particularly meaningful moment, several <strong>symbols<\/strong> representing essential aspects of Father Coll\u2019s life, spirituality and mission were presented:<\/p>\n\n\n\n<ul class=\"wp-block-list\">\n<li><strong>The burning lamp:<\/strong> Christ is the true Light who illuminated Father Coll\u2019s life and always guided his path.<\/li>\n\n\n\n<li><strong>The Bible:<\/strong> the source of Dominican preaching and nourishment for the evangelizing mission.<\/li>\n\n\n\n<li><strong>The painting of the Annunciation:<\/strong> the mystery that gave the Congregation its name, soul and style.<\/li>\n\n\n\n<li><strong>The rosary:<\/strong> a sign of Mary\u2019s presence in Father Coll\u2019s life, accompanying him on all his routes and journeys.<\/li>\n\n\n\n<li><strong>The white flowers:<\/strong> a sign of the inner clarity, purity of intention and joy that characterized Saint Francis Coll.<\/li>\n<\/ul>\n\n\n\n<p class=\"wp-block-paragraph\">The celebration continued with <strong>Psalm 26<\/strong>, followed by the proclamation of the <strong>Word of God<\/strong>. A profound moment of <strong>meditative silence<\/strong> then allowed everyone to welcome the Word inwardly.<\/p>\n\n\n\n<p class=\"wp-block-paragraph\">The prayer continued with the <strong>prayers of petition<\/strong>, entrusting to the Lord the needs of the Congregation, the communities, the Church and the many people whom the sisters are called to serve. Together they prayed the <strong>Our Father<\/strong>, followed by the prayer of thanksgiving and the request for Saint Francis Coll\u2019s intercession.<\/p>\n\n\n\n<p class=\"wp-block-paragraph\">The celebration concluded with the hymn <strong>\u201cSanto Fundador\u201d<\/strong>, once again uniting all those present in gratitude, joy and commitment.<\/p>\n\n\n\n<p class=\"wp-block-paragraph\">The arrival of the relic in Madrid thus becomes an invitation to <strong>return to the source of the charism, renew our \u201cyes\u201d and walk together in communion<\/strong>, allowing the life and spirit of Saint Francis Coll to continue illuminating the mission of the Dominican Sisters of the Annunciation today.<\/p>\n\n\n\n<p class=\"wp-block-paragraph\">The pilgrim relic will continue accompanying the communities as a visible sign of communion and shared mission, inviting every sister and all who participate in the charism of the Annunciation to <strong>keep the flame received alive and continue proclaiming the Gospel with the passion, confidence and joy that characterized the Holy Founder<\/strong>.<\/p>\n\n\n\n<figure class=\"wp-block-image size-full\"><img loading=\"lazy\" decoding=\"async\" width=\"586\" height=\"454\" src=\"https:\/\/dominicasanunciata.org\/wp-content\/uploads\/2026\/08\/Marina-llega.png\" alt=\"\" class=\"wp-image-73440\" srcset=\"https:\/\/dominicasanunciata.org\/wp-content\/uploads\/2026\/08\/Marina-llega.png 586w, https:\/\/dominicasanunciata.org\/wp-content\/uploads\/2026\/08\/Marina-llega-300x232.png 300w\" sizes=\"auto, (max-width: 586px) 100vw, 586px\" \/><\/figure>\n\n\n\n<figure class=\"wp-block-image size-large\"><img loading=\"lazy\" decoding=\"async\" width=\"768\" height=\"1024\" src=\"https:\/\/dominicasanunciata.org\/wp-content\/uploads\/2026\/08\/hermanas-768x1024.jpg\" alt=\"\" class=\"wp-image-73430\" srcset=\"https:\/\/dominicasanunciata.org\/wp-content\/uploads\/2026\/08\/hermanas-768x1024.jpg 768w, https:\/\/dominicasanunciata.org\/wp-content\/uploads\/2026\/08\/hermanas-225x300.jpg 225w, https:\/\/dominicasanunciata.org\/wp-content\/uploads\/2026\/08\/hermanas-1152x1536.jpg 1152w, https:\/\/dominicasanunciata.org\/wp-content\/uploads\/2026\/08\/hermanas-1536x2048.jpg 1536w, https:\/\/dominicasanunciata.org\/wp-content\/uploads\/2026\/08\/hermanas-scaled.jpg 1920w\" sizes=\"auto, (max-width: 768px) 100vw, 768px\" \/><\/figure>\n\n\n\n<figure class=\"wp-block-image size-full\"><img loading=\"lazy\" decoding=\"async\" width=\"587\" height=\"835\" src=\"https:\/\/dominicasanunciata.org\/wp-content\/uploads\/2026\/08\/Priora-provincial.png\" alt=\"\" class=\"wp-image-73435\" srcset=\"https:\/\/dominicasanunciata.org\/wp-content\/uploads\/2026\/08\/Priora-provincial.png 587w, https:\/\/dominicasanunciata.org\/wp-content\/uploads\/2026\/08\/Priora-provincial-211x300.png 211w\" sizes=\"auto, (max-width: 587px) 100vw, 587px\" \/><\/figure>\n\n\n\n<figure class=\"wp-block-image size-large\"><img loading=\"lazy\" decoding=\"async\" width=\"1024\" height=\"768\" src=\"https:\/\/dominicasanunciata.org\/wp-content\/uploads\/2026\/08\/aeroperto--1024x768.jpg\" alt=\"\" class=\"wp-image-73385\" srcset=\"https:\/\/dominicasanunciata.org\/wp-content\/uploads\/2026\/08\/aeroperto--1024x768.jpg 1024w, https:\/\/dominicasanunciata.org\/wp-content\/uploads\/2026\/08\/aeroperto--300x225.jpg 300w, https:\/\/dominicasanunciata.org\/wp-content\/uploads\/2026\/08\/aeroperto--768x576.jpg 768w, https:\/\/dominicasanunciata.org\/wp-content\/uploads\/2026\/08\/aeroperto--1536x1152.jpg 1536w, https:\/\/dominicasanunciata.org\/wp-content\/uploads\/2026\/08\/aeroperto--2048x1536.jpg 2048w\" sizes=\"auto, (max-width: 1024px) 100vw, 1024px\" \/><\/figure>\n\n\n\n<figure class=\"wp-block-image size-full\"><img loading=\"lazy\" decoding=\"async\" width=\"579\" height=\"604\" src=\"https:\/\/dominicasanunciata.org\/wp-content\/uploads\/2026\/08\/Captura-de-pantalla-2026-08-26-201546.png\" alt=\"\" class=\"wp-image-73450\" srcset=\"https:\/\/dominicasanunciata.org\/wp-content\/uploads\/2026\/08\/Captura-de-pantalla-2026-08-26-201546.png 579w, https:\/\/dominicasanunciata.org\/wp-content\/uploads\/2026\/08\/Captura-de-pantalla-2026-08-26-201546-288x300.png 288w\" sizes=\"auto, (max-width: 579px) 100vw, 579px\" \/><\/figure>\n\n\n\n<figure class=\"wp-block-image size-large\"><img loading=\"lazy\" decoding=\"async\" width=\"1024\" height=\"768\" src=\"https:\/\/dominicasanunciata.org\/wp-content\/uploads\/2026\/08\/IMG_3938-1024x768.jpg\" alt=\"\" class=\"wp-image-73405\" srcset=\"https:\/\/dominicasanunciata.org\/wp-content\/uploads\/2026\/08\/IMG_3938-1024x768.jpg 1024w, https:\/\/dominicasanunciata.org\/wp-content\/uploads\/2026\/08\/IMG_3938-300x225.jpg 300w, https:\/\/dominicasanunciata.org\/wp-content\/uploads\/2026\/08\/IMG_3938-768x576.jpg 768w, https:\/\/dominicasanunciata.org\/wp-content\/uploads\/2026\/08\/IMG_3938-1536x1152.jpg 1536w, https:\/\/dominicasanunciata.org\/wp-content\/uploads\/2026\/08\/IMG_3938-2048x1536.jpg 2048w\" sizes=\"auto, (max-width: 1024px) 100vw, 1024px\" \/><\/figure>\n\n\n\n<figure class=\"wp-block-image size-full\"><img loading=\"lazy\" decoding=\"async\" width=\"582\" height=\"780\" src=\"https:\/\/dominicasanunciata.org\/wp-content\/uploads\/2026\/08\/Captura-de-pantalla-2026-08-26-201631.png\" alt=\"\" class=\"wp-image-73445\" srcset=\"https:\/\/dominicasanunciata.org\/wp-content\/uploads\/2026\/08\/Captura-de-pantalla-2026-08-26-201631.png 582w, https:\/\/dominicasanunciata.org\/wp-content\/uploads\/2026\/08\/Captura-de-pantalla-2026-08-26-201631-224x300.png 224w\" sizes=\"auto, (max-width: 582px) 100vw, 582px\" \/><\/figure>\n\n\n\n<figure class=\"wp-block-image size-large\"><img loading=\"lazy\" decoding=\"async\" width=\"1024\" height=\"768\" src=\"https:\/\/dominicasanunciata.org\/wp-content\/uploads\/2026\/08\/IMG_3967-1024x768.jpg\" alt=\"\" class=\"wp-image-73420\" srcset=\"https:\/\/dominicasanunciata.org\/wp-content\/uploads\/2026\/08\/IMG_3967-1024x768.jpg 1024w, https:\/\/dominicasanunciata.org\/wp-content\/uploads\/2026\/08\/IMG_3967-300x225.jpg 300w, https:\/\/dominicasanunciata.org\/wp-content\/uploads\/2026\/08\/IMG_3967-768x576.jpg 768w, https:\/\/dominicasanunciata.org\/wp-content\/uploads\/2026\/08\/IMG_3967-1536x1152.jpg 1536w, https:\/\/dominicasanunciata.org\/wp-content\/uploads\/2026\/08\/IMG_3967-2048x1536.jpg 2048w\" sizes=\"auto, (max-width: 1024px) 100vw, 1024px\" \/><\/figure>\n\n\n\n<figure class=\"wp-block-image size-large\"><img loading=\"lazy\" decoding=\"async\" width=\"768\" height=\"1024\" src=\"https:\/\/dominicasanunciata.org\/wp-content\/uploads\/2026\/08\/IMG_3953-768x1024.jpg\" alt=\"\" class=\"wp-image-73400\" srcset=\"https:\/\/dominicasanunciata.org\/wp-content\/uploads\/2026\/08\/IMG_3953-768x1024.jpg 768w, https:\/\/dominicasanunciata.org\/wp-content\/uploads\/2026\/08\/IMG_3953-225x300.jpg 225w, https:\/\/dominicasanunciata.org\/wp-content\/uploads\/2026\/08\/IMG_3953-1152x1536.jpg 1152w, https:\/\/dominicasanunciata.org\/wp-content\/uploads\/2026\/08\/IMG_3953-1536x2048.jpg 1536w, https:\/\/dominicasanunciata.org\/wp-content\/uploads\/2026\/08\/IMG_3953-scaled.jpg 1920w\" sizes=\"auto, (max-width: 768px) 100vw, 768px\" \/><\/figure>\n\n\n\n<figure class=\"wp-block-image size-large\"><img loading=\"lazy\" decoding=\"async\" width=\"768\" height=\"1024\" src=\"https:\/\/dominicasanunciata.org\/wp-content\/uploads\/2026\/08\/IMG_3958-768x1024.jpg\" alt=\"\" class=\"wp-image-73415\" srcset=\"https:\/\/dominicasanunciata.org\/wp-content\/uploads\/2026\/08\/IMG_3958-768x1024.jpg 768w, https:\/\/dominicasanunciata.org\/wp-content\/uploads\/2026\/08\/IMG_3958-225x300.jpg 225w, https:\/\/dominicasanunciata.org\/wp-content\/uploads\/2026\/08\/IMG_3958-1152x1536.jpg 1152w, https:\/\/dominicasanunciata.org\/wp-content\/uploads\/2026\/08\/IMG_3958-1536x2048.jpg 1536w, https:\/\/dominicasanunciata.org\/wp-content\/uploads\/2026\/08\/IMG_3958-scaled.jpg 1920w\" sizes=\"auto, (max-width: 768px) 100vw, 768px\" \/><\/figure>\n\n\n\n<figure class=\"wp-block-image size-large\"><img loading=\"lazy\" decoding=\"async\" width=\"768\" height=\"1024\" src=\"https:\/\/dominicasanunciata.org\/wp-content\/uploads\/2026\/08\/IMG_3952-768x1024.jpg\" alt=\"\" class=\"wp-image-73410\" srcset=\"https:\/\/dominicasanunciata.org\/wp-content\/uploads\/2026\/08\/IMG_3952-768x1024.jpg 768w, https:\/\/dominicasanunciata.org\/wp-content\/uploads\/2026\/08\/IMG_3952-225x300.jpg 225w, https:\/\/dominicasanunciata.org\/wp-content\/uploads\/2026\/08\/IMG_3952-1152x1536.jpg 1152w, https:\/\/dominicasanunciata.org\/wp-content\/uploads\/2026\/08\/IMG_3952-1536x2048.jpg 1536w, https:\/\/dominicasanunciata.org\/wp-content\/uploads\/2026\/08\/IMG_3952-scaled.jpg 1920w\" sizes=\"auto, (max-width: 768px) 100vw, 768px\" \/><\/figure>\n\n\n\n<figure class=\"wp-block-image size-large\"><img loading=\"lazy\" decoding=\"async\" width=\"1024\" height=\"768\" src=\"https:\/\/dominicasanunciata.org\/wp-content\/uploads\/2026\/08\/IMG_3980-1024x768.jpg\" alt=\"\" class=\"wp-image-73425\" srcset=\"https:\/\/dominicasanunciata.org\/wp-content\/uploads\/2026\/08\/IMG_3980-1024x768.jpg 1024w, https:\/\/dominicasanunciata.org\/wp-content\/uploads\/2026\/08\/IMG_3980-300x225.jpg 300w, https:\/\/dominicasanunciata.org\/wp-content\/uploads\/2026\/08\/IMG_3980-768x576.jpg 768w, https:\/\/dominicasanunciata.org\/wp-content\/uploads\/2026\/08\/IMG_3980-1536x1152.jpg 1536w, https:\/\/dominicasanunciata.org\/wp-content\/uploads\/2026\/08\/IMG_3980-2048x1536.jpg 2048w\" sizes=\"auto, (max-width: 1024px) 100vw, 1024px\" \/><\/figure>\n\n\n\n<figure class=\"wp-block-image size-large\"><img loading=\"lazy\" decoding=\"async\" width=\"1024\" height=\"768\" src=\"https:\/\/dominicasanunciata.org\/wp-content\/uploads\/2026\/08\/foto-final-1024x768.jpg\" alt=\"\" class=\"wp-image-73395\" srcset=\"https:\/\/dominicasanunciata.org\/wp-content\/uploads\/2026\/08\/foto-final-1024x768.jpg 1024w, https:\/\/dominicasanunciata.org\/wp-content\/uploads\/2026\/08\/foto-final-300x225.jpg 300w, https:\/\/dominicasanunciata.org\/wp-content\/uploads\/2026\/08\/foto-final-768x576.jpg 768w, https:\/\/dominicasanunciata.org\/wp-content\/uploads\/2026\/08\/foto-final-1536x1152.jpg 1536w, https:\/\/dominicasanunciata.org\/wp-content\/uploads\/2026\/08\/foto-final-2048x1536.jpg 2048w\" sizes=\"auto, (max-width: 1024px) 100vw, 1024px\" \/><\/figure>\n\n\n\n<figure class=\"wp-block-image size-large\"><img loading=\"lazy\" decoding=\"async\" width=\"1024\" height=\"768\" src=\"https:\/\/dominicasanunciata.org\/wp-content\/uploads\/2026\/08\/foto-final-2-1024x768.jpg\" alt=\"\" class=\"wp-image-73390\" srcset=\"https:\/\/dominicasanunciata.org\/wp-content\/uploads\/2026\/08\/foto-final-2-1024x768.jpg 1024w, https:\/\/dominicasanunciata.org\/wp-content\/uploads\/2026\/08\/foto-final-2-300x225.jpg 300w, https:\/\/dominicasanunciata.org\/wp-content\/uploads\/2026\/08\/foto-final-2-768x576.jpg 768w, https:\/\/dominicasanunciata.org\/wp-content\/uploads\/2026\/08\/foto-final-2-1536x1152.jpg 1536w, https:\/\/dominicasanunciata.org\/wp-content\/uploads\/2026\/08\/foto-final-2-2048x1536.jpg 2048w\" sizes=\"auto, (max-width: 1024px) 100vw, 1024px\" \/><\/figure>\n\n\n\n<p class=\"wp-block-paragraph\"><\/p>\n","protected":false},"excerpt":{"rendered":"<p>Madrid, August 26, 2026. With deep emotion, joy and enthusiasm, Madrid welcomed this midday the pilgrim relic of Saint Francis Coll, which continues its journey as a sign of communion, a living memory of the charism and a renewal of the Congregation\u2019s evangelizing mission. The relic arrived at Adolfo Su\u00e1rez Madrid-Barajas Airport accompanied by the &hellip; <a href=\"https:\/\/dominicasanunciata.org\/en\/the-pilgrim-relic-of-father-coll-arrives-in-madrid\/\" class=\"more-link\">Continue reading <span class=\"screen-reader-text\">The Pilgrim Relic of Father Coll Arrives in Madrid<\/span> <span class=\"meta-nav\">&rarr;<\/span><\/a><\/p>\n","protected":false},"author":7,"featured_media":73390,"comment_status":"open","ping_status":"closed","sticky":false,"template":"","format":"standard","meta":{"footnotes":""},"categories":[51],"tags":[],"class_list":["post-73460","post","type-post","status-publish","format-standard","has-post-thumbnail","hentry","category-pilgrimage-blog"],"yoast_head":"<!-- This site is optimized with the Yoast SEO plugin v28.3 - https:\/\/yoast.com\/product\/yoast-seo-wordpress\/ -->\n<title>The Pilgrim Relic of Father Coll Arrives in Madrid - Dominicas de la Anunciata<\/title>\n<meta name=\"robots\" content=\"index, follow, max-snippet:-1, max-image-preview:large, max-video-preview:-1\" \/>\n<link rel=\"canonical\" href=\"https:\/\/dominicasanunciata.org\/en\/the-pilgrim-relic-of-father-coll-arrives-in-madrid\/\" \/>\n<meta property=\"og:locale\" content=\"en_US\" \/>\n<meta property=\"og:type\" content=\"article\" \/>\n<meta property=\"og:title\" content=\"The Pilgrim Relic of Father Coll Arrives in Madrid - Dominicas de la Anunciata\" \/>\n<meta property=\"og:description\" content=\"Madrid, August 26, 2026. With deep emotion, joy and enthusiasm, Madrid welcomed this midday the pilgrim relic of Saint Francis Coll, which continues its journey as a sign of communion, a living memory of the charism and a renewal of the Congregation\u2019s evangelizing mission. The relic arrived at Adolfo Su\u00e1rez Madrid-Barajas Airport accompanied by the &hellip; Continue reading The Pilgrim Relic of Father Coll Arrives in Madrid &rarr;\" \/>\n<meta property=\"og:url\" content=\"https:\/\/dominicasanunciata.org\/en\/the-pilgrim-relic-of-father-coll-arrives-in-madrid\/\" \/>\n<meta property=\"og:site_name\" content=\"Dominicas de la Anunciata\" \/>\n<meta property=\"article:published_time\" content=\"2026-08-26T20:04:37+00:00\" \/>\n<meta property=\"article:modified_time\" content=\"2026-08-26T20:28:56+00:00\" \/>\n<meta property=\"og:image\" content=\"https:\/\/dominicasanunciata.org\/wp-content\/uploads\/2026\/08\/foto-final-2-scaled.jpg\" \/>\n\t<meta property=\"og:image:width\" content=\"2560\" \/>\n\t<meta property=\"og:image:height\" content=\"1920\" \/>\n\t<meta property=\"og:image:type\" content=\"image\/jpeg\" \/>\n<meta name=\"author\" content=\"glecy\" \/>\n<meta name=\"twitter:card\" content=\"summary_large_image\" \/>\n<meta name=\"twitter:label1\" content=\"Written by\" \/>\n\t<meta name=\"twitter:data1\" content=\"glecy\" \/>\n\t<meta name=\"twitter:label2\" content=\"Est. reading time\" \/>\n\t<meta name=\"twitter:data2\" content=\"7 minutes\" \/>\n<script type=\"application\/ld+json\" class=\"yoast-schema-graph\">{\"@context\":\"https:\\\/\\\/schema.org\",\"@graph\":[{\"@type\":\"Article\",\"@id\":\"https:\\\/\\\/dominicasanunciata.org\\\/en\\\/the-pilgrim-relic-of-father-coll-arrives-in-madrid\\\/#article\",\"isPartOf\":{\"@id\":\"https:\\\/\\\/dominicasanunciata.org\\\/en\\\/the-pilgrim-relic-of-father-coll-arrives-in-madrid\\\/\"},\"author\":{\"name\":\"glecy\",\"@id\":\"https:\\\/\\\/dominicasanunciata.org\\\/#\\\/schema\\\/person\\\/06415c634679ba29db3c825f669e7596\"},\"headline\":\"The Pilgrim Relic of Father Coll Arrives in Madrid\",\"datePublished\":\"2026-08-26T20:04:37+00:00\",\"dateModified\":\"2026-08-26T20:28:56+00:00\",\"mainEntityOfPage\":{\"@id\":\"https:\\\/\\\/dominicasanunciata.org\\\/en\\\/the-pilgrim-relic-of-father-coll-arrives-in-madrid\\\/\"},\"wordCount\":731,\"commentCount\":0,\"image\":{\"@id\":\"https:\\\/\\\/dominicasanunciata.org\\\/en\\\/the-pilgrim-relic-of-father-coll-arrives-in-madrid\\\/#primaryimage\"},\"thumbnailUrl\":\"https:\\\/\\\/dominicasanunciata.org\\\/wp-content\\\/uploads\\\/2026\\\/08\\\/foto-final-2-scaled.jpg\",\"articleSection\":[\"Pilgrimage\"],\"inLanguage\":\"en-US\",\"potentialAction\":[{\"@type\":\"CommentAction\",\"name\":\"Comment\",\"target\":[\"https:\\\/\\\/dominicasanunciata.org\\\/en\\\/the-pilgrim-relic-of-father-coll-arrives-in-madrid\\\/#respond\"]}]},{\"@type\":\"WebPage\",\"@id\":\"https:\\\/\\\/dominicasanunciata.org\\\/en\\\/the-pilgrim-relic-of-father-coll-arrives-in-madrid\\\/\",\"url\":\"https:\\\/\\\/dominicasanunciata.org\\\/en\\\/the-pilgrim-relic-of-father-coll-arrives-in-madrid\\\/\",\"name\":\"The Pilgrim Relic of Father Coll Arrives in Madrid - Dominicas de la Anunciata\",\"isPartOf\":{\"@id\":\"https:\\\/\\\/dominicasanunciata.org\\\/#website\"},\"primaryImageOfPage\":{\"@id\":\"https:\\\/\\\/dominicasanunciata.org\\\/en\\\/the-pilgrim-relic-of-father-coll-arrives-in-madrid\\\/#primaryimage\"},\"image\":{\"@id\":\"https:\\\/\\\/dominicasanunciata.org\\\/en\\\/the-pilgrim-relic-of-father-coll-arrives-in-madrid\\\/#primaryimage\"},\"thumbnailUrl\":\"https:\\\/\\\/dominicasanunciata.org\\\/wp-content\\\/uploads\\\/2026\\\/08\\\/foto-final-2-scaled.jpg\",\"datePublished\":\"2026-08-26T20:04:37+00:00\",\"dateModified\":\"2026-08-26T20:28:56+00:00\",\"author\":{\"@id\":\"https:\\\/\\\/dominicasanunciata.org\\\/#\\\/schema\\\/person\\\/06415c634679ba29db3c825f669e7596\"},\"breadcrumb\":{\"@id\":\"https:\\\/\\\/dominicasanunciata.org\\\/en\\\/the-pilgrim-relic-of-father-coll-arrives-in-madrid\\\/#breadcrumb\"},\"inLanguage\":\"en-US\",\"potentialAction\":[{\"@type\":\"ReadAction\",\"target\":[\"https:\\\/\\\/dominicasanunciata.org\\\/en\\\/the-pilgrim-relic-of-father-coll-arrives-in-madrid\\\/\"]}]},{\"@type\":\"ImageObject\",\"inLanguage\":\"en-US\",\"@id\":\"https:\\\/\\\/dominicasanunciata.org\\\/en\\\/the-pilgrim-relic-of-father-coll-arrives-in-madrid\\\/#primaryimage\",\"url\":\"https:\\\/\\\/dominicasanunciata.org\\\/wp-content\\\/uploads\\\/2026\\\/08\\\/foto-final-2-scaled.jpg\",\"contentUrl\":\"https:\\\/\\\/dominicasanunciata.org\\\/wp-content\\\/uploads\\\/2026\\\/08\\\/foto-final-2-scaled.jpg\",\"width\":2560,\"height\":1920},{\"@type\":\"BreadcrumbList\",\"@id\":\"https:\\\/\\\/dominicasanunciata.org\\\/en\\\/the-pilgrim-relic-of-father-coll-arrives-in-madrid\\\/#breadcrumb\",\"itemListElement\":[{\"@type\":\"ListItem\",\"position\":1,\"name\":\"Portada\",\"item\":\"https:\\\/\\\/dominicasanunciata.org\\\/\"},{\"@type\":\"ListItem\",\"position\":2,\"name\":\"The Pilgrim Relic of Father Coll Arrives in Madrid\"}]},{\"@type\":\"WebSite\",\"@id\":\"https:\\\/\\\/dominicasanunciata.org\\\/#website\",\"url\":\"https:\\\/\\\/dominicasanunciata.org\\\/\",\"name\":\"Dominicas de la Anunciata\",\"description\":\"Dominicas de la Anunciata\",\"potentialAction\":[{\"@type\":\"SearchAction\",\"target\":{\"@type\":\"EntryPoint\",\"urlTemplate\":\"https:\\\/\\\/dominicasanunciata.org\\\/?s={search_term_string}\"},\"query-input\":{\"@type\":\"PropertyValueSpecification\",\"valueRequired\":true,\"valueName\":\"search_term_string\"}}],\"inLanguage\":\"en-US\"},{\"@type\":\"Person\",\"@id\":\"https:\\\/\\\/dominicasanunciata.org\\\/#\\\/schema\\\/person\\\/06415c634679ba29db3c825f669e7596\",\"name\":\"glecy\",\"image\":{\"@type\":\"ImageObject\",\"inLanguage\":\"en-US\",\"@id\":\"https:\\\/\\\/secure.gravatar.com\\\/avatar\\\/e488e7ceada4edbd029a1f8c9b1a3018a6d9519486d1af49ad228f33f9ec5d69?s=96&d=mm&r=g\",\"url\":\"https:\\\/\\\/secure.gravatar.com\\\/avatar\\\/e488e7ceada4edbd029a1f8c9b1a3018a6d9519486d1af49ad228f33f9ec5d69?s=96&d=mm&r=g\",\"contentUrl\":\"https:\\\/\\\/secure.gravatar.com\\\/avatar\\\/e488e7ceada4edbd029a1f8c9b1a3018a6d9519486d1af49ad228f33f9ec5d69?s=96&d=mm&r=g\",\"caption\":\"glecy\"},\"url\":\"https:\\\/\\\/dominicasanunciata.org\\\/en\\\/author\\\/glecy\\\/\"}]}<\/script>\n<!-- \/ Yoast SEO plugin. -->","yoast_head_json":{"title":"The Pilgrim Relic of Father Coll Arrives in Madrid - Dominicas de la Anunciata","robots":{"index":"index","follow":"follow","max-snippet":"max-snippet:-1","max-image-preview":"max-image-preview:large","max-video-preview":"max-video-preview:-1"},"canonical":"https:\/\/dominicasanunciata.org\/en\/the-pilgrim-relic-of-father-coll-arrives-in-madrid\/","og_locale":"en_US","og_type":"article","og_title":"The Pilgrim Relic of Father Coll Arrives in Madrid - Dominicas de la Anunciata","og_description":"Madrid, August 26, 2026. With deep emotion, joy and enthusiasm, Madrid welcomed this midday the pilgrim relic of Saint Francis Coll, which continues its journey as a sign of communion, a living memory of the charism and a renewal of the Congregation\u2019s evangelizing mission. The relic arrived at Adolfo Su\u00e1rez Madrid-Barajas Airport accompanied by the &hellip; Continue reading The Pilgrim Relic of Father Coll Arrives in Madrid &rarr;","og_url":"https:\/\/dominicasanunciata.org\/en\/the-pilgrim-relic-of-father-coll-arrives-in-madrid\/","og_site_name":"Dominicas de la Anunciata","article_published_time":"2026-08-26T20:04:37+00:00","article_modified_time":"2026-08-26T20:28:56+00:00","og_image":[{"width":2560,"height":1920,"url":"https:\/\/dominicasanunciata.org\/wp-content\/uploads\/2026\/08\/foto-final-2-scaled.jpg","type":"image\/jpeg"}],"author":"glecy","twitter_card":"summary_large_image","twitter_misc":{"Written by":"glecy","Est. reading time":"7 minutes"},"schema":{"@context":"https:\/\/schema.org","@graph":[{"@type":"Article","@id":"https:\/\/dominicasanunciata.org\/en\/the-pilgrim-relic-of-father-coll-arrives-in-madrid\/#article","isPartOf":{"@id":"https:\/\/dominicasanunciata.org\/en\/the-pilgrim-relic-of-father-coll-arrives-in-madrid\/"},"author":{"name":"glecy","@id":"https:\/\/dominicasanunciata.org\/#\/schema\/person\/06415c634679ba29db3c825f669e7596"},"headline":"The Pilgrim Relic of Father Coll Arrives in Madrid","datePublished":"2026-08-26T20:04:37+00:00","dateModified":"2026-08-26T20:28:56+00:00","mainEntityOfPage":{"@id":"https:\/\/dominicasanunciata.org\/en\/the-pilgrim-relic-of-father-coll-arrives-in-madrid\/"},"wordCount":731,"commentCount":0,"image":{"@id":"https:\/\/dominicasanunciata.org\/en\/the-pilgrim-relic-of-father-coll-arrives-in-madrid\/#primaryimage"},"thumbnailUrl":"https:\/\/dominicasanunciata.org\/wp-content\/uploads\/2026\/08\/foto-final-2-scaled.jpg","articleSection":["Pilgrimage"],"inLanguage":"en-US","potentialAction":[{"@type":"CommentAction","name":"Comment","target":["https:\/\/dominicasanunciata.org\/en\/the-pilgrim-relic-of-father-coll-arrives-in-madrid\/#respond"]}]},{"@type":"WebPage","@id":"https:\/\/dominicasanunciata.org\/en\/the-pilgrim-relic-of-father-coll-arrives-in-madrid\/","url":"https:\/\/dominicasanunciata.org\/en\/the-pilgrim-relic-of-father-coll-arrives-in-madrid\/","name":"The Pilgrim Relic of Father Coll Arrives in Madrid - Dominicas de la Anunciata","isPartOf":{"@id":"https:\/\/dominicasanunciata.org\/#website"},"primaryImageOfPage":{"@id":"https:\/\/dominicasanunciata.org\/en\/the-pilgrim-relic-of-father-coll-arrives-in-madrid\/#primaryimage"},"image":{"@id":"https:\/\/dominicasanunciata.org\/en\/the-pilgrim-relic-of-father-coll-arrives-in-madrid\/#primaryimage"},"thumbnailUrl":"https:\/\/dominicasanunciata.org\/wp-content\/uploads\/2026\/08\/foto-final-2-scaled.jpg","datePublished":"2026-08-26T20:04:37+00:00","dateModified":"2026-08-26T20:28:56+00:00","author":{"@id":"https:\/\/dominicasanunciata.org\/#\/schema\/person\/06415c634679ba29db3c825f669e7596"},"breadcrumb":{"@id":"https:\/\/dominicasanunciata.org\/en\/the-pilgrim-relic-of-father-coll-arrives-in-madrid\/#breadcrumb"},"inLanguage":"en-US","potentialAction":[{"@type":"ReadAction","target":["https:\/\/dominicasanunciata.org\/en\/the-pilgrim-relic-of-father-coll-arrives-in-madrid\/"]}]},{"@type":"ImageObject","inLanguage":"en-US","@id":"https:\/\/dominicasanunciata.org\/en\/the-pilgrim-relic-of-father-coll-arrives-in-madrid\/#primaryimage","url":"https:\/\/dominicasanunciata.org\/wp-content\/uploads\/2026\/08\/foto-final-2-scaled.jpg","contentUrl":"https:\/\/dominicasanunciata.org\/wp-content\/uploads\/2026\/08\/foto-final-2-scaled.jpg","width":2560,"height":1920},{"@type":"BreadcrumbList","@id":"https:\/\/dominicasanunciata.org\/en\/the-pilgrim-relic-of-father-coll-arrives-in-madrid\/#breadcrumb","itemListElement":[{"@type":"ListItem","position":1,"name":"Portada","item":"https:\/\/dominicasanunciata.org\/"},{"@type":"ListItem","position":2,"name":"The Pilgrim Relic of Father Coll Arrives in Madrid"}]},{"@type":"WebSite","@id":"https:\/\/dominicasanunciata.org\/#website","url":"https:\/\/dominicasanunciata.org\/","name":"Dominicas de la Anunciata","description":"Dominicas de la Anunciata","potentialAction":[{"@type":"SearchAction","target":{"@type":"EntryPoint","urlTemplate":"https:\/\/dominicasanunciata.org\/?s={search_term_string}"},"query-input":{"@type":"PropertyValueSpecification","valueRequired":true,"valueName":"search_term_string"}}],"inLanguage":"en-US"},{"@type":"Person","@id":"https:\/\/dominicasanunciata.org\/#\/schema\/person\/06415c634679ba29db3c825f669e7596","name":"glecy","image":{"@type":"ImageObject","inLanguage":"en-US","@id":"https:\/\/secure.gravatar.com\/avatar\/e488e7ceada4edbd029a1f8c9b1a3018a6d9519486d1af49ad228f33f9ec5d69?s=96&d=mm&r=g","url":"https:\/\/secure.gravatar.com\/avatar\/e488e7ceada4edbd029a1f8c9b1a3018a6d9519486d1af49ad228f33f9ec5d69?s=96&d=mm&r=g","contentUrl":"https:\/\/secure.gravatar.com\/avatar\/e488e7ceada4edbd029a1f8c9b1a3018a6d9519486d1af49ad228f33f9ec5d69?s=96&d=mm&r=g","caption":"glecy"},"url":"https:\/\/dominicasanunciata.org\/en\/author\/glecy\/"}]}},"_links":{"self":[{"href":"https:\/\/dominicasanunciata.org\/en\/wp-json\/wp\/v2\/posts\/73460","targetHints":{"allow":["GET"]}}],"collection":[{"href":"https:\/\/dominicasanunciata.org\/en\/wp-json\/wp\/v2\/posts"}],"about":[{"href":"https:\/\/dominicasanunciata.org\/en\/wp-json\/wp\/v2\/types\/post"}],"author":[{"embeddable":true,"href":"https:\/\/dominicasanunciata.org\/en\/wp-json\/wp\/v2\/users\/7"}],"replies":[{"embeddable":true,"href":"https:\/\/dominicasanunciata.org\/en\/wp-json\/wp\/v2\/comments?post=73460"}],"version-history":[{"count":1,"href":"https:\/\/dominicasanunciata.org\/en\/wp-json\/wp\/v2\/posts\/73460\/revisions"}],"predecessor-version":[{"id":73461,"href":"https:\/\/dominicasanunciata.org\/en\/wp-json\/wp\/v2\/posts\/73460\/revisions\/73461"}],"wp:featuredmedia":[{"embeddable":true,"href":"https:\/\/dominicasanunciata.org\/en\/wp-json\/wp\/v2\/media\/73390"}],"wp:attachment":[{"href":"https:\/\/dominicasanunciata.org\/en\/wp-json\/wp\/v2\/media?parent=73460"}],"wp:term":[{"taxonomy":"category","embeddable":true,"href":"https:\/\/dominicasanunciata.org\/en\/wp-json\/wp\/v2\/categories?post=73460"},{"taxonomy":"post_tag","embeddable":true,"href":"https:\/\/dominicasanunciata.org\/en\/wp-json\/wp\/v2\/tags?post=73460"}],"curies":[{"name":"wp","href":"https:\/\/api.w.org\/{rel}","templated":true}]}}