{"id":73599,"date":"2026-09-04T19:43:25","date_gmt":"2026-09-04T17:43:25","guid":{"rendered":"https:\/\/dominicasanunciata.org\/?p=73599"},"modified":"2026-09-04T19:43:28","modified_gmt":"2026-09-04T17:43:28","slug":"25-anys-de-vida-consagrada-celebrats-a-lezignan-corbieres","status":"publish","type":"post","link":"https:\/\/dominicasanunciata.org\/ca\/25-anys-de-vida-consagrada-celebrats-a-lezignan-corbieres\/","title":{"rendered":"25 anys de vida consagrada celebrats a L\u00e9zignan-Corbi\u00e8res"},"content":{"rendered":"\n<p class=\"wp-block-paragraph\">La comunitat de <strong>L\u00e9zignan-Corbi\u00e8res, Fran\u00e7a<\/strong>, va viure amb alegria i gratitud la celebraci\u00f3 dels <strong>25 anys de professi\u00f3 religiosa de la Gna. Veneranda Nyirahatangiman<\/strong>. Va ser una jornada marcada per l\u2019acci\u00f3 de gr\u00e0cies a D\u00e9u pel do de la seva vocaci\u00f3 i per tants anys de dedicaci\u00f3 al servei de D\u00e9u, de l\u2019Esgl\u00e9sia i de la missi\u00f3 de la Congregaci\u00f3.<\/p>\n\n\n\n<p class=\"wp-block-paragraph\">La celebraci\u00f3 eucar\u00edstica d\u2019acci\u00f3 de gr\u00e0cies va ser presidida per <strong>Mons. Bruno Valentin, bisbe de Narbona i Carcassona<\/strong>, acompanyat de diversos sacerdots, entre ells el rector i el vicari de la Parr\u00f2quia Saint-R\u00e9gis. La pres\u00e8ncia del bisbe i dels sacerdots va expressar d\u2019una manera especial la comuni\u00f3 de l\u2019Esgl\u00e9sia i l\u2019acompanyament a la vida consagrada.<\/p>\n\n\n\n<p class=\"wp-block-paragraph\">La comunitat de L\u00e9zignan-Corbi\u00e8res \u00e9s una de les cases que depenen directament de la <strong>Priora General<\/strong>. Per aquest motiu, <strong>la Gna. Ana Bel\u00e9n Ver\u00edsimo Garc\u00eda, Priora General<\/strong>, juntament amb algunes Conselleres Generals, va voler ser present en aquesta celebraci\u00f3 com a expressi\u00f3 d\u2019acci\u00f3 de gr\u00e0cies a D\u00e9u per la vocaci\u00f3 de la Gna. Veneranda i com a signe de comuni\u00f3 i fraternitat.<\/p>\n\n\n\n<p class=\"wp-block-paragraph\">La celebraci\u00f3 tamb\u00e9 va comptar amb la pres\u00e8ncia de les senyores grans de la casa, a les quals les germanes acompanyen i tenen cura, aix\u00ed com dels seus familiars, membres de la parr\u00f2quia, benefactors, amics de la Gna. Veneranda i de la comunitat. Tots van voler unir-se a aquest moment tan significatiu, fent de la celebraci\u00f3 una veritable expressi\u00f3 de fam\u00edlia, proximitat i fraternitat.<\/p>\n\n\n\n<p class=\"wp-block-paragraph\">Durant una <strong>solemne celebraci\u00f3 eucar\u00edstica<\/strong>, la Gna. Veneranda va renovar la seva consagraci\u00f3 a D\u00e9u com a <strong>Dominica de l\u2019Anunciata<\/strong>, reafirmant amb alegria i confian\u00e7a el \u00abs\u00ed\u00bb pronunciat fa 25 anys.<\/p>\n\n\n\n<p class=\"wp-block-paragraph\">Abans de concloure l\u2019Eucaristia, la Gna. Veneranda va adre\u00e7ar unes paraules d\u2019agra\u00efment a totes les persones que han estat significatives en la seva vida i en el seu cam\u00ed vocacional.<\/p>\n\n\n\n<p class=\"wp-block-paragraph\">La Gna. Ana Bel\u00e9n tamb\u00e9 va expressar el seu agra\u00efment a totes les persones que van voler acompanyar la Gna. Veneranda en aquesta celebraci\u00f3. D\u2019una manera especial, va agrair al poble de <strong>L\u00e9zignan-Corbi\u00e8res<\/strong> l\u2019acollida, l\u2019acompanyament i el suport que ofereix a la comunitat de germanes en el desenvolupament de la seva missi\u00f3.<\/p>\n\n\n\n<p class=\"wp-block-paragraph\">Despr\u00e9s de la solemne celebraci\u00f3 eucar\u00edstica, tots es van traslladar a la sala parroquial, on van compartir un \u00e0pat senzill preparat amb afecte. En un ambient alegre i fraternal, van continuar celebrant i donant gr\u00e0cies per la vocaci\u00f3 de la Gna. Veneranda i pel cam\u00ed compartit durant aquests 25 anys.<\/p>\n\n\n\n<p class=\"wp-block-paragraph\">La celebraci\u00f3 d\u2019aquest aniversari va ser, sobretot, una oportunitat per <strong>donar gr\u00e0cies a D\u00e9u pel do de la vocaci\u00f3 consagrada<\/strong>, per la fidelitat que la sost\u00e9 cada dia i per totes les persones que formen part del cam\u00ed de les germanes.<\/p>\n\n\n\n<p class=\"wp-block-paragraph\">Donem gr\u00e0cies a D\u00e9u per la vocaci\u00f3 de la Gna. Veneranda i li demanem que la <strong>conservi sempre fidel a la seva crida<\/strong>, renovant cada dia la seva entrega al Senyor i a la missi\u00f3 de l\u2019Anunciata.<\/p>\n\n\n\n<p class=\"wp-block-paragraph\"><strong>Felicitats, Gna. Veneranda, per aquests 25 anys d\u2019entrega, fidelitat i servei!<\/strong><\/p>\n\n\n\n<figure class=\"wp-block-image size-large\"><img loading=\"lazy\" decoding=\"async\" width=\"1024\" height=\"472\" src=\"https:\/\/dominicasanunciata.org\/wp-content\/uploads\/2026\/09\/WhatsApp-Image-2026-09-04-at-16.03.58-1024x472.jpeg\" alt=\"\" class=\"wp-image-73593\" srcset=\"https:\/\/dominicasanunciata.org\/wp-content\/uploads\/2026\/09\/WhatsApp-Image-2026-09-04-at-16.03.58-1024x472.jpeg 1024w, https:\/\/dominicasanunciata.org\/wp-content\/uploads\/2026\/09\/WhatsApp-Image-2026-09-04-at-16.03.58-300x138.jpeg 300w, https:\/\/dominicasanunciata.org\/wp-content\/uploads\/2026\/09\/WhatsApp-Image-2026-09-04-at-16.03.58-768x354.jpeg 768w, https:\/\/dominicasanunciata.org\/wp-content\/uploads\/2026\/09\/WhatsApp-Image-2026-09-04-at-16.03.58-1536x708.jpeg 1536w, https:\/\/dominicasanunciata.org\/wp-content\/uploads\/2026\/09\/WhatsApp-Image-2026-09-04-at-16.03.58.jpeg 2000w\" sizes=\"auto, (max-width: 1024px) 100vw, 1024px\" \/><\/figure>\n\n\n\n<figure class=\"wp-block-image size-full\"><img loading=\"lazy\" decoding=\"async\" width=\"2000\" height=\"922\" src=\"https:\/\/dominicasanunciata.org\/wp-content\/uploads\/2026\/09\/WhatsApp-Image-2026-09-04-at-16.03.43-1.jpeg\" alt=\"\" class=\"wp-image-73568\"\/><\/figure>\n\n\n\n<figure class=\"wp-block-image size-full\"><img loading=\"lazy\" decoding=\"async\" width=\"2000\" height=\"922\" src=\"https:\/\/dominicasanunciata.org\/wp-content\/uploads\/2026\/09\/WhatsApp-Image-2026-09-04-at-16.02.55.jpeg\" alt=\"\" class=\"wp-image-73558\"\/><\/figure>\n\n\n\n<figure class=\"wp-block-image size-full\"><img loading=\"lazy\" decoding=\"async\" width=\"2000\" height=\"922\" src=\"https:\/\/dominicasanunciata.org\/wp-content\/uploads\/2026\/09\/WhatsApp-Image-2026-09-04-at-16.02.47.jpeg\" alt=\"\" class=\"wp-image-73553\"\/><\/figure>\n\n\n\n<figure class=\"wp-block-image size-full\"><img loading=\"lazy\" decoding=\"async\" width=\"2000\" height=\"922\" src=\"https:\/\/dominicasanunciata.org\/wp-content\/uploads\/2026\/09\/WhatsApp-Image-2026-09-04-at-16.02.46.jpeg\" alt=\"\" class=\"wp-image-73548\"\/><\/figure>\n\n\n\n<figure class=\"wp-block-image size-full\"><img loading=\"lazy\" decoding=\"async\" width=\"2000\" height=\"922\" src=\"https:\/\/dominicasanunciata.org\/wp-content\/uploads\/2026\/09\/WhatsApp-Image-2026-09-04-at-16.02.56.jpeg\" alt=\"\" class=\"wp-image-73563\"\/><\/figure>\n\n\n\n<figure class=\"wp-block-image size-full\"><img loading=\"lazy\" decoding=\"async\" width=\"2000\" height=\"922\" src=\"https:\/\/dominicasanunciata.org\/wp-content\/uploads\/2026\/09\/WhatsApp-Image-2026-09-04-at-16.03.56.jpeg\" alt=\"\" class=\"wp-image-73573\"\/><\/figure>\n\n\n\n<figure class=\"wp-block-image size-full\"><img loading=\"lazy\" decoding=\"async\" width=\"2000\" height=\"922\" src=\"https:\/\/dominicasanunciata.org\/wp-content\/uploads\/2026\/09\/WhatsApp-Image-2026-09-04-at-16.04.02.jpeg\" alt=\"\" class=\"wp-image-73583\"\/><\/figure>\n\n\n\n<figure class=\"wp-block-image size-full\"><img loading=\"lazy\" decoding=\"async\" width=\"2000\" height=\"922\" src=\"https:\/\/dominicasanunciata.org\/wp-content\/uploads\/2026\/09\/WhatsApp-Image-2026-09-04-at-16.04.00.jpeg\" alt=\"\" class=\"wp-image-73578\"\/><\/figure>\n\n\n\n<figure class=\"wp-block-image size-full\"><img loading=\"lazy\" decoding=\"async\" width=\"2000\" height=\"922\" src=\"https:\/\/dominicasanunciata.org\/wp-content\/uploads\/2026\/09\/WhatsApp-Image-2026-09-04-at-16.04.02-1.jpeg\" alt=\"\" class=\"wp-image-73588\"\/><\/figure>\n","protected":false},"excerpt":{"rendered":"<p>La comunitat de L\u00e9zignan-Corbi\u00e8res, Fran\u00e7a, va viure amb alegria i gratitud la celebraci\u00f3 dels 25 anys de professi\u00f3 religiosa de la Gna. Veneranda Nyirahatangiman. Va ser una jornada marcada per l\u2019acci\u00f3 de gr\u00e0cies a D\u00e9u pel do de la seva vocaci\u00f3 i per tants anys de dedicaci\u00f3 al servei de D\u00e9u, de l\u2019Esgl\u00e9sia i de &hellip; <a href=\"https:\/\/dominicasanunciata.org\/ca\/25-anys-de-vida-consagrada-celebrats-a-lezignan-corbieres\/\" class=\"more-link\">Continue reading <span class=\"screen-reader-text\">25 anys de vida consagrada celebrats a L\u00e9zignan-Corbi\u00e8res<\/span> <span class=\"meta-nav\">&rarr;<\/span><\/a><\/p>\n","protected":false},"author":7,"featured_media":73593,"comment_status":"open","ping_status":"closed","sticky":false,"template":"","format":"standard","meta":{"footnotes":""},"categories":[35],"tags":[],"class_list":["post-73599","post","type-post","status-publish","format-standard","has-post-thumbnail","hentry","category-new-ca"],"yoast_head":"<!-- This site is optimized with the Yoast SEO plugin v28.3 - https:\/\/yoast.com\/product\/yoast-seo-wordpress\/ -->\n<title>25 anys de vida consagrada celebrats a L\u00e9zignan-Corbi\u00e8res - Dominicas de la Anunciata<\/title>\n<meta name=\"robots\" content=\"index, follow, max-snippet:-1, max-image-preview:large, max-video-preview:-1\" \/>\n<link rel=\"canonical\" href=\"https:\/\/dominicasanunciata.org\/ca\/25-anys-de-vida-consagrada-celebrats-a-lezignan-corbieres\/\" \/>\n<meta property=\"og:locale\" content=\"ca_ES\" \/>\n<meta property=\"og:type\" content=\"article\" \/>\n<meta property=\"og:title\" content=\"25 anys de vida consagrada celebrats a L\u00e9zignan-Corbi\u00e8res - Dominicas de la Anunciata\" \/>\n<meta property=\"og:description\" content=\"La comunitat de L\u00e9zignan-Corbi\u00e8res, Fran\u00e7a, va viure amb alegria i gratitud la celebraci\u00f3 dels 25 anys de professi\u00f3 religiosa de la Gna. Veneranda Nyirahatangiman. Va ser una jornada marcada per l\u2019acci\u00f3 de gr\u00e0cies a D\u00e9u pel do de la seva vocaci\u00f3 i per tants anys de dedicaci\u00f3 al servei de D\u00e9u, de l\u2019Esgl\u00e9sia i de &hellip; Continue reading 25 anys de vida consagrada celebrats a L\u00e9zignan-Corbi\u00e8res &rarr;\" \/>\n<meta property=\"og:url\" content=\"https:\/\/dominicasanunciata.org\/ca\/25-anys-de-vida-consagrada-celebrats-a-lezignan-corbieres\/\" \/>\n<meta property=\"og:site_name\" content=\"Dominicas de la Anunciata\" \/>\n<meta property=\"article:published_time\" content=\"2026-09-04T17:43:25+00:00\" \/>\n<meta property=\"article:modified_time\" content=\"2026-09-04T17:43:28+00:00\" \/>\n<meta property=\"og:image\" content=\"https:\/\/dominicasanunciata.org\/wp-content\/uploads\/2026\/09\/WhatsApp-Image-2026-09-04-at-16.03.58.jpeg\" \/>\n\t<meta property=\"og:image:width\" content=\"2000\" \/>\n\t<meta property=\"og:image:height\" content=\"922\" \/>\n\t<meta property=\"og:image:type\" content=\"image\/jpeg\" \/>\n<meta name=\"author\" content=\"glecy\" \/>\n<meta name=\"twitter:card\" content=\"summary_large_image\" \/>\n<meta name=\"twitter:label1\" content=\"Escrit per\" \/>\n\t<meta name=\"twitter:data1\" content=\"glecy\" \/>\n\t<meta name=\"twitter:label2\" content=\"Temps estimat de lectura\" \/>\n\t<meta name=\"twitter:data2\" content=\"5 minuts\" \/>\n<script type=\"application\/ld+json\" class=\"yoast-schema-graph\">{\"@context\":\"https:\\\/\\\/schema.org\",\"@graph\":[{\"@type\":\"Article\",\"@id\":\"https:\\\/\\\/dominicasanunciata.org\\\/ca\\\/25-anys-de-vida-consagrada-celebrats-a-lezignan-corbieres\\\/#article\",\"isPartOf\":{\"@id\":\"https:\\\/\\\/dominicasanunciata.org\\\/ca\\\/25-anys-de-vida-consagrada-celebrats-a-lezignan-corbieres\\\/\"},\"author\":{\"name\":\"glecy\",\"@id\":\"https:\\\/\\\/dominicasanunciata.org\\\/#\\\/schema\\\/person\\\/06415c634679ba29db3c825f669e7596\"},\"headline\":\"25 anys de vida consagrada celebrats a L\u00e9zignan-Corbi\u00e8res\",\"datePublished\":\"2026-09-04T17:43:25+00:00\",\"dateModified\":\"2026-09-04T17:43:28+00:00\",\"mainEntityOfPage\":{\"@id\":\"https:\\\/\\\/dominicasanunciata.org\\\/ca\\\/25-anys-de-vida-consagrada-celebrats-a-lezignan-corbieres\\\/\"},\"wordCount\":553,\"commentCount\":0,\"image\":{\"@id\":\"https:\\\/\\\/dominicasanunciata.org\\\/ca\\\/25-anys-de-vida-consagrada-celebrats-a-lezignan-corbieres\\\/#primaryimage\"},\"thumbnailUrl\":\"https:\\\/\\\/dominicasanunciata.org\\\/wp-content\\\/uploads\\\/2026\\\/09\\\/WhatsApp-Image-2026-09-04-at-16.03.58.jpeg\",\"articleSection\":[\"New\"],\"inLanguage\":\"ca\",\"potentialAction\":[{\"@type\":\"CommentAction\",\"name\":\"Comment\",\"target\":[\"https:\\\/\\\/dominicasanunciata.org\\\/ca\\\/25-anys-de-vida-consagrada-celebrats-a-lezignan-corbieres\\\/#respond\"]}]},{\"@type\":\"WebPage\",\"@id\":\"https:\\\/\\\/dominicasanunciata.org\\\/ca\\\/25-anys-de-vida-consagrada-celebrats-a-lezignan-corbieres\\\/\",\"url\":\"https:\\\/\\\/dominicasanunciata.org\\\/ca\\\/25-anys-de-vida-consagrada-celebrats-a-lezignan-corbieres\\\/\",\"name\":\"25 anys de vida consagrada celebrats a L\u00e9zignan-Corbi\u00e8res - Dominicas de la Anunciata\",\"isPartOf\":{\"@id\":\"https:\\\/\\\/dominicasanunciata.org\\\/#website\"},\"primaryImageOfPage\":{\"@id\":\"https:\\\/\\\/dominicasanunciata.org\\\/ca\\\/25-anys-de-vida-consagrada-celebrats-a-lezignan-corbieres\\\/#primaryimage\"},\"image\":{\"@id\":\"https:\\\/\\\/dominicasanunciata.org\\\/ca\\\/25-anys-de-vida-consagrada-celebrats-a-lezignan-corbieres\\\/#primaryimage\"},\"thumbnailUrl\":\"https:\\\/\\\/dominicasanunciata.org\\\/wp-content\\\/uploads\\\/2026\\\/09\\\/WhatsApp-Image-2026-09-04-at-16.03.58.jpeg\",\"datePublished\":\"2026-09-04T17:43:25+00:00\",\"dateModified\":\"2026-09-04T17:43:28+00:00\",\"author\":{\"@id\":\"https:\\\/\\\/dominicasanunciata.org\\\/#\\\/schema\\\/person\\\/06415c634679ba29db3c825f669e7596\"},\"breadcrumb\":{\"@id\":\"https:\\\/\\\/dominicasanunciata.org\\\/ca\\\/25-anys-de-vida-consagrada-celebrats-a-lezignan-corbieres\\\/#breadcrumb\"},\"inLanguage\":\"ca\",\"potentialAction\":[{\"@type\":\"ReadAction\",\"target\":[\"https:\\\/\\\/dominicasanunciata.org\\\/ca\\\/25-anys-de-vida-consagrada-celebrats-a-lezignan-corbieres\\\/\"]}]},{\"@type\":\"ImageObject\",\"inLanguage\":\"ca\",\"@id\":\"https:\\\/\\\/dominicasanunciata.org\\\/ca\\\/25-anys-de-vida-consagrada-celebrats-a-lezignan-corbieres\\\/#primaryimage\",\"url\":\"https:\\\/\\\/dominicasanunciata.org\\\/wp-content\\\/uploads\\\/2026\\\/09\\\/WhatsApp-Image-2026-09-04-at-16.03.58.jpeg\",\"contentUrl\":\"https:\\\/\\\/dominicasanunciata.org\\\/wp-content\\\/uploads\\\/2026\\\/09\\\/WhatsApp-Image-2026-09-04-at-16.03.58.jpeg\",\"width\":2000,\"height\":922},{\"@type\":\"BreadcrumbList\",\"@id\":\"https:\\\/\\\/dominicasanunciata.org\\\/ca\\\/25-anys-de-vida-consagrada-celebrats-a-lezignan-corbieres\\\/#breadcrumb\",\"itemListElement\":[{\"@type\":\"ListItem\",\"position\":1,\"name\":\"Portada\",\"item\":\"https:\\\/\\\/dominicasanunciata.org\\\/\"},{\"@type\":\"ListItem\",\"position\":2,\"name\":\"25 anys de vida consagrada celebrats a L\u00e9zignan-Corbi\u00e8res\"}]},{\"@type\":\"WebSite\",\"@id\":\"https:\\\/\\\/dominicasanunciata.org\\\/#website\",\"url\":\"https:\\\/\\\/dominicasanunciata.org\\\/\",\"name\":\"Dominicas de la Anunciata\",\"description\":\"Dominicas de la Anunciata\",\"potentialAction\":[{\"@type\":\"SearchAction\",\"target\":{\"@type\":\"EntryPoint\",\"urlTemplate\":\"https:\\\/\\\/dominicasanunciata.org\\\/?s={search_term_string}\"},\"query-input\":{\"@type\":\"PropertyValueSpecification\",\"valueRequired\":true,\"valueName\":\"search_term_string\"}}],\"inLanguage\":\"ca\"},{\"@type\":\"Person\",\"@id\":\"https:\\\/\\\/dominicasanunciata.org\\\/#\\\/schema\\\/person\\\/06415c634679ba29db3c825f669e7596\",\"name\":\"glecy\",\"image\":{\"@type\":\"ImageObject\",\"inLanguage\":\"ca\",\"@id\":\"https:\\\/\\\/secure.gravatar.com\\\/avatar\\\/e488e7ceada4edbd029a1f8c9b1a3018a6d9519486d1af49ad228f33f9ec5d69?s=96&d=mm&r=g\",\"url\":\"https:\\\/\\\/secure.gravatar.com\\\/avatar\\\/e488e7ceada4edbd029a1f8c9b1a3018a6d9519486d1af49ad228f33f9ec5d69?s=96&d=mm&r=g\",\"contentUrl\":\"https:\\\/\\\/secure.gravatar.com\\\/avatar\\\/e488e7ceada4edbd029a1f8c9b1a3018a6d9519486d1af49ad228f33f9ec5d69?s=96&d=mm&r=g\",\"caption\":\"glecy\"},\"url\":\"https:\\\/\\\/dominicasanunciata.org\\\/ca\\\/author\\\/glecy\\\/\"}]}<\/script>\n<!-- \/ Yoast SEO plugin. -->","yoast_head_json":{"title":"25 anys de vida consagrada celebrats a L\u00e9zignan-Corbi\u00e8res - Dominicas de la Anunciata","robots":{"index":"index","follow":"follow","max-snippet":"max-snippet:-1","max-image-preview":"max-image-preview:large","max-video-preview":"max-video-preview:-1"},"canonical":"https:\/\/dominicasanunciata.org\/ca\/25-anys-de-vida-consagrada-celebrats-a-lezignan-corbieres\/","og_locale":"ca_ES","og_type":"article","og_title":"25 anys de vida consagrada celebrats a L\u00e9zignan-Corbi\u00e8res - Dominicas de la Anunciata","og_description":"La comunitat de L\u00e9zignan-Corbi\u00e8res, Fran\u00e7a, va viure amb alegria i gratitud la celebraci\u00f3 dels 25 anys de professi\u00f3 religiosa de la Gna. Veneranda Nyirahatangiman. Va ser una jornada marcada per l\u2019acci\u00f3 de gr\u00e0cies a D\u00e9u pel do de la seva vocaci\u00f3 i per tants anys de dedicaci\u00f3 al servei de D\u00e9u, de l\u2019Esgl\u00e9sia i de &hellip; Continue reading 25 anys de vida consagrada celebrats a L\u00e9zignan-Corbi\u00e8res &rarr;","og_url":"https:\/\/dominicasanunciata.org\/ca\/25-anys-de-vida-consagrada-celebrats-a-lezignan-corbieres\/","og_site_name":"Dominicas de la Anunciata","article_published_time":"2026-09-04T17:43:25+00:00","article_modified_time":"2026-09-04T17:43:28+00:00","og_image":[{"width":2000,"height":922,"url":"https:\/\/dominicasanunciata.org\/wp-content\/uploads\/2026\/09\/WhatsApp-Image-2026-09-04-at-16.03.58.jpeg","type":"image\/jpeg"}],"author":"glecy","twitter_card":"summary_large_image","twitter_misc":{"Escrit per":"glecy","Temps estimat de lectura":"5 minuts"},"schema":{"@context":"https:\/\/schema.org","@graph":[{"@type":"Article","@id":"https:\/\/dominicasanunciata.org\/ca\/25-anys-de-vida-consagrada-celebrats-a-lezignan-corbieres\/#article","isPartOf":{"@id":"https:\/\/dominicasanunciata.org\/ca\/25-anys-de-vida-consagrada-celebrats-a-lezignan-corbieres\/"},"author":{"name":"glecy","@id":"https:\/\/dominicasanunciata.org\/#\/schema\/person\/06415c634679ba29db3c825f669e7596"},"headline":"25 anys de vida consagrada celebrats a L\u00e9zignan-Corbi\u00e8res","datePublished":"2026-09-04T17:43:25+00:00","dateModified":"2026-09-04T17:43:28+00:00","mainEntityOfPage":{"@id":"https:\/\/dominicasanunciata.org\/ca\/25-anys-de-vida-consagrada-celebrats-a-lezignan-corbieres\/"},"wordCount":553,"commentCount":0,"image":{"@id":"https:\/\/dominicasanunciata.org\/ca\/25-anys-de-vida-consagrada-celebrats-a-lezignan-corbieres\/#primaryimage"},"thumbnailUrl":"https:\/\/dominicasanunciata.org\/wp-content\/uploads\/2026\/09\/WhatsApp-Image-2026-09-04-at-16.03.58.jpeg","articleSection":["New"],"inLanguage":"ca","potentialAction":[{"@type":"CommentAction","name":"Comment","target":["https:\/\/dominicasanunciata.org\/ca\/25-anys-de-vida-consagrada-celebrats-a-lezignan-corbieres\/#respond"]}]},{"@type":"WebPage","@id":"https:\/\/dominicasanunciata.org\/ca\/25-anys-de-vida-consagrada-celebrats-a-lezignan-corbieres\/","url":"https:\/\/dominicasanunciata.org\/ca\/25-anys-de-vida-consagrada-celebrats-a-lezignan-corbieres\/","name":"25 anys de vida consagrada celebrats a L\u00e9zignan-Corbi\u00e8res - Dominicas de la Anunciata","isPartOf":{"@id":"https:\/\/dominicasanunciata.org\/#website"},"primaryImageOfPage":{"@id":"https:\/\/dominicasanunciata.org\/ca\/25-anys-de-vida-consagrada-celebrats-a-lezignan-corbieres\/#primaryimage"},"image":{"@id":"https:\/\/dominicasanunciata.org\/ca\/25-anys-de-vida-consagrada-celebrats-a-lezignan-corbieres\/#primaryimage"},"thumbnailUrl":"https:\/\/dominicasanunciata.org\/wp-content\/uploads\/2026\/09\/WhatsApp-Image-2026-09-04-at-16.03.58.jpeg","datePublished":"2026-09-04T17:43:25+00:00","dateModified":"2026-09-04T17:43:28+00:00","author":{"@id":"https:\/\/dominicasanunciata.org\/#\/schema\/person\/06415c634679ba29db3c825f669e7596"},"breadcrumb":{"@id":"https:\/\/dominicasanunciata.org\/ca\/25-anys-de-vida-consagrada-celebrats-a-lezignan-corbieres\/#breadcrumb"},"inLanguage":"ca","potentialAction":[{"@type":"ReadAction","target":["https:\/\/dominicasanunciata.org\/ca\/25-anys-de-vida-consagrada-celebrats-a-lezignan-corbieres\/"]}]},{"@type":"ImageObject","inLanguage":"ca","@id":"https:\/\/dominicasanunciata.org\/ca\/25-anys-de-vida-consagrada-celebrats-a-lezignan-corbieres\/#primaryimage","url":"https:\/\/dominicasanunciata.org\/wp-content\/uploads\/2026\/09\/WhatsApp-Image-2026-09-04-at-16.03.58.jpeg","contentUrl":"https:\/\/dominicasanunciata.org\/wp-content\/uploads\/2026\/09\/WhatsApp-Image-2026-09-04-at-16.03.58.jpeg","width":2000,"height":922},{"@type":"BreadcrumbList","@id":"https:\/\/dominicasanunciata.org\/ca\/25-anys-de-vida-consagrada-celebrats-a-lezignan-corbieres\/#breadcrumb","itemListElement":[{"@type":"ListItem","position":1,"name":"Portada","item":"https:\/\/dominicasanunciata.org\/"},{"@type":"ListItem","position":2,"name":"25 anys de vida consagrada celebrats a L\u00e9zignan-Corbi\u00e8res"}]},{"@type":"WebSite","@id":"https:\/\/dominicasanunciata.org\/#website","url":"https:\/\/dominicasanunciata.org\/","name":"Dominicas de la Anunciata","description":"Dominicas de la Anunciata","potentialAction":[{"@type":"SearchAction","target":{"@type":"EntryPoint","urlTemplate":"https:\/\/dominicasanunciata.org\/?s={search_term_string}"},"query-input":{"@type":"PropertyValueSpecification","valueRequired":true,"valueName":"search_term_string"}}],"inLanguage":"ca"},{"@type":"Person","@id":"https:\/\/dominicasanunciata.org\/#\/schema\/person\/06415c634679ba29db3c825f669e7596","name":"glecy","image":{"@type":"ImageObject","inLanguage":"ca","@id":"https:\/\/secure.gravatar.com\/avatar\/e488e7ceada4edbd029a1f8c9b1a3018a6d9519486d1af49ad228f33f9ec5d69?s=96&d=mm&r=g","url":"https:\/\/secure.gravatar.com\/avatar\/e488e7ceada4edbd029a1f8c9b1a3018a6d9519486d1af49ad228f33f9ec5d69?s=96&d=mm&r=g","contentUrl":"https:\/\/secure.gravatar.com\/avatar\/e488e7ceada4edbd029a1f8c9b1a3018a6d9519486d1af49ad228f33f9ec5d69?s=96&d=mm&r=g","caption":"glecy"},"url":"https:\/\/dominicasanunciata.org\/ca\/author\/glecy\/"}]}},"_links":{"self":[{"href":"https:\/\/dominicasanunciata.org\/ca\/wp-json\/wp\/v2\/posts\/73599","targetHints":{"allow":["GET"]}}],"collection":[{"href":"https:\/\/dominicasanunciata.org\/ca\/wp-json\/wp\/v2\/posts"}],"about":[{"href":"https:\/\/dominicasanunciata.org\/ca\/wp-json\/wp\/v2\/types\/post"}],"author":[{"embeddable":true,"href":"https:\/\/dominicasanunciata.org\/ca\/wp-json\/wp\/v2\/users\/7"}],"replies":[{"embeddable":true,"href":"https:\/\/dominicasanunciata.org\/ca\/wp-json\/wp\/v2\/comments?post=73599"}],"version-history":[{"count":1,"href":"https:\/\/dominicasanunciata.org\/ca\/wp-json\/wp\/v2\/posts\/73599\/revisions"}],"predecessor-version":[{"id":73600,"href":"https:\/\/dominicasanunciata.org\/ca\/wp-json\/wp\/v2\/posts\/73599\/revisions\/73600"}],"wp:featuredmedia":[{"embeddable":true,"href":"https:\/\/dominicasanunciata.org\/ca\/wp-json\/wp\/v2\/media\/73593"}],"wp:attachment":[{"href":"https:\/\/dominicasanunciata.org\/ca\/wp-json\/wp\/v2\/media?parent=73599"}],"wp:term":[{"taxonomy":"category","embeddable":true,"href":"https:\/\/dominicasanunciata.org\/ca\/wp-json\/wp\/v2\/categories?post=73599"},{"taxonomy":"post_tag","embeddable":true,"href":"https:\/\/dominicasanunciata.org\/ca\/wp-json\/wp\/v2\/tags?post=73599"}],"curies":[{"name":"wp","href":"https:\/\/api.w.org\/{rel}","templated":true}]}}