{"id":73472,"date":"2026-08-29T09:00:00","date_gmt":"2026-08-29T07:00:00","guid":{"rendered":"https:\/\/dominicasanunciata.org\/?p=73472"},"modified":"2026-08-26T23:22:41","modified_gmt":"2026-08-26T21:22:41","slug":"diumenge-xxii-de-durant-lany-30-dagost-de-2026","status":"publish","type":"post","link":"https:\/\/dominicasanunciata.org\/ca\/diumenge-xxii-de-durant-lany-30-dagost-de-2026\/","title":{"rendered":"Diumenge XXII de durant l\u2019any \u2014 30 d\u2019agost de 2026"},"content":{"rendered":"\n<p class=\"wp-block-paragraph\"><strong>\u00abPren la teva creu i segueix-me\u00bb (Mt 16, 21-27)<\/strong><\/p>\n\n\n\n<p class=\"wp-block-paragraph\">La lit\u00fargia d\u2019aquest vint-i-dos\u00e8 diumenge de durant l\u2019any ens convida a reflexionar sobre qu\u00e8 significa realment ser deixeble de Jes\u00fas. Seguir Crist no consisteix simplement a creure en Ell o caminar amb Ell quan la vida \u00e9s f\u00e0cil. Significa confiar en Ell fins i tot quan no comprenem el seu pla, lliurar-nos a la seva voluntat i mantenir-nos fidels quan el cam\u00ed passa per la creu.<\/p>\n\n\n\n<p class=\"wp-block-paragraph\">A la primera lectura, Jeremies experimenta el dolor de ser fidel a D\u00e9u. Se sent rebutjat i ridiculitzat i fins i tot pensa a abandonar la seva missi\u00f3 prof\u00e8tica. Tanmateix, no pot romandre en silenci perqu\u00e8 la paraula de D\u00e9u s\u2019ha convertit en ell \u00abcom un foc ardent dins del meu cor\u00bb. La seva experi\u00e8ncia ens recorda que la fidelitat no significa que mai ens cansem o ens desanimem. Hi pot haver moments en qu\u00e8 vulguem aturar-nos, per\u00f2 la crida de D\u00e9u continua cremant dins nostre i ens dona la for\u00e7a per perseverar.<\/p>\n\n\n\n<p class=\"wp-block-paragraph\">A la segona lectura, sant Pau ens convida a \u00aboferir els nostres cossos com a sacrifici viu, sant i agradable a D\u00e9u\u00bb. Seguir Jes\u00fas significa oferir-li tota la nostra vida: les nostres alegries, dificultats, feina, relacions i sacrificis. Tamb\u00e9 significa permetre que D\u00e9u renovi la nostra ment, perqu\u00e8 aprenguem a buscar no nom\u00e9s all\u00f2 que nosaltres desitgem, sin\u00f3 all\u00f2 que Ell vol per a nosaltres.<\/p>\n\n\n\n<p class=\"wp-block-paragraph\">En l\u2019Evangeli d\u2019avui, Jes\u00fas revela als seus deixebles que ha d\u2019anar a Jerusalem, patir, morir i ressuscitar. A Pere li costa acceptar-ho. Estima Jes\u00fas, per\u00f2 no pot comprendre que el pla de D\u00e9u sigui diferent de les expectatives humanes. Per aix\u00f2 Jes\u00fas li recorda: \u00abNo penses com D\u00e9u, sin\u00f3 com els homes\u00bb.<\/p>\n\n\n\n<p class=\"wp-block-paragraph\">La reacci\u00f3 de Pere tamb\u00e9 pot ser la nostra. Com ell, podem voler seguir Jes\u00fas segons els nostres propis plans: una vida sense massa dificultats, una vocaci\u00f3 sense lluites, una comunitat sense incomprensions o una missi\u00f3 sense sacrifici. Per\u00f2 Jes\u00fas ens recorda que ser deixeble implica lliurament: \u00abSi alg\u00fa vol venir amb mi, que es negui a ell mateix, que prengui la seva creu i que em segueixi\u00bb.<\/p>\n\n\n\n<p class=\"wp-block-paragraph\">El cam\u00ed de la creu no \u00e9s un obstacle per a la missi\u00f3 de Jes\u00fas; \u00e9s el cam\u00ed pel qual Ell compleix fidelment la voluntat del Pare. Pere, mogut pel seu amor a Jes\u00fas, per\u00f2 pensant encara segons les expectatives humanes, es converteix sense voler en un obstacle per a aquesta missi\u00f3. Les paraules fermes de Jes\u00fas ens recorden que seguir-lo exigeix deixar de banda la nostra manera de pensar i aprendre a confiar en la saviesa de D\u00e9u.<\/p>\n\n\n\n<p class=\"wp-block-paragraph\">Per aix\u00f2, aquest Evangeli ens convida a preguntar-nos: Permetem que el pla de D\u00e9u gui\u00ef la nostra vida, o de vegades volem que Ell segueixi els nostres propis plans? Estem disposats a lliurar-li els nostres desitjos, expectatives i projectes personals?<\/p>\n\n\n\n<p class=\"wp-block-paragraph\">Per a nosaltres, com a persones consagrades, aquestes preguntes adquireixen un significat molt concret. Com seguim Jes\u00fas en la nostra preg\u00e0ria quotidiana, en la vida comunit\u00e0ria, en la nostra consagraci\u00f3 i en la missi\u00f3 apost\u00f2lica? Estem disposats a acceptar les petites creus de cada dia, amb paci\u00e8ncia, perd\u00f3, humilitat i amor? La nostra vocaci\u00f3 no es viu nom\u00e9s a trav\u00e9s de grans sacrificis, sin\u00f3 tamb\u00e9 mitjan\u00e7ant els petits actes de fidelitat quotidiana.<\/p>\n\n\n\n<p class=\"wp-block-paragraph\">Que tinguem el coratge de dir cada dia \u00abs\u00ed\u00bb a la voluntat de D\u00e9u, posant a les seves mans els nostres plans, pors, dificultats i expectatives. Que sapiguem prendre fidelment la nostra creu, seguir Jes\u00fas i confiar que el seu cam\u00ed, fins i tot quan \u00e9s dif\u00edcil, ens condueix a la veritable vida.<\/p>\n\n\n\n<p class=\"wp-block-paragraph\"><strong>Gna. Maria Tran Thi Hong Thach OP<\/strong><br><em>Prov\u00edncia Sant Ramon de Penyafort<\/em><\/p>\n","protected":false},"excerpt":{"rendered":"<p>\u00abPren la teva creu i segueix-me\u00bb (Mt 16, 21-27) La lit\u00fargia d\u2019aquest vint-i-dos\u00e8 diumenge de durant l\u2019any ens convida a reflexionar sobre qu\u00e8 significa realment ser deixeble de Jes\u00fas. Seguir Crist no consisteix simplement a creure en Ell o caminar amb Ell quan la vida \u00e9s f\u00e0cil. Significa confiar en Ell fins i tot quan &hellip; <a href=\"https:\/\/dominicasanunciata.org\/ca\/diumenge-xxii-de-durant-lany-30-dagost-de-2026\/\" class=\"more-link\">Continue reading <span class=\"screen-reader-text\">Diumenge XXII de durant l\u2019any \u2014 30 d\u2019agost de 2026<\/span> <span class=\"meta-nav\">&rarr;<\/span><\/a><\/p>\n","protected":false},"author":7,"featured_media":73474,"comment_status":"open","ping_status":"closed","sticky":false,"template":"","format":"standard","meta":{"footnotes":""},"categories":[36],"tags":[],"class_list":["post-73472","post","type-post","status-publish","format-standard","has-post-thumbnail","hentry","category-palabra-de-dios-ca"],"yoast_head":"<!-- This site is optimized with the Yoast SEO plugin v28.3 - https:\/\/yoast.com\/product\/yoast-seo-wordpress\/ -->\n<title>Diumenge XXII de durant l\u2019any \u2014 30 d\u2019agost de 2026 - Dominicas de la Anunciata<\/title>\n<meta name=\"robots\" content=\"index, follow, max-snippet:-1, max-image-preview:large, max-video-preview:-1\" \/>\n<link rel=\"canonical\" href=\"https:\/\/dominicasanunciata.org\/?p=73465\" \/>\n<meta property=\"og:locale\" content=\"ca_ES\" \/>\n<meta property=\"og:type\" content=\"article\" \/>\n<meta property=\"og:title\" content=\"Diumenge XXII de durant l\u2019any \u2014 30 d\u2019agost de 2026 - Dominicas de la Anunciata\" \/>\n<meta property=\"og:description\" content=\"\u00abPren la teva creu i segueix-me\u00bb (Mt 16, 21-27) La lit\u00fargia d\u2019aquest vint-i-dos\u00e8 diumenge de durant l\u2019any ens convida a reflexionar sobre qu\u00e8 significa realment ser deixeble de Jes\u00fas. Seguir Crist no consisteix simplement a creure en Ell o caminar amb Ell quan la vida \u00e9s f\u00e0cil. Significa confiar en Ell fins i tot quan &hellip; Continue reading Diumenge XXII de durant l\u2019any \u2014 30 d\u2019agost de 2026 &rarr;\" \/>\n<meta property=\"og:url\" content=\"https:\/\/dominicasanunciata.org\/?p=73465\" \/>\n<meta property=\"og:site_name\" content=\"Dominicas de la Anunciata\" \/>\n<meta property=\"article:published_time\" content=\"2026-08-29T07:00:00+00:00\" \/>\n<meta property=\"og:image\" content=\"https:\/\/dominicasanunciata.org\/wp-content\/uploads\/2026\/08\/5-CAT-1024x576.png\" \/>\n\t<meta property=\"og:image:width\" content=\"1024\" \/>\n\t<meta property=\"og:image:height\" content=\"576\" \/>\n\t<meta property=\"og:image:type\" content=\"image\/png\" \/>\n<meta name=\"author\" content=\"glecy\" \/>\n<meta name=\"twitter:card\" content=\"summary_large_image\" \/>\n<meta name=\"twitter:label1\" content=\"Escrit per\" \/>\n\t<meta name=\"twitter:data1\" content=\"glecy\" \/>\n\t<meta name=\"twitter:label2\" content=\"Temps estimat de lectura\" \/>\n\t<meta name=\"twitter:data2\" content=\"3 minuts\" \/>\n<script type=\"application\/ld+json\" class=\"yoast-schema-graph\">{\"@context\":\"https:\\\/\\\/schema.org\",\"@graph\":[{\"@type\":\"Article\",\"@id\":\"https:\\\/\\\/dominicasanunciata.org\\\/?p=73465#article\",\"isPartOf\":{\"@id\":\"https:\\\/\\\/dominicasanunciata.org\\\/?p=73465\"},\"author\":{\"name\":\"glecy\",\"@id\":\"https:\\\/\\\/dominicasanunciata.org\\\/#\\\/schema\\\/person\\\/06415c634679ba29db3c825f669e7596\"},\"headline\":\"Diumenge XXII de durant l\u2019any \u2014 30 d\u2019agost de 2026\",\"datePublished\":\"2026-08-29T07:00:00+00:00\",\"mainEntityOfPage\":{\"@id\":\"https:\\\/\\\/dominicasanunciata.org\\\/?p=73465\"},\"wordCount\":660,\"commentCount\":0,\"image\":{\"@id\":\"https:\\\/\\\/dominicasanunciata.org\\\/?p=73465#primaryimage\"},\"thumbnailUrl\":\"https:\\\/\\\/dominicasanunciata.org\\\/wp-content\\\/uploads\\\/2026\\\/08\\\/5-CAT.png\",\"articleSection\":[\"Palabra de Dios\"],\"inLanguage\":\"ca\",\"potentialAction\":[{\"@type\":\"CommentAction\",\"name\":\"Comment\",\"target\":[\"https:\\\/\\\/dominicasanunciata.org\\\/?p=73465#respond\"]}]},{\"@type\":\"WebPage\",\"@id\":\"https:\\\/\\\/dominicasanunciata.org\\\/?p=73465\",\"url\":\"https:\\\/\\\/dominicasanunciata.org\\\/?p=73465\",\"name\":\"Diumenge XXII de durant l\u2019any \u2014 30 d\u2019agost de 2026 - Dominicas de la Anunciata\",\"isPartOf\":{\"@id\":\"https:\\\/\\\/dominicasanunciata.org\\\/#website\"},\"primaryImageOfPage\":{\"@id\":\"https:\\\/\\\/dominicasanunciata.org\\\/?p=73465#primaryimage\"},\"image\":{\"@id\":\"https:\\\/\\\/dominicasanunciata.org\\\/?p=73465#primaryimage\"},\"thumbnailUrl\":\"https:\\\/\\\/dominicasanunciata.org\\\/wp-content\\\/uploads\\\/2026\\\/08\\\/5-CAT.png\",\"datePublished\":\"2026-08-29T07:00:00+00:00\",\"author\":{\"@id\":\"https:\\\/\\\/dominicasanunciata.org\\\/#\\\/schema\\\/person\\\/06415c634679ba29db3c825f669e7596\"},\"breadcrumb\":{\"@id\":\"https:\\\/\\\/dominicasanunciata.org\\\/?p=73465#breadcrumb\"},\"inLanguage\":\"ca\",\"potentialAction\":[{\"@type\":\"ReadAction\",\"target\":[\"https:\\\/\\\/dominicasanunciata.org\\\/?p=73465\"]}]},{\"@type\":\"ImageObject\",\"inLanguage\":\"ca\",\"@id\":\"https:\\\/\\\/dominicasanunciata.org\\\/?p=73465#primaryimage\",\"url\":\"https:\\\/\\\/dominicasanunciata.org\\\/wp-content\\\/uploads\\\/2026\\\/08\\\/5-CAT.png\",\"contentUrl\":\"https:\\\/\\\/dominicasanunciata.org\\\/wp-content\\\/uploads\\\/2026\\\/08\\\/5-CAT.png\",\"width\":2048,\"height\":1152},{\"@type\":\"BreadcrumbList\",\"@id\":\"https:\\\/\\\/dominicasanunciata.org\\\/?p=73465#breadcrumb\",\"itemListElement\":[{\"@type\":\"ListItem\",\"position\":1,\"name\":\"Portada\",\"item\":\"https:\\\/\\\/dominicasanunciata.org\\\/\"},{\"@type\":\"ListItem\",\"position\":2,\"name\":\"Diumenge XXII de durant l\u2019any \u2014 30 d\u2019agost de 2026\"}]},{\"@type\":\"WebSite\",\"@id\":\"https:\\\/\\\/dominicasanunciata.org\\\/#website\",\"url\":\"https:\\\/\\\/dominicasanunciata.org\\\/\",\"name\":\"Dominicas de la Anunciata\",\"description\":\"Dominicas de la Anunciata\",\"potentialAction\":[{\"@type\":\"SearchAction\",\"target\":{\"@type\":\"EntryPoint\",\"urlTemplate\":\"https:\\\/\\\/dominicasanunciata.org\\\/?s={search_term_string}\"},\"query-input\":{\"@type\":\"PropertyValueSpecification\",\"valueRequired\":true,\"valueName\":\"search_term_string\"}}],\"inLanguage\":\"ca\"},{\"@type\":\"Person\",\"@id\":\"https:\\\/\\\/dominicasanunciata.org\\\/#\\\/schema\\\/person\\\/06415c634679ba29db3c825f669e7596\",\"name\":\"glecy\",\"image\":{\"@type\":\"ImageObject\",\"inLanguage\":\"ca\",\"@id\":\"https:\\\/\\\/secure.gravatar.com\\\/avatar\\\/e488e7ceada4edbd029a1f8c9b1a3018a6d9519486d1af49ad228f33f9ec5d69?s=96&d=mm&r=g\",\"url\":\"https:\\\/\\\/secure.gravatar.com\\\/avatar\\\/e488e7ceada4edbd029a1f8c9b1a3018a6d9519486d1af49ad228f33f9ec5d69?s=96&d=mm&r=g\",\"contentUrl\":\"https:\\\/\\\/secure.gravatar.com\\\/avatar\\\/e488e7ceada4edbd029a1f8c9b1a3018a6d9519486d1af49ad228f33f9ec5d69?s=96&d=mm&r=g\",\"caption\":\"glecy\"},\"url\":\"https:\\\/\\\/dominicasanunciata.org\\\/ca\\\/author\\\/glecy\\\/\"}]}<\/script>\n<!-- \/ Yoast SEO plugin. -->","yoast_head_json":{"title":"Diumenge XXII de durant l\u2019any \u2014 30 d\u2019agost de 2026 - Dominicas de la Anunciata","robots":{"index":"index","follow":"follow","max-snippet":"max-snippet:-1","max-image-preview":"max-image-preview:large","max-video-preview":"max-video-preview:-1"},"canonical":"https:\/\/dominicasanunciata.org\/?p=73465","og_locale":"ca_ES","og_type":"article","og_title":"Diumenge XXII de durant l\u2019any \u2014 30 d\u2019agost de 2026 - Dominicas de la Anunciata","og_description":"\u00abPren la teva creu i segueix-me\u00bb (Mt 16, 21-27) La lit\u00fargia d\u2019aquest vint-i-dos\u00e8 diumenge de durant l\u2019any ens convida a reflexionar sobre qu\u00e8 significa realment ser deixeble de Jes\u00fas. Seguir Crist no consisteix simplement a creure en Ell o caminar amb Ell quan la vida \u00e9s f\u00e0cil. Significa confiar en Ell fins i tot quan &hellip; Continue reading Diumenge XXII de durant l\u2019any \u2014 30 d\u2019agost de 2026 &rarr;","og_url":"https:\/\/dominicasanunciata.org\/?p=73465","og_site_name":"Dominicas de la Anunciata","article_published_time":"2026-08-29T07:00:00+00:00","og_image":[{"width":1024,"height":576,"url":"https:\/\/dominicasanunciata.org\/wp-content\/uploads\/2026\/08\/5-CAT-1024x576.png","type":"image\/png"}],"author":"glecy","twitter_card":"summary_large_image","twitter_misc":{"Escrit per":"glecy","Temps estimat de lectura":"3 minuts"},"schema":{"@context":"https:\/\/schema.org","@graph":[{"@type":"Article","@id":"https:\/\/dominicasanunciata.org\/?p=73465#article","isPartOf":{"@id":"https:\/\/dominicasanunciata.org\/?p=73465"},"author":{"name":"glecy","@id":"https:\/\/dominicasanunciata.org\/#\/schema\/person\/06415c634679ba29db3c825f669e7596"},"headline":"Diumenge XXII de durant l\u2019any \u2014 30 d\u2019agost de 2026","datePublished":"2026-08-29T07:00:00+00:00","mainEntityOfPage":{"@id":"https:\/\/dominicasanunciata.org\/?p=73465"},"wordCount":660,"commentCount":0,"image":{"@id":"https:\/\/dominicasanunciata.org\/?p=73465#primaryimage"},"thumbnailUrl":"https:\/\/dominicasanunciata.org\/wp-content\/uploads\/2026\/08\/5-CAT.png","articleSection":["Palabra de Dios"],"inLanguage":"ca","potentialAction":[{"@type":"CommentAction","name":"Comment","target":["https:\/\/dominicasanunciata.org\/?p=73465#respond"]}]},{"@type":"WebPage","@id":"https:\/\/dominicasanunciata.org\/?p=73465","url":"https:\/\/dominicasanunciata.org\/?p=73465","name":"Diumenge XXII de durant l\u2019any \u2014 30 d\u2019agost de 2026 - Dominicas de la Anunciata","isPartOf":{"@id":"https:\/\/dominicasanunciata.org\/#website"},"primaryImageOfPage":{"@id":"https:\/\/dominicasanunciata.org\/?p=73465#primaryimage"},"image":{"@id":"https:\/\/dominicasanunciata.org\/?p=73465#primaryimage"},"thumbnailUrl":"https:\/\/dominicasanunciata.org\/wp-content\/uploads\/2026\/08\/5-CAT.png","datePublished":"2026-08-29T07:00:00+00:00","author":{"@id":"https:\/\/dominicasanunciata.org\/#\/schema\/person\/06415c634679ba29db3c825f669e7596"},"breadcrumb":{"@id":"https:\/\/dominicasanunciata.org\/?p=73465#breadcrumb"},"inLanguage":"ca","potentialAction":[{"@type":"ReadAction","target":["https:\/\/dominicasanunciata.org\/?p=73465"]}]},{"@type":"ImageObject","inLanguage":"ca","@id":"https:\/\/dominicasanunciata.org\/?p=73465#primaryimage","url":"https:\/\/dominicasanunciata.org\/wp-content\/uploads\/2026\/08\/5-CAT.png","contentUrl":"https:\/\/dominicasanunciata.org\/wp-content\/uploads\/2026\/08\/5-CAT.png","width":2048,"height":1152},{"@type":"BreadcrumbList","@id":"https:\/\/dominicasanunciata.org\/?p=73465#breadcrumb","itemListElement":[{"@type":"ListItem","position":1,"name":"Portada","item":"https:\/\/dominicasanunciata.org\/"},{"@type":"ListItem","position":2,"name":"Diumenge XXII de durant l\u2019any \u2014 30 d\u2019agost de 2026"}]},{"@type":"WebSite","@id":"https:\/\/dominicasanunciata.org\/#website","url":"https:\/\/dominicasanunciata.org\/","name":"Dominicas de la Anunciata","description":"Dominicas de la Anunciata","potentialAction":[{"@type":"SearchAction","target":{"@type":"EntryPoint","urlTemplate":"https:\/\/dominicasanunciata.org\/?s={search_term_string}"},"query-input":{"@type":"PropertyValueSpecification","valueRequired":true,"valueName":"search_term_string"}}],"inLanguage":"ca"},{"@type":"Person","@id":"https:\/\/dominicasanunciata.org\/#\/schema\/person\/06415c634679ba29db3c825f669e7596","name":"glecy","image":{"@type":"ImageObject","inLanguage":"ca","@id":"https:\/\/secure.gravatar.com\/avatar\/e488e7ceada4edbd029a1f8c9b1a3018a6d9519486d1af49ad228f33f9ec5d69?s=96&d=mm&r=g","url":"https:\/\/secure.gravatar.com\/avatar\/e488e7ceada4edbd029a1f8c9b1a3018a6d9519486d1af49ad228f33f9ec5d69?s=96&d=mm&r=g","contentUrl":"https:\/\/secure.gravatar.com\/avatar\/e488e7ceada4edbd029a1f8c9b1a3018a6d9519486d1af49ad228f33f9ec5d69?s=96&d=mm&r=g","caption":"glecy"},"url":"https:\/\/dominicasanunciata.org\/ca\/author\/glecy\/"}]}},"_links":{"self":[{"href":"https:\/\/dominicasanunciata.org\/ca\/wp-json\/wp\/v2\/posts\/73472","targetHints":{"allow":["GET"]}}],"collection":[{"href":"https:\/\/dominicasanunciata.org\/ca\/wp-json\/wp\/v2\/posts"}],"about":[{"href":"https:\/\/dominicasanunciata.org\/ca\/wp-json\/wp\/v2\/types\/post"}],"author":[{"embeddable":true,"href":"https:\/\/dominicasanunciata.org\/ca\/wp-json\/wp\/v2\/users\/7"}],"replies":[{"embeddable":true,"href":"https:\/\/dominicasanunciata.org\/ca\/wp-json\/wp\/v2\/comments?post=73472"}],"version-history":[{"count":2,"href":"https:\/\/dominicasanunciata.org\/ca\/wp-json\/wp\/v2\/posts\/73472\/revisions"}],"predecessor-version":[{"id":73479,"href":"https:\/\/dominicasanunciata.org\/ca\/wp-json\/wp\/v2\/posts\/73472\/revisions\/73479"}],"wp:featuredmedia":[{"embeddable":true,"href":"https:\/\/dominicasanunciata.org\/ca\/wp-json\/wp\/v2\/media\/73474"}],"wp:attachment":[{"href":"https:\/\/dominicasanunciata.org\/ca\/wp-json\/wp\/v2\/media?parent=73472"}],"wp:term":[{"taxonomy":"category","embeddable":true,"href":"https:\/\/dominicasanunciata.org\/ca\/wp-json\/wp\/v2\/categories?post=73472"},{"taxonomy":"post_tag","embeddable":true,"href":"https:\/\/dominicasanunciata.org\/ca\/wp-json\/wp\/v2\/tags?post=73472"}],"curies":[{"name":"wp","href":"https:\/\/api.w.org\/{rel}","templated":true}]}}