{"id":73458,"date":"2026-08-26T22:04:37","date_gmt":"2026-08-26T20:04:37","guid":{"rendered":"https:\/\/dominicasanunciata.org\/?p=73458"},"modified":"2026-08-26T22:14:17","modified_gmt":"2026-08-26T20:14:17","slug":"la-reliquia-pelegrina-del-pare-coll-arriba-a-madrid","status":"publish","type":"post","link":"https:\/\/dominicasanunciata.org\/ca\/la-reliquia-pelegrina-del-pare-coll-arriba-a-madrid\/","title":{"rendered":"La rel\u00edquia pelegrina del Pare Coll arriba a Madrid"},"content":{"rendered":"\n<p class=\"wp-block-paragraph\"><strong>Madrid, 26 d\u2019agost de 2026.<\/strong> Amb profunda emoci\u00f3, alegria i il\u00b7lusi\u00f3, Madrid ha acollit aquest migdia la <strong>rel\u00edquia pelegrina de sant Francesc Coll<\/strong>, que continua el seu cam\u00ed com a signe de comuni\u00f3, mem\u00f2ria viva del carisma i renovaci\u00f3 de la missi\u00f3 evangelitzadora de la Congregaci\u00f3.<\/p>\n\n\n\n<p class=\"wp-block-paragraph\">La rel\u00edquia ha arribat a l\u2019aeroport Adolfo Su\u00e1rez Madrid-Barajas acompanyada per la <strong>Delegada del Brasil, Gna. Marina Est\u00eavam de Jes\u00fas<\/strong>, que l\u2019ha traslladada fins a Madrid. A la seva arribada ha estat rebuda per la <strong>Priora Provincial, Gna. Mar\u00eda Isabel Andr\u00e9s<\/strong>, juntament amb algunes germanes de la Casa Provincial. Tamb\u00e9 hi eren presents la <strong>Priora General, Gna. Ana Bel\u00e9n Ver\u00edsimo Garc\u00eda<\/strong>, i totes les germanes del Consell General.<\/p>\n\n\n\n<p class=\"wp-block-paragraph\">El moment de la trobada ha estat marcat per una profunda emoci\u00f3. Quan la Gna. Marina ha aparegut per la porta de sortida portant la rel\u00edquia del Pare Coll, les germanes presents han viscut un moment d\u2019especial alegria i gratitud. Espont\u00e0niament, ha brollat dels seus cors el cant <strong>\u00abSanto Fundador\u00bb<\/strong>, expressi\u00f3 d\u2019estimaci\u00f3, veneraci\u00f3 i acci\u00f3 de gr\u00e0cies per la vida i el llegat de sant Francesc Coll.<\/p>\n\n\n\n<p class=\"wp-block-paragraph\">Des de l\u2019aeroport, les germanes s\u2019han dirigit a la <strong>Casa Provincial<\/strong>, on esperaven amb entusiasme les germanes de la comunitat i alguns representants del <strong>Col\u00b7legi Santa Catalina de Sena \u2013 FEFC<\/strong>. L\u2019arribada ha estat acollida amb banderes, alegria i cants dedicats al Pare Coll, creant un ambient festiu i profundament significatiu.<\/p>\n\n\n\n<p class=\"wp-block-paragraph\">La rel\u00edquia ha estat col\u00b7locada en un <strong>altar preparat especialment per a aquesta ocasi\u00f3<\/strong>, cuidat amb molta cura i ple de simbolisme. Els colors, les flors i cadascun dels elements expressaven la riquesa del carisma rebut de sant Francesc Coll i el desig de mantenir viva la seva passi\u00f3 per anunciar l\u2019Evangeli.<\/p>\n\n\n\n<p class=\"wp-block-paragraph\"><strong>Una taula compartida i una celebraci\u00f3 de comuni\u00f3<\/strong><\/p>\n\n\n\n<p class=\"wp-block-paragraph\">Despr\u00e9s de l\u2019acollida ha tingut lloc un <strong>dinar fratern<\/strong>. Aquest senzill gest de compartir la taula s\u2019ha convertit tamb\u00e9 en una expressi\u00f3 de fraternitat, trobada i comuni\u00f3.<\/p>\n\n\n\n<p class=\"wp-block-paragraph\">Posteriorment han anat arribant les germanes de les comunitats de <strong>General Ora\u00e1, Aluche i Casa General<\/strong>, que s\u2019han unit a aquest moment especial de la peregrinaci\u00f3 de la rel\u00edquia.<\/p>\n\n\n\n<p class=\"wp-block-paragraph\"><strong>Preg\u00e0ria oficial de recepci\u00f3 a la Prov\u00edncia Rosa Santaeugenia<\/strong><\/p>\n\n\n\n<p class=\"wp-block-paragraph\">La jornada ha continuat amb la <strong>preg\u00e0ria oficial de recepci\u00f3 de la Rel\u00edquia de sant Francesc Coll a la Prov\u00edncia Rosa Santaeugenia \u2013 Comunitats d\u2019Espanya<\/strong>. La celebraci\u00f3 ha comen\u00e7at amb una <strong>solemne process\u00f3 amb espelmes cap a la capella<\/strong>, en un clima de preg\u00e0ria, silenci i recolliment.<\/p>\n\n\n\n<p class=\"wp-block-paragraph\">Una monici\u00f3 inicial ha ajudat a disposar el cor per a aquest moment de gr\u00e0cia. A continuaci\u00f3, s\u2019ha entonat el cant <strong>\u00abUn Profeta\u00bb<\/strong>, evocant la figura de sant Francesc Coll com a home de D\u00e9u, evangelitzador i profeta d\u2019esperan\u00e7a.<\/p>\n\n\n\n<p class=\"wp-block-paragraph\">En un moment especialment significatiu, s\u2019han presentat diversos <strong>s\u00edmbols<\/strong> que evoquen aspectes essencials de la vida, l\u2019espiritualitat i la missi\u00f3 del Pare Coll:<\/p>\n\n\n\n<ul class=\"wp-block-list\">\n<li><strong>La ll\u00e0ntia encesa:<\/strong> Crist \u00e9s la Llum veritable que va il\u00b7luminar la vida del Pare Coll i va orientar sempre el seu cam\u00ed.<\/li>\n\n\n\n<li><strong>La B\u00edblia:<\/strong> font de la predicaci\u00f3 dominicana i aliment de la missi\u00f3 evangelitzadora.<\/li>\n\n\n\n<li><strong>El quadre de l\u2019Anunciaci\u00f3:<\/strong> misteri que va donar el nom, l\u2019\u00e0nima i l\u2019estil a la Congregaci\u00f3.<\/li>\n\n\n\n<li><strong>El rosari:<\/strong> signe de la pres\u00e8ncia de Maria en la vida del Pare Coll, que el va acompanyar en totes les seves rutes i camins.<\/li>\n\n\n\n<li><strong>Les flors blanques:<\/strong> signe de la claredat interior, la puresa d\u2019intenci\u00f3 i l\u2019alegria que van caracteritzar sant Francesc Coll.<\/li>\n<\/ul>\n\n\n\n<p class=\"wp-block-paragraph\">La celebraci\u00f3 ha continuat amb el <strong>Salm 26<\/strong>, seguit de la proclamaci\u00f3 de la <strong>Paraula de D\u00e9u<\/strong>. Despr\u00e9s s\u2019ha guardat un profund <strong>silenci meditatiu<\/strong>, deixant espai per acollir interiorment la Paraula.<\/p>\n\n\n\n<p class=\"wp-block-paragraph\">La preg\u00e0ria ha continuat amb les <strong>peticions<\/strong>, en les quals s\u2019han presentat al Senyor les necessitats de la Congregaci\u00f3, de les comunitats, de l\u2019Esgl\u00e9sia i de tantes persones a les quals les germanes s\u00f3n cridades a servir. Tots junts han resat el <strong>Parenostre<\/strong> i, finalment, la preg\u00e0ria d\u2019acci\u00f3 de gr\u00e0cies i de petici\u00f3 d\u2019intercessi\u00f3 per mitj\u00e0 de sant Francesc Coll.<\/p>\n\n\n\n<p class=\"wp-block-paragraph\">La celebraci\u00f3 ha concl\u00f2s amb el cant <strong>\u00abSanto Fundador\u00bb<\/strong>, que ha tornat a unir les veus dels presents en un mateix sentiment de gratitud, alegria i comprom\u00eds.<\/p>\n\n\n\n<p class=\"wp-block-paragraph\">L\u2019arribada de la rel\u00edquia a Madrid es converteix aix\u00ed en una invitaci\u00f3 a <strong>tornar a la font del carisma, renovar el s\u00ed i caminar en comuni\u00f3<\/strong>, deixant que la vida i l\u2019esperit de sant Francesc Coll continu\u00efn il\u00b7luminant avui la missi\u00f3 de les Dominiques de l\u2019Anunciata.<\/p>\n\n\n\n<p class=\"wp-block-paragraph\">La rel\u00edquia pelegrina continuar\u00e0 acompanyant les comunitats com un signe visible de comuni\u00f3 i missi\u00f3 compartida, convidant cada germana i totes les persones que participen del carisma de l\u2019Anunciata a <strong>mantenir encesa la flama rebuda i continuar anunciant l\u2019Evangeli amb la passi\u00f3, la confian\u00e7a i l\u2019alegria que van caracteritzar el Sant Fundador<\/strong>.<\/p>\n\n\n\n<figure class=\"wp-block-image size-full\"><img loading=\"lazy\" decoding=\"async\" width=\"586\" height=\"454\" src=\"https:\/\/dominicasanunciata.org\/wp-content\/uploads\/2026\/08\/Marina-llega.png\" alt=\"\" class=\"wp-image-73439\" srcset=\"https:\/\/dominicasanunciata.org\/wp-content\/uploads\/2026\/08\/Marina-llega.png 586w, https:\/\/dominicasanunciata.org\/wp-content\/uploads\/2026\/08\/Marina-llega-300x232.png 300w\" sizes=\"auto, (max-width: 586px) 100vw, 586px\" \/><\/figure>\n\n\n\n<figure class=\"wp-block-image size-large\"><img loading=\"lazy\" decoding=\"async\" width=\"768\" height=\"1024\" src=\"https:\/\/dominicasanunciata.org\/wp-content\/uploads\/2026\/08\/hermanas-768x1024.jpg\" alt=\"\" class=\"wp-image-73429\" srcset=\"https:\/\/dominicasanunciata.org\/wp-content\/uploads\/2026\/08\/hermanas-768x1024.jpg 768w, https:\/\/dominicasanunciata.org\/wp-content\/uploads\/2026\/08\/hermanas-225x300.jpg 225w, https:\/\/dominicasanunciata.org\/wp-content\/uploads\/2026\/08\/hermanas-1152x1536.jpg 1152w, https:\/\/dominicasanunciata.org\/wp-content\/uploads\/2026\/08\/hermanas-1536x2048.jpg 1536w, https:\/\/dominicasanunciata.org\/wp-content\/uploads\/2026\/08\/hermanas-scaled.jpg 1920w\" sizes=\"auto, (max-width: 768px) 100vw, 768px\" \/><\/figure>\n\n\n\n<figure class=\"wp-block-image size-full\"><img loading=\"lazy\" decoding=\"async\" width=\"587\" height=\"835\" src=\"https:\/\/dominicasanunciata.org\/wp-content\/uploads\/2026\/08\/Priora-provincial.png\" alt=\"\" class=\"wp-image-73434\" srcset=\"https:\/\/dominicasanunciata.org\/wp-content\/uploads\/2026\/08\/Priora-provincial.png 587w, https:\/\/dominicasanunciata.org\/wp-content\/uploads\/2026\/08\/Priora-provincial-211x300.png 211w\" sizes=\"auto, (max-width: 587px) 100vw, 587px\" \/><\/figure>\n\n\n\n<figure class=\"wp-block-image size-large\"><img loading=\"lazy\" decoding=\"async\" width=\"1024\" height=\"768\" src=\"https:\/\/dominicasanunciata.org\/wp-content\/uploads\/2026\/08\/aeroperto--1024x768.jpg\" alt=\"\" class=\"wp-image-73384\" srcset=\"https:\/\/dominicasanunciata.org\/wp-content\/uploads\/2026\/08\/aeroperto--1024x768.jpg 1024w, https:\/\/dominicasanunciata.org\/wp-content\/uploads\/2026\/08\/aeroperto--300x225.jpg 300w, https:\/\/dominicasanunciata.org\/wp-content\/uploads\/2026\/08\/aeroperto--768x576.jpg 768w, https:\/\/dominicasanunciata.org\/wp-content\/uploads\/2026\/08\/aeroperto--1536x1152.jpg 1536w, https:\/\/dominicasanunciata.org\/wp-content\/uploads\/2026\/08\/aeroperto--2048x1536.jpg 2048w\" sizes=\"auto, (max-width: 1024px) 100vw, 1024px\" \/><\/figure>\n\n\n\n<figure class=\"wp-block-image size-full\"><img loading=\"lazy\" decoding=\"async\" width=\"579\" height=\"604\" src=\"https:\/\/dominicasanunciata.org\/wp-content\/uploads\/2026\/08\/Captura-de-pantalla-2026-08-26-201546.png\" alt=\"\" class=\"wp-image-73449\" srcset=\"https:\/\/dominicasanunciata.org\/wp-content\/uploads\/2026\/08\/Captura-de-pantalla-2026-08-26-201546.png 579w, https:\/\/dominicasanunciata.org\/wp-content\/uploads\/2026\/08\/Captura-de-pantalla-2026-08-26-201546-288x300.png 288w\" sizes=\"auto, (max-width: 579px) 100vw, 579px\" \/><\/figure>\n\n\n\n<figure class=\"wp-block-image size-large\"><img loading=\"lazy\" decoding=\"async\" width=\"1024\" height=\"768\" src=\"https:\/\/dominicasanunciata.org\/wp-content\/uploads\/2026\/08\/IMG_3938-1024x768.jpg\" alt=\"\" class=\"wp-image-73404\" srcset=\"https:\/\/dominicasanunciata.org\/wp-content\/uploads\/2026\/08\/IMG_3938-1024x768.jpg 1024w, https:\/\/dominicasanunciata.org\/wp-content\/uploads\/2026\/08\/IMG_3938-300x225.jpg 300w, https:\/\/dominicasanunciata.org\/wp-content\/uploads\/2026\/08\/IMG_3938-768x576.jpg 768w, https:\/\/dominicasanunciata.org\/wp-content\/uploads\/2026\/08\/IMG_3938-1536x1152.jpg 1536w, https:\/\/dominicasanunciata.org\/wp-content\/uploads\/2026\/08\/IMG_3938-2048x1536.jpg 2048w\" sizes=\"auto, (max-width: 1024px) 100vw, 1024px\" \/><\/figure>\n\n\n\n<figure class=\"wp-block-image size-full\"><img loading=\"lazy\" decoding=\"async\" width=\"582\" height=\"780\" src=\"https:\/\/dominicasanunciata.org\/wp-content\/uploads\/2026\/08\/Captura-de-pantalla-2026-08-26-201631.png\" alt=\"\" class=\"wp-image-73444\" srcset=\"https:\/\/dominicasanunciata.org\/wp-content\/uploads\/2026\/08\/Captura-de-pantalla-2026-08-26-201631.png 582w, https:\/\/dominicasanunciata.org\/wp-content\/uploads\/2026\/08\/Captura-de-pantalla-2026-08-26-201631-224x300.png 224w\" sizes=\"auto, (max-width: 582px) 100vw, 582px\" \/><\/figure>\n\n\n\n<figure class=\"wp-block-image size-large\"><img loading=\"lazy\" decoding=\"async\" width=\"1024\" height=\"768\" src=\"https:\/\/dominicasanunciata.org\/wp-content\/uploads\/2026\/08\/IMG_3967-1024x768.jpg\" alt=\"\" class=\"wp-image-73419\" srcset=\"https:\/\/dominicasanunciata.org\/wp-content\/uploads\/2026\/08\/IMG_3967-1024x768.jpg 1024w, https:\/\/dominicasanunciata.org\/wp-content\/uploads\/2026\/08\/IMG_3967-300x225.jpg 300w, https:\/\/dominicasanunciata.org\/wp-content\/uploads\/2026\/08\/IMG_3967-768x576.jpg 768w, https:\/\/dominicasanunciata.org\/wp-content\/uploads\/2026\/08\/IMG_3967-1536x1152.jpg 1536w, https:\/\/dominicasanunciata.org\/wp-content\/uploads\/2026\/08\/IMG_3967-2048x1536.jpg 2048w\" sizes=\"auto, (max-width: 1024px) 100vw, 1024px\" \/><\/figure>\n\n\n\n<figure class=\"wp-block-image size-large\"><img loading=\"lazy\" decoding=\"async\" width=\"768\" height=\"1024\" src=\"https:\/\/dominicasanunciata.org\/wp-content\/uploads\/2026\/08\/IMG_3953-768x1024.jpg\" alt=\"\" class=\"wp-image-73399\" srcset=\"https:\/\/dominicasanunciata.org\/wp-content\/uploads\/2026\/08\/IMG_3953-768x1024.jpg 768w, https:\/\/dominicasanunciata.org\/wp-content\/uploads\/2026\/08\/IMG_3953-225x300.jpg 225w, https:\/\/dominicasanunciata.org\/wp-content\/uploads\/2026\/08\/IMG_3953-1152x1536.jpg 1152w, https:\/\/dominicasanunciata.org\/wp-content\/uploads\/2026\/08\/IMG_3953-1536x2048.jpg 1536w, https:\/\/dominicasanunciata.org\/wp-content\/uploads\/2026\/08\/IMG_3953-scaled.jpg 1920w\" sizes=\"auto, (max-width: 768px) 100vw, 768px\" \/><\/figure>\n\n\n\n<figure class=\"wp-block-image size-large\"><img loading=\"lazy\" decoding=\"async\" width=\"768\" height=\"1024\" src=\"https:\/\/dominicasanunciata.org\/wp-content\/uploads\/2026\/08\/IMG_3958-768x1024.jpg\" alt=\"\" class=\"wp-image-73414\" srcset=\"https:\/\/dominicasanunciata.org\/wp-content\/uploads\/2026\/08\/IMG_3958-768x1024.jpg 768w, https:\/\/dominicasanunciata.org\/wp-content\/uploads\/2026\/08\/IMG_3958-225x300.jpg 225w, https:\/\/dominicasanunciata.org\/wp-content\/uploads\/2026\/08\/IMG_3958-1152x1536.jpg 1152w, https:\/\/dominicasanunciata.org\/wp-content\/uploads\/2026\/08\/IMG_3958-1536x2048.jpg 1536w, https:\/\/dominicasanunciata.org\/wp-content\/uploads\/2026\/08\/IMG_3958-scaled.jpg 1920w\" sizes=\"auto, (max-width: 768px) 100vw, 768px\" \/><\/figure>\n\n\n\n<figure class=\"wp-block-image size-large is-resized\"><img loading=\"lazy\" decoding=\"async\" width=\"768\" height=\"1024\" src=\"https:\/\/dominicasanunciata.org\/wp-content\/uploads\/2026\/08\/IMG_3952-768x1024.jpg\" alt=\"\" class=\"wp-image-73409\" style=\"width:768px;height:auto\" srcset=\"https:\/\/dominicasanunciata.org\/wp-content\/uploads\/2026\/08\/IMG_3952-768x1024.jpg 768w, https:\/\/dominicasanunciata.org\/wp-content\/uploads\/2026\/08\/IMG_3952-225x300.jpg 225w, https:\/\/dominicasanunciata.org\/wp-content\/uploads\/2026\/08\/IMG_3952-1152x1536.jpg 1152w, https:\/\/dominicasanunciata.org\/wp-content\/uploads\/2026\/08\/IMG_3952-1536x2048.jpg 1536w, https:\/\/dominicasanunciata.org\/wp-content\/uploads\/2026\/08\/IMG_3952-scaled.jpg 1920w\" sizes=\"auto, (max-width: 768px) 100vw, 768px\" \/><\/figure>\n\n\n\n<figure class=\"wp-block-image size-large\"><img loading=\"lazy\" decoding=\"async\" width=\"1024\" height=\"768\" src=\"https:\/\/dominicasanunciata.org\/wp-content\/uploads\/2026\/08\/IMG_3980-1024x768.jpg\" alt=\"\" class=\"wp-image-73424\" srcset=\"https:\/\/dominicasanunciata.org\/wp-content\/uploads\/2026\/08\/IMG_3980-1024x768.jpg 1024w, https:\/\/dominicasanunciata.org\/wp-content\/uploads\/2026\/08\/IMG_3980-300x225.jpg 300w, https:\/\/dominicasanunciata.org\/wp-content\/uploads\/2026\/08\/IMG_3980-768x576.jpg 768w, https:\/\/dominicasanunciata.org\/wp-content\/uploads\/2026\/08\/IMG_3980-1536x1152.jpg 1536w, https:\/\/dominicasanunciata.org\/wp-content\/uploads\/2026\/08\/IMG_3980-2048x1536.jpg 2048w\" sizes=\"auto, (max-width: 1024px) 100vw, 1024px\" \/><\/figure>\n\n\n\n<figure class=\"wp-block-image size-large\"><img loading=\"lazy\" decoding=\"async\" width=\"1024\" height=\"768\" src=\"https:\/\/dominicasanunciata.org\/wp-content\/uploads\/2026\/08\/foto-final-1024x768.jpg\" alt=\"\" class=\"wp-image-73394\" srcset=\"https:\/\/dominicasanunciata.org\/wp-content\/uploads\/2026\/08\/foto-final-1024x768.jpg 1024w, https:\/\/dominicasanunciata.org\/wp-content\/uploads\/2026\/08\/foto-final-300x225.jpg 300w, https:\/\/dominicasanunciata.org\/wp-content\/uploads\/2026\/08\/foto-final-768x576.jpg 768w, https:\/\/dominicasanunciata.org\/wp-content\/uploads\/2026\/08\/foto-final-1536x1152.jpg 1536w, https:\/\/dominicasanunciata.org\/wp-content\/uploads\/2026\/08\/foto-final-2048x1536.jpg 2048w\" sizes=\"auto, (max-width: 1024px) 100vw, 1024px\" \/><\/figure>\n\n\n\n<figure class=\"wp-block-image size-large\"><img loading=\"lazy\" decoding=\"async\" width=\"1024\" height=\"768\" src=\"https:\/\/dominicasanunciata.org\/wp-content\/uploads\/2026\/08\/foto-final-2-1024x768.jpg\" alt=\"\" class=\"wp-image-73389\" srcset=\"https:\/\/dominicasanunciata.org\/wp-content\/uploads\/2026\/08\/foto-final-2-1024x768.jpg 1024w, https:\/\/dominicasanunciata.org\/wp-content\/uploads\/2026\/08\/foto-final-2-300x225.jpg 300w, https:\/\/dominicasanunciata.org\/wp-content\/uploads\/2026\/08\/foto-final-2-768x576.jpg 768w, https:\/\/dominicasanunciata.org\/wp-content\/uploads\/2026\/08\/foto-final-2-1536x1152.jpg 1536w, https:\/\/dominicasanunciata.org\/wp-content\/uploads\/2026\/08\/foto-final-2-2048x1536.jpg 2048w\" sizes=\"auto, (max-width: 1024px) 100vw, 1024px\" \/><\/figure>\n","protected":false},"excerpt":{"rendered":"<p>Madrid, 26 d\u2019agost de 2026. Amb profunda emoci\u00f3, alegria i il\u00b7lusi\u00f3, Madrid ha acollit aquest migdia la rel\u00edquia pelegrina de sant Francesc Coll, que continua el seu cam\u00ed com a signe de comuni\u00f3, mem\u00f2ria viva del carisma i renovaci\u00f3 de la missi\u00f3 evangelitzadora de la Congregaci\u00f3. La rel\u00edquia ha arribat a l\u2019aeroport Adolfo Su\u00e1rez Madrid-Barajas &hellip; <a href=\"https:\/\/dominicasanunciata.org\/ca\/la-reliquia-pelegrina-del-pare-coll-arriba-a-madrid\/\" class=\"more-link\">Continue reading <span class=\"screen-reader-text\">La rel\u00edquia pelegrina del Pare Coll arriba a Madrid<\/span> <span class=\"meta-nav\">&rarr;<\/span><\/a><\/p>\n","protected":false},"author":7,"featured_media":73389,"comment_status":"open","ping_status":"closed","sticky":false,"template":"","format":"standard","meta":{"footnotes":""},"categories":[54],"tags":[],"class_list":["post-73458","post","type-post","status-publish","format-standard","has-post-thumbnail","hentry","category-pelegrinatge-blog"],"yoast_head":"<!-- This site is optimized with the Yoast SEO plugin v28.3 - https:\/\/yoast.com\/product\/yoast-seo-wordpress\/ -->\n<title>La rel\u00edquia pelegrina del Pare Coll arriba a Madrid - Dominicas de la Anunciata<\/title>\n<meta name=\"robots\" content=\"index, follow, max-snippet:-1, max-image-preview:large, max-video-preview:-1\" \/>\n<link rel=\"canonical\" href=\"https:\/\/dominicasanunciata.org\/ca\/la-reliquia-pelegrina-del-pare-coll-arriba-a-madrid\/\" \/>\n<meta property=\"og:locale\" content=\"ca_ES\" \/>\n<meta property=\"og:type\" content=\"article\" \/>\n<meta property=\"og:title\" content=\"La rel\u00edquia pelegrina del Pare Coll arriba a Madrid - Dominicas de la Anunciata\" \/>\n<meta property=\"og:description\" content=\"Madrid, 26 d\u2019agost de 2026. Amb profunda emoci\u00f3, alegria i il\u00b7lusi\u00f3, Madrid ha acollit aquest migdia la rel\u00edquia pelegrina de sant Francesc Coll, que continua el seu cam\u00ed com a signe de comuni\u00f3, mem\u00f2ria viva del carisma i renovaci\u00f3 de la missi\u00f3 evangelitzadora de la Congregaci\u00f3. La rel\u00edquia ha arribat a l\u2019aeroport Adolfo Su\u00e1rez Madrid-Barajas &hellip; Continue reading La rel\u00edquia pelegrina del Pare Coll arriba a Madrid &rarr;\" \/>\n<meta property=\"og:url\" content=\"https:\/\/dominicasanunciata.org\/ca\/la-reliquia-pelegrina-del-pare-coll-arriba-a-madrid\/\" \/>\n<meta property=\"og:site_name\" content=\"Dominicas de la Anunciata\" \/>\n<meta property=\"article:published_time\" content=\"2026-08-26T20:04:37+00:00\" \/>\n<meta property=\"article:modified_time\" content=\"2026-08-26T20:14:17+00:00\" \/>\n<meta property=\"og:image\" content=\"https:\/\/dominicasanunciata.org\/wp-content\/uploads\/2026\/08\/foto-final-2-scaled.jpg\" \/>\n\t<meta property=\"og:image:width\" content=\"2560\" \/>\n\t<meta property=\"og:image:height\" content=\"1920\" \/>\n\t<meta property=\"og:image:type\" content=\"image\/jpeg\" \/>\n<meta name=\"author\" content=\"glecy\" \/>\n<meta name=\"twitter:card\" content=\"summary_large_image\" \/>\n<meta name=\"twitter:label1\" content=\"Escrit per\" \/>\n\t<meta name=\"twitter:data1\" content=\"glecy\" \/>\n\t<meta name=\"twitter:label2\" content=\"Temps estimat de lectura\" \/>\n\t<meta name=\"twitter:data2\" content=\"4 minuts\" \/>\n<script type=\"application\/ld+json\" class=\"yoast-schema-graph\">{\"@context\":\"https:\\\/\\\/schema.org\",\"@graph\":[{\"@type\":\"Article\",\"@id\":\"https:\\\/\\\/dominicasanunciata.org\\\/ca\\\/la-reliquia-pelegrina-del-pare-coll-arriba-a-madrid\\\/#article\",\"isPartOf\":{\"@id\":\"https:\\\/\\\/dominicasanunciata.org\\\/ca\\\/la-reliquia-pelegrina-del-pare-coll-arriba-a-madrid\\\/\"},\"author\":{\"name\":\"glecy\",\"@id\":\"https:\\\/\\\/dominicasanunciata.org\\\/#\\\/schema\\\/person\\\/06415c634679ba29db3c825f669e7596\"},\"headline\":\"La rel\u00edquia pelegrina del Pare Coll arriba a Madrid\",\"datePublished\":\"2026-08-26T20:04:37+00:00\",\"dateModified\":\"2026-08-26T20:14:17+00:00\",\"mainEntityOfPage\":{\"@id\":\"https:\\\/\\\/dominicasanunciata.org\\\/ca\\\/la-reliquia-pelegrina-del-pare-coll-arriba-a-madrid\\\/\"},\"wordCount\":865,\"commentCount\":0,\"image\":{\"@id\":\"https:\\\/\\\/dominicasanunciata.org\\\/ca\\\/la-reliquia-pelegrina-del-pare-coll-arriba-a-madrid\\\/#primaryimage\"},\"thumbnailUrl\":\"https:\\\/\\\/dominicasanunciata.org\\\/wp-content\\\/uploads\\\/2026\\\/08\\\/foto-final-2-scaled.jpg\",\"articleSection\":[\"Pelegrinatge\"],\"inLanguage\":\"ca\",\"potentialAction\":[{\"@type\":\"CommentAction\",\"name\":\"Comment\",\"target\":[\"https:\\\/\\\/dominicasanunciata.org\\\/ca\\\/la-reliquia-pelegrina-del-pare-coll-arriba-a-madrid\\\/#respond\"]}]},{\"@type\":\"WebPage\",\"@id\":\"https:\\\/\\\/dominicasanunciata.org\\\/ca\\\/la-reliquia-pelegrina-del-pare-coll-arriba-a-madrid\\\/\",\"url\":\"https:\\\/\\\/dominicasanunciata.org\\\/ca\\\/la-reliquia-pelegrina-del-pare-coll-arriba-a-madrid\\\/\",\"name\":\"La rel\u00edquia pelegrina del Pare Coll arriba a Madrid - Dominicas de la Anunciata\",\"isPartOf\":{\"@id\":\"https:\\\/\\\/dominicasanunciata.org\\\/#website\"},\"primaryImageOfPage\":{\"@id\":\"https:\\\/\\\/dominicasanunciata.org\\\/ca\\\/la-reliquia-pelegrina-del-pare-coll-arriba-a-madrid\\\/#primaryimage\"},\"image\":{\"@id\":\"https:\\\/\\\/dominicasanunciata.org\\\/ca\\\/la-reliquia-pelegrina-del-pare-coll-arriba-a-madrid\\\/#primaryimage\"},\"thumbnailUrl\":\"https:\\\/\\\/dominicasanunciata.org\\\/wp-content\\\/uploads\\\/2026\\\/08\\\/foto-final-2-scaled.jpg\",\"datePublished\":\"2026-08-26T20:04:37+00:00\",\"dateModified\":\"2026-08-26T20:14:17+00:00\",\"author\":{\"@id\":\"https:\\\/\\\/dominicasanunciata.org\\\/#\\\/schema\\\/person\\\/06415c634679ba29db3c825f669e7596\"},\"breadcrumb\":{\"@id\":\"https:\\\/\\\/dominicasanunciata.org\\\/ca\\\/la-reliquia-pelegrina-del-pare-coll-arriba-a-madrid\\\/#breadcrumb\"},\"inLanguage\":\"ca\",\"potentialAction\":[{\"@type\":\"ReadAction\",\"target\":[\"https:\\\/\\\/dominicasanunciata.org\\\/ca\\\/la-reliquia-pelegrina-del-pare-coll-arriba-a-madrid\\\/\"]}]},{\"@type\":\"ImageObject\",\"inLanguage\":\"ca\",\"@id\":\"https:\\\/\\\/dominicasanunciata.org\\\/ca\\\/la-reliquia-pelegrina-del-pare-coll-arriba-a-madrid\\\/#primaryimage\",\"url\":\"https:\\\/\\\/dominicasanunciata.org\\\/wp-content\\\/uploads\\\/2026\\\/08\\\/foto-final-2-scaled.jpg\",\"contentUrl\":\"https:\\\/\\\/dominicasanunciata.org\\\/wp-content\\\/uploads\\\/2026\\\/08\\\/foto-final-2-scaled.jpg\",\"width\":2560,\"height\":1920},{\"@type\":\"BreadcrumbList\",\"@id\":\"https:\\\/\\\/dominicasanunciata.org\\\/ca\\\/la-reliquia-pelegrina-del-pare-coll-arriba-a-madrid\\\/#breadcrumb\",\"itemListElement\":[{\"@type\":\"ListItem\",\"position\":1,\"name\":\"Portada\",\"item\":\"https:\\\/\\\/dominicasanunciata.org\\\/\"},{\"@type\":\"ListItem\",\"position\":2,\"name\":\"La rel\u00edquia pelegrina del Pare Coll arriba a Madrid\"}]},{\"@type\":\"WebSite\",\"@id\":\"https:\\\/\\\/dominicasanunciata.org\\\/#website\",\"url\":\"https:\\\/\\\/dominicasanunciata.org\\\/\",\"name\":\"Dominicas de la Anunciata\",\"description\":\"Dominicas de la Anunciata\",\"potentialAction\":[{\"@type\":\"SearchAction\",\"target\":{\"@type\":\"EntryPoint\",\"urlTemplate\":\"https:\\\/\\\/dominicasanunciata.org\\\/?s={search_term_string}\"},\"query-input\":{\"@type\":\"PropertyValueSpecification\",\"valueRequired\":true,\"valueName\":\"search_term_string\"}}],\"inLanguage\":\"ca\"},{\"@type\":\"Person\",\"@id\":\"https:\\\/\\\/dominicasanunciata.org\\\/#\\\/schema\\\/person\\\/06415c634679ba29db3c825f669e7596\",\"name\":\"glecy\",\"image\":{\"@type\":\"ImageObject\",\"inLanguage\":\"ca\",\"@id\":\"https:\\\/\\\/secure.gravatar.com\\\/avatar\\\/e488e7ceada4edbd029a1f8c9b1a3018a6d9519486d1af49ad228f33f9ec5d69?s=96&d=mm&r=g\",\"url\":\"https:\\\/\\\/secure.gravatar.com\\\/avatar\\\/e488e7ceada4edbd029a1f8c9b1a3018a6d9519486d1af49ad228f33f9ec5d69?s=96&d=mm&r=g\",\"contentUrl\":\"https:\\\/\\\/secure.gravatar.com\\\/avatar\\\/e488e7ceada4edbd029a1f8c9b1a3018a6d9519486d1af49ad228f33f9ec5d69?s=96&d=mm&r=g\",\"caption\":\"glecy\"},\"url\":\"https:\\\/\\\/dominicasanunciata.org\\\/ca\\\/author\\\/glecy\\\/\"}]}<\/script>\n<!-- \/ Yoast SEO plugin. -->","yoast_head_json":{"title":"La rel\u00edquia pelegrina del Pare Coll arriba a Madrid - Dominicas de la Anunciata","robots":{"index":"index","follow":"follow","max-snippet":"max-snippet:-1","max-image-preview":"max-image-preview:large","max-video-preview":"max-video-preview:-1"},"canonical":"https:\/\/dominicasanunciata.org\/ca\/la-reliquia-pelegrina-del-pare-coll-arriba-a-madrid\/","og_locale":"ca_ES","og_type":"article","og_title":"La rel\u00edquia pelegrina del Pare Coll arriba a Madrid - Dominicas de la Anunciata","og_description":"Madrid, 26 d\u2019agost de 2026. Amb profunda emoci\u00f3, alegria i il\u00b7lusi\u00f3, Madrid ha acollit aquest migdia la rel\u00edquia pelegrina de sant Francesc Coll, que continua el seu cam\u00ed com a signe de comuni\u00f3, mem\u00f2ria viva del carisma i renovaci\u00f3 de la missi\u00f3 evangelitzadora de la Congregaci\u00f3. La rel\u00edquia ha arribat a l\u2019aeroport Adolfo Su\u00e1rez Madrid-Barajas &hellip; Continue reading La rel\u00edquia pelegrina del Pare Coll arriba a Madrid &rarr;","og_url":"https:\/\/dominicasanunciata.org\/ca\/la-reliquia-pelegrina-del-pare-coll-arriba-a-madrid\/","og_site_name":"Dominicas de la Anunciata","article_published_time":"2026-08-26T20:04:37+00:00","article_modified_time":"2026-08-26T20:14:17+00:00","og_image":[{"width":2560,"height":1920,"url":"https:\/\/dominicasanunciata.org\/wp-content\/uploads\/2026\/08\/foto-final-2-scaled.jpg","type":"image\/jpeg"}],"author":"glecy","twitter_card":"summary_large_image","twitter_misc":{"Escrit per":"glecy","Temps estimat de lectura":"4 minuts"},"schema":{"@context":"https:\/\/schema.org","@graph":[{"@type":"Article","@id":"https:\/\/dominicasanunciata.org\/ca\/la-reliquia-pelegrina-del-pare-coll-arriba-a-madrid\/#article","isPartOf":{"@id":"https:\/\/dominicasanunciata.org\/ca\/la-reliquia-pelegrina-del-pare-coll-arriba-a-madrid\/"},"author":{"name":"glecy","@id":"https:\/\/dominicasanunciata.org\/#\/schema\/person\/06415c634679ba29db3c825f669e7596"},"headline":"La rel\u00edquia pelegrina del Pare Coll arriba a Madrid","datePublished":"2026-08-26T20:04:37+00:00","dateModified":"2026-08-26T20:14:17+00:00","mainEntityOfPage":{"@id":"https:\/\/dominicasanunciata.org\/ca\/la-reliquia-pelegrina-del-pare-coll-arriba-a-madrid\/"},"wordCount":865,"commentCount":0,"image":{"@id":"https:\/\/dominicasanunciata.org\/ca\/la-reliquia-pelegrina-del-pare-coll-arriba-a-madrid\/#primaryimage"},"thumbnailUrl":"https:\/\/dominicasanunciata.org\/wp-content\/uploads\/2026\/08\/foto-final-2-scaled.jpg","articleSection":["Pelegrinatge"],"inLanguage":"ca","potentialAction":[{"@type":"CommentAction","name":"Comment","target":["https:\/\/dominicasanunciata.org\/ca\/la-reliquia-pelegrina-del-pare-coll-arriba-a-madrid\/#respond"]}]},{"@type":"WebPage","@id":"https:\/\/dominicasanunciata.org\/ca\/la-reliquia-pelegrina-del-pare-coll-arriba-a-madrid\/","url":"https:\/\/dominicasanunciata.org\/ca\/la-reliquia-pelegrina-del-pare-coll-arriba-a-madrid\/","name":"La rel\u00edquia pelegrina del Pare Coll arriba a Madrid - Dominicas de la Anunciata","isPartOf":{"@id":"https:\/\/dominicasanunciata.org\/#website"},"primaryImageOfPage":{"@id":"https:\/\/dominicasanunciata.org\/ca\/la-reliquia-pelegrina-del-pare-coll-arriba-a-madrid\/#primaryimage"},"image":{"@id":"https:\/\/dominicasanunciata.org\/ca\/la-reliquia-pelegrina-del-pare-coll-arriba-a-madrid\/#primaryimage"},"thumbnailUrl":"https:\/\/dominicasanunciata.org\/wp-content\/uploads\/2026\/08\/foto-final-2-scaled.jpg","datePublished":"2026-08-26T20:04:37+00:00","dateModified":"2026-08-26T20:14:17+00:00","author":{"@id":"https:\/\/dominicasanunciata.org\/#\/schema\/person\/06415c634679ba29db3c825f669e7596"},"breadcrumb":{"@id":"https:\/\/dominicasanunciata.org\/ca\/la-reliquia-pelegrina-del-pare-coll-arriba-a-madrid\/#breadcrumb"},"inLanguage":"ca","potentialAction":[{"@type":"ReadAction","target":["https:\/\/dominicasanunciata.org\/ca\/la-reliquia-pelegrina-del-pare-coll-arriba-a-madrid\/"]}]},{"@type":"ImageObject","inLanguage":"ca","@id":"https:\/\/dominicasanunciata.org\/ca\/la-reliquia-pelegrina-del-pare-coll-arriba-a-madrid\/#primaryimage","url":"https:\/\/dominicasanunciata.org\/wp-content\/uploads\/2026\/08\/foto-final-2-scaled.jpg","contentUrl":"https:\/\/dominicasanunciata.org\/wp-content\/uploads\/2026\/08\/foto-final-2-scaled.jpg","width":2560,"height":1920},{"@type":"BreadcrumbList","@id":"https:\/\/dominicasanunciata.org\/ca\/la-reliquia-pelegrina-del-pare-coll-arriba-a-madrid\/#breadcrumb","itemListElement":[{"@type":"ListItem","position":1,"name":"Portada","item":"https:\/\/dominicasanunciata.org\/"},{"@type":"ListItem","position":2,"name":"La rel\u00edquia pelegrina del Pare Coll arriba a Madrid"}]},{"@type":"WebSite","@id":"https:\/\/dominicasanunciata.org\/#website","url":"https:\/\/dominicasanunciata.org\/","name":"Dominicas de la Anunciata","description":"Dominicas de la Anunciata","potentialAction":[{"@type":"SearchAction","target":{"@type":"EntryPoint","urlTemplate":"https:\/\/dominicasanunciata.org\/?s={search_term_string}"},"query-input":{"@type":"PropertyValueSpecification","valueRequired":true,"valueName":"search_term_string"}}],"inLanguage":"ca"},{"@type":"Person","@id":"https:\/\/dominicasanunciata.org\/#\/schema\/person\/06415c634679ba29db3c825f669e7596","name":"glecy","image":{"@type":"ImageObject","inLanguage":"ca","@id":"https:\/\/secure.gravatar.com\/avatar\/e488e7ceada4edbd029a1f8c9b1a3018a6d9519486d1af49ad228f33f9ec5d69?s=96&d=mm&r=g","url":"https:\/\/secure.gravatar.com\/avatar\/e488e7ceada4edbd029a1f8c9b1a3018a6d9519486d1af49ad228f33f9ec5d69?s=96&d=mm&r=g","contentUrl":"https:\/\/secure.gravatar.com\/avatar\/e488e7ceada4edbd029a1f8c9b1a3018a6d9519486d1af49ad228f33f9ec5d69?s=96&d=mm&r=g","caption":"glecy"},"url":"https:\/\/dominicasanunciata.org\/ca\/author\/glecy\/"}]}},"_links":{"self":[{"href":"https:\/\/dominicasanunciata.org\/ca\/wp-json\/wp\/v2\/posts\/73458","targetHints":{"allow":["GET"]}}],"collection":[{"href":"https:\/\/dominicasanunciata.org\/ca\/wp-json\/wp\/v2\/posts"}],"about":[{"href":"https:\/\/dominicasanunciata.org\/ca\/wp-json\/wp\/v2\/types\/post"}],"author":[{"embeddable":true,"href":"https:\/\/dominicasanunciata.org\/ca\/wp-json\/wp\/v2\/users\/7"}],"replies":[{"embeddable":true,"href":"https:\/\/dominicasanunciata.org\/ca\/wp-json\/wp\/v2\/comments?post=73458"}],"version-history":[{"count":1,"href":"https:\/\/dominicasanunciata.org\/ca\/wp-json\/wp\/v2\/posts\/73458\/revisions"}],"predecessor-version":[{"id":73459,"href":"https:\/\/dominicasanunciata.org\/ca\/wp-json\/wp\/v2\/posts\/73458\/revisions\/73459"}],"wp:featuredmedia":[{"embeddable":true,"href":"https:\/\/dominicasanunciata.org\/ca\/wp-json\/wp\/v2\/media\/73389"}],"wp:attachment":[{"href":"https:\/\/dominicasanunciata.org\/ca\/wp-json\/wp\/v2\/media?parent=73458"}],"wp:term":[{"taxonomy":"category","embeddable":true,"href":"https:\/\/dominicasanunciata.org\/ca\/wp-json\/wp\/v2\/categories?post=73458"},{"taxonomy":"post_tag","embeddable":true,"href":"https:\/\/dominicasanunciata.org\/ca\/wp-json\/wp\/v2\/tags?post=73458"}],"curies":[{"name":"wp","href":"https:\/\/api.w.org\/{rel}","templated":true}]}}