{"id":73307,"date":"2026-08-22T11:27:52","date_gmt":"2026-08-22T09:27:52","guid":{"rendered":"https:\/\/dominicasanunciata.org\/?p=73307"},"modified":"2026-08-22T16:40:45","modified_gmt":"2026-08-22T14:40:45","slug":"xxi-diumenge-del-temps-de-durant-lany-23-dagost-de-2026","status":"publish","type":"post","link":"https:\/\/dominicasanunciata.org\/ca\/xxi-diumenge-del-temps-de-durant-lany-23-dagost-de-2026\/","title":{"rendered":"XXI Diumenge del temps de durant l\u2019any \u2013 23 d\u2019agost de 2026\u00a0"},"content":{"rendered":"\n<p class=\"wp-block-paragraph\">\u00abI vosaltres, qui dieu que soc jo?\u00bb (Mt 16, 15).<\/p>\n\n\n\n<p class=\"wp-block-paragraph\">Aquesta pregunta de Jes\u00fas arriba tamb\u00e9 avui al nostre cor. No busca una resposta apresa, sin\u00f3 una resposta personal. Jes\u00fas vol saber quin lloc ocupa en la nostra vida. Pere respon: \u00abTu ets el Messies, el Fill del D\u00e9u viu\u00bb (Mt 16, 16). En aquestes paraules descobrim que Jes\u00fas no \u00e9s simplement un mestre o una figura del passat. \u00c9s el Fill de D\u00e9u, aquell que ens coneix, ens estima i ens convida a seguir-lo.<\/p>\n\n\n\n<p class=\"wp-block-paragraph\">Con\u00e8ixer Jes\u00fas \u00e9s molt m\u00e9s que saber coses sobre Ell. \u00c9s trobar-se amb la seva persona, escoltar la seva Paraula, deixar-se mirar pel seu amor i descobrir que la seva pres\u00e8ncia transforma la nostra vida. Quan coneixem veritablement Jes\u00fas, neix en nosaltres el desig d\u2019estimar-lo i seguir-lo. Per aix\u00f2, la seva invitaci\u00f3 continua sent actual: \u00abVine i segueix-me\u00bb (Mt 19, 21).<\/p>\n\n\n\n<p class=\"wp-block-paragraph\">Seguir Jes\u00fas significa aprendre a viure com Ell: estimar, servir, perdonar, acompanyar, acollir i anunciar l\u2019Evangeli. No significa tenir totes les respostes ni una vida perfecta. Significa confiar en Ell i caminar al seu costat. \u00abLes meves ovelles escolten la meva veu; jo les conec i elles em segueixen\u00bb (Jn 10, 27). Tota vocaci\u00f3 comen\u00e7a amb aquesta escolta. Jes\u00fas continua cridant i continua pronunciant el nostre nom.<\/p>\n\n\n\n<p class=\"wp-block-paragraph\">La seva veu pot fer-se present en la preg\u00e0ria, en la seva Paraula, en les persones que trobem, en les necessitats del m\u00f3n i en aquest desig interior de lliurar la nostra vida per amor. En aquest <strong>Any Vocacional de la Congregaci\u00f3<\/strong>, som convidades a renovar la nostra capacitat d\u2019escoltar i a ajudar els altres a descobrir que Jes\u00fas tamb\u00e9 els crida. \u00c9s una oportunitat per preguntar-nos: qu\u00e8 vol Jes\u00fas de mi? A qu\u00e8 em crida? On puc lliurar la meva vida amb m\u00e9s amor?<\/p>\n\n\n\n<p class=\"wp-block-paragraph\">La <strong>vida consagrada<\/strong> \u00e9s un cam\u00ed concret de seguiment de Jes\u00fas. Ell continua cridant homes i dones a lliurar la seva vida a l\u2019Evangeli, a la preg\u00e0ria, a la comunitat i a la missi\u00f3. Per aix\u00f2, a qui sent una inquietud al cor, li proposem que no tingui por d\u2019escoltar. Potser Jes\u00fas l\u2019est\u00e0 convidant a seguir-lo en la vida consagrada. La seva crida continua sent: \u00abVine i segueix-me\u00bb.<\/p>\n\n\n\n<p class=\"wp-block-paragraph\">Celebrar els <strong>170 anys de la fundaci\u00f3 de les Germanes Dominiques de l\u2019Anunciata<\/strong> \u00e9s celebrar una hist\u00f2ria teixida per D\u00e9u. Al llarg d\u2019aquests anys, moltes germanes han escoltat la veu de Jes\u00fas i hi han respost amb generositat, portant l\u2019Evangeli a diferents llocs mitjan\u00e7ant l\u2019educaci\u00f3, la predicaci\u00f3, la proximitat i el servei. Des dels inicis, el somni de sant Francesc Coll ha estat anunciar Jes\u00fas i ajudar les persones a descobrir l\u2019amor de D\u00e9u.<\/p>\n\n\n\n<p class=\"wp-block-paragraph\">Avui rebem aquests 170 anys com un do i com una crida a continuar la missi\u00f3. \u00abAneu, doncs, i feu deixebles de tots els pobles\u00bb (Mt 28, 19). Evangelitzar \u00e9s proposar una trobada amb Jes\u00fas, ajudar cada persona a escoltar la seva veu i acompanyar-la perqu\u00e8 pugui respondre lliurement a la seva crida.<\/p>\n\n\n\n<p class=\"wp-block-paragraph\">Avui Jes\u00fas ens torna a preguntar: \u00abQui soc jo per a tu?\u00bb Con\u00e8ixer-lo, estimar-lo, seguir-lo i anunciar-lo formen part d\u2019un mateix cam\u00ed.<\/p>\n\n\n\n<p class=\"wp-block-paragraph\">Potser avui Jes\u00fas et crida. No tinguis por d\u2019escoltar. No tinguis por de respondre.<\/p>\n\n\n\n<p class=\"wp-block-paragraph\"><strong>\u00abVine i segueix-me\u00bb.<\/strong><\/p>\n\n\n\n<p class=\"wp-block-paragraph\">T\u2019atreveixes a escoltar la seva veu i a seguir-lo?<\/p>\n\n\n\n<figure class=\"wp-block-image size-full is-resized\"><img loading=\"lazy\" decoding=\"async\" width=\"437\" height=\"435\" src=\"https:\/\/dominicasanunciata.org\/wp-content\/uploads\/2026\/08\/Captura-de-pantalla-2026-08-22-111320.png\" alt=\"\" class=\"wp-image-73302\" style=\"aspect-ratio:1.0046082949308757;width:191px;height:auto\" srcset=\"https:\/\/dominicasanunciata.org\/wp-content\/uploads\/2026\/08\/Captura-de-pantalla-2026-08-22-111320.png 437w, https:\/\/dominicasanunciata.org\/wp-content\/uploads\/2026\/08\/Captura-de-pantalla-2026-08-22-111320-300x300.png 300w, https:\/\/dominicasanunciata.org\/wp-content\/uploads\/2026\/08\/Captura-de-pantalla-2026-08-22-111320-150x150.png 150w\" sizes=\"auto, (max-width: 437px) 100vw, 437px\" \/><\/figure>\n\n\n\n<p class=\"has-text-color has-link-color wp-elements-1 wp-block-paragraph\" style=\"color:#137477\"><strong><em>Gna. Glecy Punongbayan&nbsp;&nbsp;<\/em><\/strong><\/p>\n\n\n\n<p class=\"has-text-color has-link-color wp-elements-2 wp-block-paragraph\" style=\"color:#137477\"><strong><em>Cases dependents de la Priora General<\/em><\/strong><\/p>\n\n\n\n<p class=\"wp-block-paragraph\"><\/p>\n\n\n\n<p class=\"wp-block-paragraph\"><\/p>\n\n\n\n<p class=\"wp-block-paragraph\"><\/p>\n\n\n\n<p class=\"wp-block-paragraph\"><\/p>\n","protected":false},"excerpt":{"rendered":"<p>\u00abI vosaltres, qui dieu que soc jo?\u00bb (Mt 16, 15). Aquesta pregunta de Jes\u00fas arriba tamb\u00e9 avui al nostre cor. No busca una resposta apresa, sin\u00f3 una resposta personal. Jes\u00fas vol saber quin lloc ocupa en la nostra vida. Pere respon: \u00abTu ets el Messies, el Fill del D\u00e9u viu\u00bb (Mt 16, 16). En aquestes &hellip; <a href=\"https:\/\/dominicasanunciata.org\/ca\/xxi-diumenge-del-temps-de-durant-lany-23-dagost-de-2026\/\" class=\"more-link\">Continue reading <span class=\"screen-reader-text\">XXI Diumenge del temps de durant l\u2019any \u2013 23 d\u2019agost de 2026\u00a0<\/span> <span class=\"meta-nav\">&rarr;<\/span><\/a><\/p>\n","protected":false},"author":7,"featured_media":73333,"comment_status":"open","ping_status":"closed","sticky":false,"template":"","format":"standard","meta":{"footnotes":""},"categories":[36],"tags":[],"class_list":["post-73307","post","type-post","status-publish","format-standard","has-post-thumbnail","hentry","category-palabra-de-dios-ca"],"yoast_head":"<!-- This site is optimized with the Yoast SEO plugin v28.3 - https:\/\/yoast.com\/product\/yoast-seo-wordpress\/ -->\n<title>XXI Diumenge del temps de durant l\u2019any \u2013 23 d\u2019agost de 2026\u00a0 - Dominicas de la Anunciata<\/title>\n<meta name=\"robots\" content=\"index, follow, max-snippet:-1, max-image-preview:large, max-video-preview:-1\" \/>\n<link rel=\"canonical\" href=\"https:\/\/dominicasanunciata.org\/ca\/xxi-diumenge-del-temps-de-durant-lany-23-dagost-de-2026\/\" \/>\n<meta property=\"og:locale\" content=\"ca_ES\" \/>\n<meta property=\"og:type\" content=\"article\" \/>\n<meta property=\"og:title\" content=\"XXI Diumenge del temps de durant l\u2019any \u2013 23 d\u2019agost de 2026\u00a0 - Dominicas de la Anunciata\" \/>\n<meta property=\"og:description\" content=\"\u00abI vosaltres, qui dieu que soc jo?\u00bb (Mt 16, 15). Aquesta pregunta de Jes\u00fas arriba tamb\u00e9 avui al nostre cor. No busca una resposta apresa, sin\u00f3 una resposta personal. Jes\u00fas vol saber quin lloc ocupa en la nostra vida. Pere respon: \u00abTu ets el Messies, el Fill del D\u00e9u viu\u00bb (Mt 16, 16). En aquestes &hellip; Continue reading XXI Diumenge del temps de durant l\u2019any \u2013 23 d\u2019agost de 2026\u00a0 &rarr;\" \/>\n<meta property=\"og:url\" content=\"https:\/\/dominicasanunciata.org\/ca\/xxi-diumenge-del-temps-de-durant-lany-23-dagost-de-2026\/\" \/>\n<meta property=\"og:site_name\" content=\"Dominicas de la Anunciata\" \/>\n<meta property=\"article:published_time\" content=\"2026-08-22T09:27:52+00:00\" \/>\n<meta property=\"article:modified_time\" content=\"2026-08-22T14:40:45+00:00\" \/>\n<meta property=\"og:image\" content=\"https:\/\/dominicasanunciata.org\/wp-content\/uploads\/2026\/08\/PORTADA-WEB-4-1024x576.png\" \/>\n\t<meta property=\"og:image:width\" content=\"1024\" \/>\n\t<meta property=\"og:image:height\" content=\"576\" \/>\n\t<meta property=\"og:image:type\" content=\"image\/png\" \/>\n<meta name=\"author\" content=\"glecy\" \/>\n<meta name=\"twitter:card\" content=\"summary_large_image\" \/>\n<meta name=\"twitter:label1\" content=\"Escrit per\" \/>\n\t<meta name=\"twitter:data1\" content=\"glecy\" \/>\n\t<meta name=\"twitter:label2\" content=\"Temps estimat de lectura\" \/>\n\t<meta name=\"twitter:data2\" content=\"3 minuts\" \/>\n<script type=\"application\/ld+json\" class=\"yoast-schema-graph\">{\"@context\":\"https:\\\/\\\/schema.org\",\"@graph\":[{\"@type\":\"Article\",\"@id\":\"https:\\\/\\\/dominicasanunciata.org\\\/ca\\\/xxi-diumenge-del-temps-de-durant-lany-23-dagost-de-2026\\\/#article\",\"isPartOf\":{\"@id\":\"https:\\\/\\\/dominicasanunciata.org\\\/ca\\\/xxi-diumenge-del-temps-de-durant-lany-23-dagost-de-2026\\\/\"},\"author\":{\"name\":\"glecy\",\"@id\":\"https:\\\/\\\/dominicasanunciata.org\\\/#\\\/schema\\\/person\\\/06415c634679ba29db3c825f669e7596\"},\"headline\":\"XXI Diumenge del temps de durant l\u2019any \u2013 23 d\u2019agost de 2026\u00a0\",\"datePublished\":\"2026-08-22T09:27:52+00:00\",\"dateModified\":\"2026-08-22T14:40:45+00:00\",\"mainEntityOfPage\":{\"@id\":\"https:\\\/\\\/dominicasanunciata.org\\\/ca\\\/xxi-diumenge-del-temps-de-durant-lany-23-dagost-de-2026\\\/\"},\"wordCount\":596,\"commentCount\":0,\"image\":{\"@id\":\"https:\\\/\\\/dominicasanunciata.org\\\/ca\\\/xxi-diumenge-del-temps-de-durant-lany-23-dagost-de-2026\\\/#primaryimage\"},\"thumbnailUrl\":\"https:\\\/\\\/dominicasanunciata.org\\\/wp-content\\\/uploads\\\/2026\\\/08\\\/PORTADA-WEB-4.png\",\"articleSection\":[\"Palabra de Dios\"],\"inLanguage\":\"ca\",\"potentialAction\":[{\"@type\":\"CommentAction\",\"name\":\"Comment\",\"target\":[\"https:\\\/\\\/dominicasanunciata.org\\\/ca\\\/xxi-diumenge-del-temps-de-durant-lany-23-dagost-de-2026\\\/#respond\"]}]},{\"@type\":\"WebPage\",\"@id\":\"https:\\\/\\\/dominicasanunciata.org\\\/ca\\\/xxi-diumenge-del-temps-de-durant-lany-23-dagost-de-2026\\\/\",\"url\":\"https:\\\/\\\/dominicasanunciata.org\\\/ca\\\/xxi-diumenge-del-temps-de-durant-lany-23-dagost-de-2026\\\/\",\"name\":\"XXI Diumenge del temps de durant l\u2019any \u2013 23 d\u2019agost de 2026\u00a0 - Dominicas de la Anunciata\",\"isPartOf\":{\"@id\":\"https:\\\/\\\/dominicasanunciata.org\\\/#website\"},\"primaryImageOfPage\":{\"@id\":\"https:\\\/\\\/dominicasanunciata.org\\\/ca\\\/xxi-diumenge-del-temps-de-durant-lany-23-dagost-de-2026\\\/#primaryimage\"},\"image\":{\"@id\":\"https:\\\/\\\/dominicasanunciata.org\\\/ca\\\/xxi-diumenge-del-temps-de-durant-lany-23-dagost-de-2026\\\/#primaryimage\"},\"thumbnailUrl\":\"https:\\\/\\\/dominicasanunciata.org\\\/wp-content\\\/uploads\\\/2026\\\/08\\\/PORTADA-WEB-4.png\",\"datePublished\":\"2026-08-22T09:27:52+00:00\",\"dateModified\":\"2026-08-22T14:40:45+00:00\",\"author\":{\"@id\":\"https:\\\/\\\/dominicasanunciata.org\\\/#\\\/schema\\\/person\\\/06415c634679ba29db3c825f669e7596\"},\"breadcrumb\":{\"@id\":\"https:\\\/\\\/dominicasanunciata.org\\\/ca\\\/xxi-diumenge-del-temps-de-durant-lany-23-dagost-de-2026\\\/#breadcrumb\"},\"inLanguage\":\"ca\",\"potentialAction\":[{\"@type\":\"ReadAction\",\"target\":[\"https:\\\/\\\/dominicasanunciata.org\\\/ca\\\/xxi-diumenge-del-temps-de-durant-lany-23-dagost-de-2026\\\/\"]}]},{\"@type\":\"ImageObject\",\"inLanguage\":\"ca\",\"@id\":\"https:\\\/\\\/dominicasanunciata.org\\\/ca\\\/xxi-diumenge-del-temps-de-durant-lany-23-dagost-de-2026\\\/#primaryimage\",\"url\":\"https:\\\/\\\/dominicasanunciata.org\\\/wp-content\\\/uploads\\\/2026\\\/08\\\/PORTADA-WEB-4.png\",\"contentUrl\":\"https:\\\/\\\/dominicasanunciata.org\\\/wp-content\\\/uploads\\\/2026\\\/08\\\/PORTADA-WEB-4.png\",\"width\":2048,\"height\":1152},{\"@type\":\"BreadcrumbList\",\"@id\":\"https:\\\/\\\/dominicasanunciata.org\\\/ca\\\/xxi-diumenge-del-temps-de-durant-lany-23-dagost-de-2026\\\/#breadcrumb\",\"itemListElement\":[{\"@type\":\"ListItem\",\"position\":1,\"name\":\"Portada\",\"item\":\"https:\\\/\\\/dominicasanunciata.org\\\/\"},{\"@type\":\"ListItem\",\"position\":2,\"name\":\"XXI Diumenge del temps de durant l\u2019any \u2013 23 d\u2019agost de 2026\u00a0\"}]},{\"@type\":\"WebSite\",\"@id\":\"https:\\\/\\\/dominicasanunciata.org\\\/#website\",\"url\":\"https:\\\/\\\/dominicasanunciata.org\\\/\",\"name\":\"Dominicas de la Anunciata\",\"description\":\"Dominicas de la Anunciata\",\"potentialAction\":[{\"@type\":\"SearchAction\",\"target\":{\"@type\":\"EntryPoint\",\"urlTemplate\":\"https:\\\/\\\/dominicasanunciata.org\\\/?s={search_term_string}\"},\"query-input\":{\"@type\":\"PropertyValueSpecification\",\"valueRequired\":true,\"valueName\":\"search_term_string\"}}],\"inLanguage\":\"ca\"},{\"@type\":\"Person\",\"@id\":\"https:\\\/\\\/dominicasanunciata.org\\\/#\\\/schema\\\/person\\\/06415c634679ba29db3c825f669e7596\",\"name\":\"glecy\",\"image\":{\"@type\":\"ImageObject\",\"inLanguage\":\"ca\",\"@id\":\"https:\\\/\\\/secure.gravatar.com\\\/avatar\\\/e488e7ceada4edbd029a1f8c9b1a3018a6d9519486d1af49ad228f33f9ec5d69?s=96&d=mm&r=g\",\"url\":\"https:\\\/\\\/secure.gravatar.com\\\/avatar\\\/e488e7ceada4edbd029a1f8c9b1a3018a6d9519486d1af49ad228f33f9ec5d69?s=96&d=mm&r=g\",\"contentUrl\":\"https:\\\/\\\/secure.gravatar.com\\\/avatar\\\/e488e7ceada4edbd029a1f8c9b1a3018a6d9519486d1af49ad228f33f9ec5d69?s=96&d=mm&r=g\",\"caption\":\"glecy\"},\"url\":\"https:\\\/\\\/dominicasanunciata.org\\\/ca\\\/author\\\/glecy\\\/\"}]}<\/script>\n<!-- \/ Yoast SEO plugin. -->","yoast_head_json":{"title":"XXI Diumenge del temps de durant l\u2019any \u2013 23 d\u2019agost de 2026\u00a0 - Dominicas de la Anunciata","robots":{"index":"index","follow":"follow","max-snippet":"max-snippet:-1","max-image-preview":"max-image-preview:large","max-video-preview":"max-video-preview:-1"},"canonical":"https:\/\/dominicasanunciata.org\/ca\/xxi-diumenge-del-temps-de-durant-lany-23-dagost-de-2026\/","og_locale":"ca_ES","og_type":"article","og_title":"XXI Diumenge del temps de durant l\u2019any \u2013 23 d\u2019agost de 2026\u00a0 - Dominicas de la Anunciata","og_description":"\u00abI vosaltres, qui dieu que soc jo?\u00bb (Mt 16, 15). Aquesta pregunta de Jes\u00fas arriba tamb\u00e9 avui al nostre cor. No busca una resposta apresa, sin\u00f3 una resposta personal. Jes\u00fas vol saber quin lloc ocupa en la nostra vida. Pere respon: \u00abTu ets el Messies, el Fill del D\u00e9u viu\u00bb (Mt 16, 16). En aquestes &hellip; Continue reading XXI Diumenge del temps de durant l\u2019any \u2013 23 d\u2019agost de 2026\u00a0 &rarr;","og_url":"https:\/\/dominicasanunciata.org\/ca\/xxi-diumenge-del-temps-de-durant-lany-23-dagost-de-2026\/","og_site_name":"Dominicas de la Anunciata","article_published_time":"2026-08-22T09:27:52+00:00","article_modified_time":"2026-08-22T14:40:45+00:00","og_image":[{"width":1024,"height":576,"url":"https:\/\/dominicasanunciata.org\/wp-content\/uploads\/2026\/08\/PORTADA-WEB-4-1024x576.png","type":"image\/png"}],"author":"glecy","twitter_card":"summary_large_image","twitter_misc":{"Escrit per":"glecy","Temps estimat de lectura":"3 minuts"},"schema":{"@context":"https:\/\/schema.org","@graph":[{"@type":"Article","@id":"https:\/\/dominicasanunciata.org\/ca\/xxi-diumenge-del-temps-de-durant-lany-23-dagost-de-2026\/#article","isPartOf":{"@id":"https:\/\/dominicasanunciata.org\/ca\/xxi-diumenge-del-temps-de-durant-lany-23-dagost-de-2026\/"},"author":{"name":"glecy","@id":"https:\/\/dominicasanunciata.org\/#\/schema\/person\/06415c634679ba29db3c825f669e7596"},"headline":"XXI Diumenge del temps de durant l\u2019any \u2013 23 d\u2019agost de 2026\u00a0","datePublished":"2026-08-22T09:27:52+00:00","dateModified":"2026-08-22T14:40:45+00:00","mainEntityOfPage":{"@id":"https:\/\/dominicasanunciata.org\/ca\/xxi-diumenge-del-temps-de-durant-lany-23-dagost-de-2026\/"},"wordCount":596,"commentCount":0,"image":{"@id":"https:\/\/dominicasanunciata.org\/ca\/xxi-diumenge-del-temps-de-durant-lany-23-dagost-de-2026\/#primaryimage"},"thumbnailUrl":"https:\/\/dominicasanunciata.org\/wp-content\/uploads\/2026\/08\/PORTADA-WEB-4.png","articleSection":["Palabra de Dios"],"inLanguage":"ca","potentialAction":[{"@type":"CommentAction","name":"Comment","target":["https:\/\/dominicasanunciata.org\/ca\/xxi-diumenge-del-temps-de-durant-lany-23-dagost-de-2026\/#respond"]}]},{"@type":"WebPage","@id":"https:\/\/dominicasanunciata.org\/ca\/xxi-diumenge-del-temps-de-durant-lany-23-dagost-de-2026\/","url":"https:\/\/dominicasanunciata.org\/ca\/xxi-diumenge-del-temps-de-durant-lany-23-dagost-de-2026\/","name":"XXI Diumenge del temps de durant l\u2019any \u2013 23 d\u2019agost de 2026\u00a0 - Dominicas de la Anunciata","isPartOf":{"@id":"https:\/\/dominicasanunciata.org\/#website"},"primaryImageOfPage":{"@id":"https:\/\/dominicasanunciata.org\/ca\/xxi-diumenge-del-temps-de-durant-lany-23-dagost-de-2026\/#primaryimage"},"image":{"@id":"https:\/\/dominicasanunciata.org\/ca\/xxi-diumenge-del-temps-de-durant-lany-23-dagost-de-2026\/#primaryimage"},"thumbnailUrl":"https:\/\/dominicasanunciata.org\/wp-content\/uploads\/2026\/08\/PORTADA-WEB-4.png","datePublished":"2026-08-22T09:27:52+00:00","dateModified":"2026-08-22T14:40:45+00:00","author":{"@id":"https:\/\/dominicasanunciata.org\/#\/schema\/person\/06415c634679ba29db3c825f669e7596"},"breadcrumb":{"@id":"https:\/\/dominicasanunciata.org\/ca\/xxi-diumenge-del-temps-de-durant-lany-23-dagost-de-2026\/#breadcrumb"},"inLanguage":"ca","potentialAction":[{"@type":"ReadAction","target":["https:\/\/dominicasanunciata.org\/ca\/xxi-diumenge-del-temps-de-durant-lany-23-dagost-de-2026\/"]}]},{"@type":"ImageObject","inLanguage":"ca","@id":"https:\/\/dominicasanunciata.org\/ca\/xxi-diumenge-del-temps-de-durant-lany-23-dagost-de-2026\/#primaryimage","url":"https:\/\/dominicasanunciata.org\/wp-content\/uploads\/2026\/08\/PORTADA-WEB-4.png","contentUrl":"https:\/\/dominicasanunciata.org\/wp-content\/uploads\/2026\/08\/PORTADA-WEB-4.png","width":2048,"height":1152},{"@type":"BreadcrumbList","@id":"https:\/\/dominicasanunciata.org\/ca\/xxi-diumenge-del-temps-de-durant-lany-23-dagost-de-2026\/#breadcrumb","itemListElement":[{"@type":"ListItem","position":1,"name":"Portada","item":"https:\/\/dominicasanunciata.org\/"},{"@type":"ListItem","position":2,"name":"XXI Diumenge del temps de durant l\u2019any \u2013 23 d\u2019agost de 2026\u00a0"}]},{"@type":"WebSite","@id":"https:\/\/dominicasanunciata.org\/#website","url":"https:\/\/dominicasanunciata.org\/","name":"Dominicas de la Anunciata","description":"Dominicas de la Anunciata","potentialAction":[{"@type":"SearchAction","target":{"@type":"EntryPoint","urlTemplate":"https:\/\/dominicasanunciata.org\/?s={search_term_string}"},"query-input":{"@type":"PropertyValueSpecification","valueRequired":true,"valueName":"search_term_string"}}],"inLanguage":"ca"},{"@type":"Person","@id":"https:\/\/dominicasanunciata.org\/#\/schema\/person\/06415c634679ba29db3c825f669e7596","name":"glecy","image":{"@type":"ImageObject","inLanguage":"ca","@id":"https:\/\/secure.gravatar.com\/avatar\/e488e7ceada4edbd029a1f8c9b1a3018a6d9519486d1af49ad228f33f9ec5d69?s=96&d=mm&r=g","url":"https:\/\/secure.gravatar.com\/avatar\/e488e7ceada4edbd029a1f8c9b1a3018a6d9519486d1af49ad228f33f9ec5d69?s=96&d=mm&r=g","contentUrl":"https:\/\/secure.gravatar.com\/avatar\/e488e7ceada4edbd029a1f8c9b1a3018a6d9519486d1af49ad228f33f9ec5d69?s=96&d=mm&r=g","caption":"glecy"},"url":"https:\/\/dominicasanunciata.org\/ca\/author\/glecy\/"}]}},"_links":{"self":[{"href":"https:\/\/dominicasanunciata.org\/ca\/wp-json\/wp\/v2\/posts\/73307","targetHints":{"allow":["GET"]}}],"collection":[{"href":"https:\/\/dominicasanunciata.org\/ca\/wp-json\/wp\/v2\/posts"}],"about":[{"href":"https:\/\/dominicasanunciata.org\/ca\/wp-json\/wp\/v2\/types\/post"}],"author":[{"embeddable":true,"href":"https:\/\/dominicasanunciata.org\/ca\/wp-json\/wp\/v2\/users\/7"}],"replies":[{"embeddable":true,"href":"https:\/\/dominicasanunciata.org\/ca\/wp-json\/wp\/v2\/comments?post=73307"}],"version-history":[{"count":2,"href":"https:\/\/dominicasanunciata.org\/ca\/wp-json\/wp\/v2\/posts\/73307\/revisions"}],"predecessor-version":[{"id":73338,"href":"https:\/\/dominicasanunciata.org\/ca\/wp-json\/wp\/v2\/posts\/73307\/revisions\/73338"}],"wp:featuredmedia":[{"embeddable":true,"href":"https:\/\/dominicasanunciata.org\/ca\/wp-json\/wp\/v2\/media\/73333"}],"wp:attachment":[{"href":"https:\/\/dominicasanunciata.org\/ca\/wp-json\/wp\/v2\/media?parent=73307"}],"wp:term":[{"taxonomy":"category","embeddable":true,"href":"https:\/\/dominicasanunciata.org\/ca\/wp-json\/wp\/v2\/categories?post=73307"},{"taxonomy":"post_tag","embeddable":true,"href":"https:\/\/dominicasanunciata.org\/ca\/wp-json\/wp\/v2\/tags?post=73307"}],"curies":[{"name":"wp","href":"https:\/\/api.w.org\/{rel}","templated":true}]}}