{"id":72994,"date":"2026-08-07T15:03:10","date_gmt":"2026-08-07T13:03:10","guid":{"rendered":"https:\/\/dominicasanunciata.org\/?p=72994"},"modified":"2026-08-07T16:11:31","modified_gmt":"2026-08-07T14:11:31","slug":"felicitacio-per-la-festa-de-sant-domenec-de-guzma","status":"publish","type":"post","link":"https:\/\/dominicasanunciata.org\/ca\/felicitacio-per-la-festa-de-sant-domenec-de-guzma\/","title":{"rendered":"FELICITACI\u00d3 PER LA FESTA DE SANT DOM\u00c8NEC DE GUZM\u00c0"},"content":{"rendered":"\n<p class=\"has-text-color has-link-color wp-elements-1 wp-block-paragraph\" style=\"color:#07687c;font-size:17px\">Estimades germanes i estimats amics,<\/p>\n\n\n\n<p class=\"has-text-color has-link-color wp-elements-2 wp-block-paragraph\" style=\"color:#07687c;font-size:17px\">Bona festa!<\/p>\n\n\n\n<p class=\"has-text-color has-link-color wp-elements-3 wp-block-paragraph\" style=\"color:#07687c;font-size:17px\">Enguany recordem el lloc on es va iniciar aquest gran projecte de D\u00e9u per a l&#8217;Esgl\u00e9sia i per al m\u00f3n a trav\u00e9s de sant Dom\u00e8nec de Guzm\u00e0.<\/p>\n\n\n\n<p class=\"has-text-color has-link-color wp-elements-4 wp-block-paragraph\" style=\"color:#07687c;font-size:17px\">\u00c9s aqu\u00ed on sant Dom\u00e8nec va tenir una visi\u00f3 molt important: mentre pregava, va veure els dos grans Ap\u00f2stols: sant Pere, que li lliur\u00e0 un bast\u00f3, signe de la missi\u00f3 apost\u00f2lica, i sant Pau, que li lliur\u00e0 un llibre, signe de l&#8217;Evangeli i de la Paraula que havia d&#8217;anunciar. Aleshores tots dos li digueren: \u00abV\u00e9s i predica, perqu\u00e8 per a aix\u00f2 D\u00e9u t&#8217;ha cridat.\u00bb<\/p>\n\n\n\n<p class=\"has-text-color has-link-color wp-elements-5 wp-block-paragraph\" style=\"color:#07687c;font-size:17px\">L&#8217;Orde dels Predicadors es va estendre arreu del m\u00f3n i, en la diversitat de les seves branques, continua anunciant la Bona Nova de D\u00e9u tot mantenint els elements essencials del seu carisma.<\/p>\n\n\n\n<p class=\"has-text-color has-link-color wp-elements-6 wp-block-paragraph\" style=\"color:#07687c;font-size:17px\">La Fam\u00edlia Anunciata tamb\u00e9 avui celebra aquesta festa i renova el desig de fer vida cada dia all\u00f2 que som cridats a viure: lloar, beneir i predicar.<\/p>\n\n\n\n<p class=\"has-text-color has-link-color wp-elements-7 wp-block-paragraph\" style=\"color:#07687c;font-size:17px\">Des d&#8217;una escolta contemplativa de la realitat, volem discernir la voluntat de D\u00e9u i respondre-hi amb alegria, fidelitat, comprom\u00eds i responsabilitat.<\/p>\n\n\n\n<p class=\"has-text-color has-link-color wp-elements-8 wp-block-paragraph\" style=\"color:#07687c;font-size:17px\">Des de Caleruega, terra natal de sant Dom\u00e8nec, us desitgem una molt bona festa.<\/p>\n\n\n<div class=\"wp-block-image\">\n<figure class=\"aligncenter size-full\"><img loading=\"lazy\" decoding=\"async\" width=\"269\" height=\"290\" src=\"https:\/\/dominicasanunciata.org\/wp-content\/uploads\/2026\/08\/Captura-de-pantalla-2026-08-07-145043.png\" alt=\"\" class=\"wp-image-72939\"\/><\/figure>\n<\/div>\n\n\n<div class=\"wp-block-group is-vertical is-content-justification-center is-layout-flex wp-container-core-group-is-layout-524f8de7 wp-block-group-is-layout-flex\">\n<p class=\"has-text-color has-link-color wp-elements-9 wp-block-paragraph\" style=\"color:#11788c;font-size:17px\"><strong>Gna. Ana Bel\u00e9n Ver\u00edsimo, OP<\/strong><\/p>\n\n\n\n<p class=\"has-text-color has-link-color wp-elements-10 wp-block-paragraph\" style=\"color:#11788c\"><strong>PRIORA GENERAL<\/strong><\/p>\n\n\n\n<p class=\"wp-block-paragraph\"><\/p>\n<\/div>\n\n\n\n<figure class=\"wp-block-embed is-type-video is-provider-youtube wp-block-embed-youtube wp-embed-aspect-16-9 wp-has-aspect-ratio\"><div class=\"wp-block-embed__wrapper\">\n<iframe loading=\"lazy\" title=\"SANT DOMENEC 2026\" width=\"474\" height=\"267\" src=\"https:\/\/www.youtube.com\/embed\/HyMkI48qHLw?feature=oembed\" frameborder=\"0\" allow=\"accelerometer; autoplay; clipboard-write; encrypted-media; gyroscope; picture-in-picture; web-share\" referrerpolicy=\"strict-origin-when-cross-origin\" allowfullscreen><\/iframe>\n<\/div><\/figure>\n\n\n\n<div data-wp-interactive=\"core\/file\" class=\"wp-block-file\"><object data-wp-bind--hidden=\"!state.hasPdfPreview\" hidden class=\"wp-block-file__embed\" data=\"https:\/\/dominicasanunciata.org\/wp-content\/uploads\/2026\/08\/SANT-DOMENEC-2026.pdf\" type=\"application\/pdf\" style=\"width:100%;height:600px\" aria-label=\"Incrustaci\u00f3 del fitxer SANT DOMENEC 2026.\"><\/object><a id=\"wp-block-file--media-4a182e1e-2c7f-4f00-a088-3006187b2258\" href=\"https:\/\/dominicasanunciata.org\/wp-content\/uploads\/2026\/08\/SANT-DOMENEC-2026.pdf\">SANT DOMENEC 2026<\/a><a href=\"https:\/\/dominicasanunciata.org\/wp-content\/uploads\/2026\/08\/SANT-DOMENEC-2026.pdf\" class=\"wp-block-file__button wp-element-button\" download aria-describedby=\"wp-block-file--media-4a182e1e-2c7f-4f00-a088-3006187b2258\">Descarga<\/a><\/div>\n","protected":false},"excerpt":{"rendered":"<p>Estimades germanes i estimats amics, Bona festa! Enguany recordem el lloc on es va iniciar aquest gran projecte de D\u00e9u per a l&#8217;Esgl\u00e9sia i per al m\u00f3n a trav\u00e9s de sant Dom\u00e8nec de Guzm\u00e0. \u00c9s aqu\u00ed on sant Dom\u00e8nec va tenir una visi\u00f3 molt important: mentre pregava, va veure els dos grans Ap\u00f2stols: sant Pere, &hellip; <a href=\"https:\/\/dominicasanunciata.org\/ca\/felicitacio-per-la-festa-de-sant-domenec-de-guzma\/\" class=\"more-link\">Continue reading <span class=\"screen-reader-text\">FELICITACI\u00d3 PER LA FESTA DE SANT DOM\u00c8NEC DE GUZM\u00c0<\/span> <span class=\"meta-nav\">&rarr;<\/span><\/a><\/p>\n","protected":false},"author":7,"featured_media":73001,"comment_status":"open","ping_status":"closed","sticky":false,"template":"","format":"standard","meta":{"footnotes":""},"categories":[35,1],"tags":[],"class_list":["post-72994","post","type-post","status-publish","format-standard","has-post-thumbnail","hentry","category-new-ca","category-sin-categoria"],"yoast_head":"<!-- This site is optimized with the Yoast SEO plugin v28.3 - https:\/\/yoast.com\/product\/yoast-seo-wordpress\/ -->\n<title>FELICITACI\u00d3 PER LA FESTA DE SANT DOM\u00c8NEC DE GUZM\u00c0 - Dominicas de la Anunciata<\/title>\n<meta name=\"robots\" content=\"index, follow, max-snippet:-1, max-image-preview:large, max-video-preview:-1\" \/>\n<link rel=\"canonical\" href=\"https:\/\/dominicasanunciata.org\/ca\/felicitacio-per-la-festa-de-sant-domenec-de-guzma\/\" \/>\n<meta property=\"og:locale\" content=\"ca_ES\" \/>\n<meta property=\"og:type\" content=\"article\" \/>\n<meta property=\"og:title\" content=\"FELICITACI\u00d3 PER LA FESTA DE SANT DOM\u00c8NEC DE GUZM\u00c0 - Dominicas de la Anunciata\" \/>\n<meta property=\"og:description\" content=\"Estimades germanes i estimats amics, Bona festa! Enguany recordem el lloc on es va iniciar aquest gran projecte de D\u00e9u per a l&#8217;Esgl\u00e9sia i per al m\u00f3n a trav\u00e9s de sant Dom\u00e8nec de Guzm\u00e0. \u00c9s aqu\u00ed on sant Dom\u00e8nec va tenir una visi\u00f3 molt important: mentre pregava, va veure els dos grans Ap\u00f2stols: sant Pere, &hellip; Continue reading FELICITACI\u00d3 PER LA FESTA DE SANT DOM\u00c8NEC DE GUZM\u00c0 &rarr;\" \/>\n<meta property=\"og:url\" content=\"https:\/\/dominicasanunciata.org\/ca\/felicitacio-per-la-festa-de-sant-domenec-de-guzma\/\" \/>\n<meta property=\"og:site_name\" content=\"Dominicas de la Anunciata\" \/>\n<meta property=\"article:published_time\" content=\"2026-08-07T13:03:10+00:00\" \/>\n<meta property=\"article:modified_time\" content=\"2026-08-07T14:11:31+00:00\" \/>\n<meta property=\"og:image\" content=\"https:\/\/dominicasanunciata.org\/wp-content\/uploads\/2026\/08\/Captura-de-pantalla-2026-08-07-143659.png\" \/>\n\t<meta property=\"og:image:width\" content=\"962\" \/>\n\t<meta property=\"og:image:height\" content=\"542\" \/>\n\t<meta property=\"og:image:type\" content=\"image\/png\" \/>\n<meta name=\"author\" content=\"glecy\" \/>\n<meta name=\"twitter:card\" content=\"summary_large_image\" \/>\n<meta name=\"twitter:label1\" content=\"Escrit per\" \/>\n\t<meta name=\"twitter:data1\" content=\"glecy\" \/>\n\t<meta name=\"twitter:label2\" content=\"Temps estimat de lectura\" \/>\n\t<meta name=\"twitter:data2\" content=\"2 minuts\" \/>\n<script type=\"application\/ld+json\" class=\"yoast-schema-graph\">{\"@context\":\"https:\\\/\\\/schema.org\",\"@graph\":[{\"@type\":\"Article\",\"@id\":\"https:\\\/\\\/dominicasanunciata.org\\\/ca\\\/felicitacio-per-la-festa-de-sant-domenec-de-guzma\\\/#article\",\"isPartOf\":{\"@id\":\"https:\\\/\\\/dominicasanunciata.org\\\/ca\\\/felicitacio-per-la-festa-de-sant-domenec-de-guzma\\\/\"},\"author\":{\"name\":\"glecy\",\"@id\":\"https:\\\/\\\/dominicasanunciata.org\\\/#\\\/schema\\\/person\\\/06415c634679ba29db3c825f669e7596\"},\"headline\":\"FELICITACI\u00d3 PER LA FESTA DE SANT DOM\u00c8NEC DE GUZM\u00c0\",\"datePublished\":\"2026-08-07T13:03:10+00:00\",\"dateModified\":\"2026-08-07T14:11:31+00:00\",\"mainEntityOfPage\":{\"@id\":\"https:\\\/\\\/dominicasanunciata.org\\\/ca\\\/felicitacio-per-la-festa-de-sant-domenec-de-guzma\\\/\"},\"wordCount\":241,\"commentCount\":0,\"image\":{\"@id\":\"https:\\\/\\\/dominicasanunciata.org\\\/ca\\\/felicitacio-per-la-festa-de-sant-domenec-de-guzma\\\/#primaryimage\"},\"thumbnailUrl\":\"https:\\\/\\\/dominicasanunciata.org\\\/wp-content\\\/uploads\\\/2026\\\/08\\\/Captura-de-pantalla-2026-08-07-143659.png\",\"articleSection\":[\"New\",\"Sin categor\u00eda\"],\"inLanguage\":\"ca\",\"potentialAction\":[{\"@type\":\"CommentAction\",\"name\":\"Comment\",\"target\":[\"https:\\\/\\\/dominicasanunciata.org\\\/ca\\\/felicitacio-per-la-festa-de-sant-domenec-de-guzma\\\/#respond\"]}]},{\"@type\":\"WebPage\",\"@id\":\"https:\\\/\\\/dominicasanunciata.org\\\/ca\\\/felicitacio-per-la-festa-de-sant-domenec-de-guzma\\\/\",\"url\":\"https:\\\/\\\/dominicasanunciata.org\\\/ca\\\/felicitacio-per-la-festa-de-sant-domenec-de-guzma\\\/\",\"name\":\"FELICITACI\u00d3 PER LA FESTA DE SANT DOM\u00c8NEC DE GUZM\u00c0 - Dominicas de la Anunciata\",\"isPartOf\":{\"@id\":\"https:\\\/\\\/dominicasanunciata.org\\\/#website\"},\"primaryImageOfPage\":{\"@id\":\"https:\\\/\\\/dominicasanunciata.org\\\/ca\\\/felicitacio-per-la-festa-de-sant-domenec-de-guzma\\\/#primaryimage\"},\"image\":{\"@id\":\"https:\\\/\\\/dominicasanunciata.org\\\/ca\\\/felicitacio-per-la-festa-de-sant-domenec-de-guzma\\\/#primaryimage\"},\"thumbnailUrl\":\"https:\\\/\\\/dominicasanunciata.org\\\/wp-content\\\/uploads\\\/2026\\\/08\\\/Captura-de-pantalla-2026-08-07-143659.png\",\"datePublished\":\"2026-08-07T13:03:10+00:00\",\"dateModified\":\"2026-08-07T14:11:31+00:00\",\"author\":{\"@id\":\"https:\\\/\\\/dominicasanunciata.org\\\/#\\\/schema\\\/person\\\/06415c634679ba29db3c825f669e7596\"},\"breadcrumb\":{\"@id\":\"https:\\\/\\\/dominicasanunciata.org\\\/ca\\\/felicitacio-per-la-festa-de-sant-domenec-de-guzma\\\/#breadcrumb\"},\"inLanguage\":\"ca\",\"potentialAction\":[{\"@type\":\"ReadAction\",\"target\":[\"https:\\\/\\\/dominicasanunciata.org\\\/ca\\\/felicitacio-per-la-festa-de-sant-domenec-de-guzma\\\/\"]}]},{\"@type\":\"ImageObject\",\"inLanguage\":\"ca\",\"@id\":\"https:\\\/\\\/dominicasanunciata.org\\\/ca\\\/felicitacio-per-la-festa-de-sant-domenec-de-guzma\\\/#primaryimage\",\"url\":\"https:\\\/\\\/dominicasanunciata.org\\\/wp-content\\\/uploads\\\/2026\\\/08\\\/Captura-de-pantalla-2026-08-07-143659.png\",\"contentUrl\":\"https:\\\/\\\/dominicasanunciata.org\\\/wp-content\\\/uploads\\\/2026\\\/08\\\/Captura-de-pantalla-2026-08-07-143659.png\",\"width\":962,\"height\":542},{\"@type\":\"BreadcrumbList\",\"@id\":\"https:\\\/\\\/dominicasanunciata.org\\\/ca\\\/felicitacio-per-la-festa-de-sant-domenec-de-guzma\\\/#breadcrumb\",\"itemListElement\":[{\"@type\":\"ListItem\",\"position\":1,\"name\":\"Portada\",\"item\":\"https:\\\/\\\/dominicasanunciata.org\\\/\"},{\"@type\":\"ListItem\",\"position\":2,\"name\":\"FELICITACI\u00d3 PER LA FESTA DE SANT DOM\u00c8NEC DE GUZM\u00c0\"}]},{\"@type\":\"WebSite\",\"@id\":\"https:\\\/\\\/dominicasanunciata.org\\\/#website\",\"url\":\"https:\\\/\\\/dominicasanunciata.org\\\/\",\"name\":\"Dominicas de la Anunciata\",\"description\":\"Dominicas de la Anunciata\",\"potentialAction\":[{\"@type\":\"SearchAction\",\"target\":{\"@type\":\"EntryPoint\",\"urlTemplate\":\"https:\\\/\\\/dominicasanunciata.org\\\/?s={search_term_string}\"},\"query-input\":{\"@type\":\"PropertyValueSpecification\",\"valueRequired\":true,\"valueName\":\"search_term_string\"}}],\"inLanguage\":\"ca\"},{\"@type\":\"Person\",\"@id\":\"https:\\\/\\\/dominicasanunciata.org\\\/#\\\/schema\\\/person\\\/06415c634679ba29db3c825f669e7596\",\"name\":\"glecy\",\"image\":{\"@type\":\"ImageObject\",\"inLanguage\":\"ca\",\"@id\":\"https:\\\/\\\/secure.gravatar.com\\\/avatar\\\/e488e7ceada4edbd029a1f8c9b1a3018a6d9519486d1af49ad228f33f9ec5d69?s=96&d=mm&r=g\",\"url\":\"https:\\\/\\\/secure.gravatar.com\\\/avatar\\\/e488e7ceada4edbd029a1f8c9b1a3018a6d9519486d1af49ad228f33f9ec5d69?s=96&d=mm&r=g\",\"contentUrl\":\"https:\\\/\\\/secure.gravatar.com\\\/avatar\\\/e488e7ceada4edbd029a1f8c9b1a3018a6d9519486d1af49ad228f33f9ec5d69?s=96&d=mm&r=g\",\"caption\":\"glecy\"},\"url\":\"https:\\\/\\\/dominicasanunciata.org\\\/ca\\\/author\\\/glecy\\\/\"}]}<\/script>\n<!-- \/ Yoast SEO plugin. -->","yoast_head_json":{"title":"FELICITACI\u00d3 PER LA FESTA DE SANT DOM\u00c8NEC DE GUZM\u00c0 - Dominicas de la Anunciata","robots":{"index":"index","follow":"follow","max-snippet":"max-snippet:-1","max-image-preview":"max-image-preview:large","max-video-preview":"max-video-preview:-1"},"canonical":"https:\/\/dominicasanunciata.org\/ca\/felicitacio-per-la-festa-de-sant-domenec-de-guzma\/","og_locale":"ca_ES","og_type":"article","og_title":"FELICITACI\u00d3 PER LA FESTA DE SANT DOM\u00c8NEC DE GUZM\u00c0 - Dominicas de la Anunciata","og_description":"Estimades germanes i estimats amics, Bona festa! Enguany recordem el lloc on es va iniciar aquest gran projecte de D\u00e9u per a l&#8217;Esgl\u00e9sia i per al m\u00f3n a trav\u00e9s de sant Dom\u00e8nec de Guzm\u00e0. \u00c9s aqu\u00ed on sant Dom\u00e8nec va tenir una visi\u00f3 molt important: mentre pregava, va veure els dos grans Ap\u00f2stols: sant Pere, &hellip; Continue reading FELICITACI\u00d3 PER LA FESTA DE SANT DOM\u00c8NEC DE GUZM\u00c0 &rarr;","og_url":"https:\/\/dominicasanunciata.org\/ca\/felicitacio-per-la-festa-de-sant-domenec-de-guzma\/","og_site_name":"Dominicas de la Anunciata","article_published_time":"2026-08-07T13:03:10+00:00","article_modified_time":"2026-08-07T14:11:31+00:00","og_image":[{"width":962,"height":542,"url":"https:\/\/dominicasanunciata.org\/wp-content\/uploads\/2026\/08\/Captura-de-pantalla-2026-08-07-143659.png","type":"image\/png"}],"author":"glecy","twitter_card":"summary_large_image","twitter_misc":{"Escrit per":"glecy","Temps estimat de lectura":"2 minuts"},"schema":{"@context":"https:\/\/schema.org","@graph":[{"@type":"Article","@id":"https:\/\/dominicasanunciata.org\/ca\/felicitacio-per-la-festa-de-sant-domenec-de-guzma\/#article","isPartOf":{"@id":"https:\/\/dominicasanunciata.org\/ca\/felicitacio-per-la-festa-de-sant-domenec-de-guzma\/"},"author":{"name":"glecy","@id":"https:\/\/dominicasanunciata.org\/#\/schema\/person\/06415c634679ba29db3c825f669e7596"},"headline":"FELICITACI\u00d3 PER LA FESTA DE SANT DOM\u00c8NEC DE GUZM\u00c0","datePublished":"2026-08-07T13:03:10+00:00","dateModified":"2026-08-07T14:11:31+00:00","mainEntityOfPage":{"@id":"https:\/\/dominicasanunciata.org\/ca\/felicitacio-per-la-festa-de-sant-domenec-de-guzma\/"},"wordCount":241,"commentCount":0,"image":{"@id":"https:\/\/dominicasanunciata.org\/ca\/felicitacio-per-la-festa-de-sant-domenec-de-guzma\/#primaryimage"},"thumbnailUrl":"https:\/\/dominicasanunciata.org\/wp-content\/uploads\/2026\/08\/Captura-de-pantalla-2026-08-07-143659.png","articleSection":["New","Sin categor\u00eda"],"inLanguage":"ca","potentialAction":[{"@type":"CommentAction","name":"Comment","target":["https:\/\/dominicasanunciata.org\/ca\/felicitacio-per-la-festa-de-sant-domenec-de-guzma\/#respond"]}]},{"@type":"WebPage","@id":"https:\/\/dominicasanunciata.org\/ca\/felicitacio-per-la-festa-de-sant-domenec-de-guzma\/","url":"https:\/\/dominicasanunciata.org\/ca\/felicitacio-per-la-festa-de-sant-domenec-de-guzma\/","name":"FELICITACI\u00d3 PER LA FESTA DE SANT DOM\u00c8NEC DE GUZM\u00c0 - Dominicas de la Anunciata","isPartOf":{"@id":"https:\/\/dominicasanunciata.org\/#website"},"primaryImageOfPage":{"@id":"https:\/\/dominicasanunciata.org\/ca\/felicitacio-per-la-festa-de-sant-domenec-de-guzma\/#primaryimage"},"image":{"@id":"https:\/\/dominicasanunciata.org\/ca\/felicitacio-per-la-festa-de-sant-domenec-de-guzma\/#primaryimage"},"thumbnailUrl":"https:\/\/dominicasanunciata.org\/wp-content\/uploads\/2026\/08\/Captura-de-pantalla-2026-08-07-143659.png","datePublished":"2026-08-07T13:03:10+00:00","dateModified":"2026-08-07T14:11:31+00:00","author":{"@id":"https:\/\/dominicasanunciata.org\/#\/schema\/person\/06415c634679ba29db3c825f669e7596"},"breadcrumb":{"@id":"https:\/\/dominicasanunciata.org\/ca\/felicitacio-per-la-festa-de-sant-domenec-de-guzma\/#breadcrumb"},"inLanguage":"ca","potentialAction":[{"@type":"ReadAction","target":["https:\/\/dominicasanunciata.org\/ca\/felicitacio-per-la-festa-de-sant-domenec-de-guzma\/"]}]},{"@type":"ImageObject","inLanguage":"ca","@id":"https:\/\/dominicasanunciata.org\/ca\/felicitacio-per-la-festa-de-sant-domenec-de-guzma\/#primaryimage","url":"https:\/\/dominicasanunciata.org\/wp-content\/uploads\/2026\/08\/Captura-de-pantalla-2026-08-07-143659.png","contentUrl":"https:\/\/dominicasanunciata.org\/wp-content\/uploads\/2026\/08\/Captura-de-pantalla-2026-08-07-143659.png","width":962,"height":542},{"@type":"BreadcrumbList","@id":"https:\/\/dominicasanunciata.org\/ca\/felicitacio-per-la-festa-de-sant-domenec-de-guzma\/#breadcrumb","itemListElement":[{"@type":"ListItem","position":1,"name":"Portada","item":"https:\/\/dominicasanunciata.org\/"},{"@type":"ListItem","position":2,"name":"FELICITACI\u00d3 PER LA FESTA DE SANT DOM\u00c8NEC DE GUZM\u00c0"}]},{"@type":"WebSite","@id":"https:\/\/dominicasanunciata.org\/#website","url":"https:\/\/dominicasanunciata.org\/","name":"Dominicas de la Anunciata","description":"Dominicas de la Anunciata","potentialAction":[{"@type":"SearchAction","target":{"@type":"EntryPoint","urlTemplate":"https:\/\/dominicasanunciata.org\/?s={search_term_string}"},"query-input":{"@type":"PropertyValueSpecification","valueRequired":true,"valueName":"search_term_string"}}],"inLanguage":"ca"},{"@type":"Person","@id":"https:\/\/dominicasanunciata.org\/#\/schema\/person\/06415c634679ba29db3c825f669e7596","name":"glecy","image":{"@type":"ImageObject","inLanguage":"ca","@id":"https:\/\/secure.gravatar.com\/avatar\/e488e7ceada4edbd029a1f8c9b1a3018a6d9519486d1af49ad228f33f9ec5d69?s=96&d=mm&r=g","url":"https:\/\/secure.gravatar.com\/avatar\/e488e7ceada4edbd029a1f8c9b1a3018a6d9519486d1af49ad228f33f9ec5d69?s=96&d=mm&r=g","contentUrl":"https:\/\/secure.gravatar.com\/avatar\/e488e7ceada4edbd029a1f8c9b1a3018a6d9519486d1af49ad228f33f9ec5d69?s=96&d=mm&r=g","caption":"glecy"},"url":"https:\/\/dominicasanunciata.org\/ca\/author\/glecy\/"}]}},"_links":{"self":[{"href":"https:\/\/dominicasanunciata.org\/ca\/wp-json\/wp\/v2\/posts\/72994","targetHints":{"allow":["GET"]}}],"collection":[{"href":"https:\/\/dominicasanunciata.org\/ca\/wp-json\/wp\/v2\/posts"}],"about":[{"href":"https:\/\/dominicasanunciata.org\/ca\/wp-json\/wp\/v2\/types\/post"}],"author":[{"embeddable":true,"href":"https:\/\/dominicasanunciata.org\/ca\/wp-json\/wp\/v2\/users\/7"}],"replies":[{"embeddable":true,"href":"https:\/\/dominicasanunciata.org\/ca\/wp-json\/wp\/v2\/comments?post=72994"}],"version-history":[{"count":3,"href":"https:\/\/dominicasanunciata.org\/ca\/wp-json\/wp\/v2\/posts\/72994\/revisions"}],"predecessor-version":[{"id":73014,"href":"https:\/\/dominicasanunciata.org\/ca\/wp-json\/wp\/v2\/posts\/72994\/revisions\/73014"}],"wp:featuredmedia":[{"embeddable":true,"href":"https:\/\/dominicasanunciata.org\/ca\/wp-json\/wp\/v2\/media\/73001"}],"wp:attachment":[{"href":"https:\/\/dominicasanunciata.org\/ca\/wp-json\/wp\/v2\/media?parent=72994"}],"wp:term":[{"taxonomy":"category","embeddable":true,"href":"https:\/\/dominicasanunciata.org\/ca\/wp-json\/wp\/v2\/categories?post=72994"},{"taxonomy":"post_tag","embeddable":true,"href":"https:\/\/dominicasanunciata.org\/ca\/wp-json\/wp\/v2\/tags?post=72994"}],"curies":[{"name":"wp","href":"https:\/\/api.w.org\/{rel}","templated":true}]}}